{"id":287,"date":"2015-04-13T17:58:02","date_gmt":"2015-04-13T15:58:02","guid":{"rendered":"http:\/\/centcols.org\/backup\/?p=287"},"modified":"2015-06-09T11:36:11","modified_gmt":"2015-06-09T09:36:11","slug":"concentration-2011-adraen","status":"publish","type":"post","link":"https:\/\/centcols.org\/backup\/concentration-2011-adraen\/","title":{"rendered":"Concentration des Cent Cols du Languedoc-Roussillon &#8220;Souvenir Michel Bernardini&#8221; le 28 aout 2011 \u00e0 Adra\u00e9n (Alt Urgell, Province de Lleida, Catalogne, Espagne)"},"content":{"rendered":"<h2>Les photos<\/h2>\n<p><a class=\"iframe-fancybox\" href=\"http:\/\/centcols.net\/util\/visuAlbum.php?album=06028-003\" target=\"_blank\">1ere partie<\/a><\/p>\n<p><a class=\"iframe-fancybox\" href=\"http:\/\/centcols.net\/util\/visuAlbum.php?album=01419-002\" target=\"_blank\">2e partie<\/a><\/p>\n<p><a class=\"iframe-fancybox\" href=\"http:\/\/centcols.net\/util\/visuAlbum.php?album=05173-002\" target=\"_blank\">3e partie<\/a><\/p>\n<h2>Le compte-rendu<\/h2>\n<p>Dire qu\u2019adh\u00e9rer \u00e0 la confr\u00e9rie des Cent Cols nous permet de voir du pays n\u2019est pas une litote.<\/p>\n<p>En effet, le 28 aout 2011, pour la traditionnelle sortie Bernardini, organis\u00e9e par Ren\u00e9 Marty, j\u2019aurai mis mes roues (de voiture) dans pas moins de trois pays avant de poser celles de mon v\u00e9lo \u00e0 Adraen en Catalogne. Eh oui, j\u2019aurai travers\u00e9 deux d\u00e9partement fran\u00e7ais, l\u2019Andorre dans sa totalit\u00e9 et me serai avanc\u00e9 de quelques dizaines de kilom\u00e8tres en Espagne.<\/p>\n<p>La Serra (en Catalan ou Sierra en Castillan \u2013 source Mario Labelle) del Cadi sera notre terrain de jeux de la journ\u00e9e. Et quel terrain, puisque nous franchirons 11 cols dont 5 \u00e0 plus de 2000 dans des paysages sublimes sous un soleil magnifique.<\/p>\n<p>Fred Singla 5173<\/p>\n<h2>Le parcours<\/h2>\n<p>ADRAEN \/ CARTE de l\u2019ICC n\u00b04\u00a0 ALT\u00a0 URGELL<br \/>\nCoordonn\u00e9es : 46 80 &#8211; 3 75 &#8211; 25 &#8211; 31<\/p>\n<p>Le 28 ao\u00fbt 2011.<br \/>\nD\u00e9part d&#8217;Adraen \u00e0 9 heures.<br \/>\nPr\u00e9voir environ 7 heures et 1600 m de d\u00e9nivel\u00e9 total positif.<br \/>\nRepas tir\u00e9 du sac.<\/p>\n<p>10 cols pourront \u00eatre franchis dont 5 &gt; 2000 :<br \/>\nES-L-1804 Collada del Pelat<br \/>\nES-L-2029 Coll del Pradell<br \/>\nES-L-2026\u00a0 Coll de Bacanella<br \/>\nES-L-2016 Pla dels Gosolans<br \/>\nES-L-2389 Portell del Cadi<br \/>\nES-L-2055\u00a0 Coll del Pla de l\u2019Orri<br \/>\nES-L-1811 Collet de Vacanella<br \/>\nES-L-1489a Coll de la Gent (de Laguent ou Lag\u00e9n)<br \/>\nES-L-1464 Coll de l\u2019Endurant<br \/>\nES-L-1435 Coll de Creus<\/p>\n<p>Circuit globalement en aller-retour, plus facile que le circuit 2010, avec des points de vue tout \u00e0 faits exceptionnels notamment sur la massif de Pedraforca.<\/p>\n<p>Carte : Alpina Serra del Cad\u00ed-Pedraforca au 1\/25000\u00e8me<\/p>\n<p>Ren\u00e9 MARTY\u00a0 <a href=\"m&#97;ilto&#58;re&#110;e&#45;m&#97;&#114;&#116;&#121;&#49;1&#64;&#111;&#114;&#97;&#110;g&#101;.&#102;r\">&#114;en&#101;&#45;m&#97;rt&#121;&#49;1&#64;or&#97;&#110;&#103;&#101;&#46;&#102;r<\/a><\/p>\n","protected":false},"excerpt":{"rendered":"<p>Les photos 1ere partie 2e partie 3e partie Le compte-rendu Dire qu\u2019adh\u00e9rer \u00e0 la confr\u00e9rie des Cent Cols nous permet de voir du pays n\u2019est pas une litote. En effet, le 28 aout 2011, pour la traditionnelle sortie Bernardini, organis\u00e9e par Ren\u00e9 Marty, j\u2019aurai mis mes roues (de voiture) dans pas moins de trois pays [&hellip;]<\/p>\n","protected":false},"author":2001,"featured_media":0,"comment_status":"closed","ping_status":"closed","sticky":false,"template":"","format":"standard","meta":{"_acf_changed":false,"ub_ctt_via":"","_monsterinsights_skip_tracking":false,"_monsterinsights_sitenote_active":false,"_monsterinsights_sitenote_note":"","_monsterinsights_sitenote_category":0,"footnotes":""},"categories":[9,7],"tags":[],"acf":[],"featured_image_urls":{"full":"","thumbnail":"","medium":"","medium_large":"","large":"","1536x1536":"","2048x2048":"","woocommerce_thumbnail":"","woocommerce_single":"","woocommerce_gallery_thumbnail":""},"post_excerpt_stackable":"<p>Les photos 1ere partie 2e partie 3e partie Le compte-rendu Dire qu\u2019adh\u00e9rer \u00e0 la confr\u00e9rie des Cent Cols nous permet de voir du pays n\u2019est pas une litote. En effet, le 28 aout 2011, pour la traditionnelle sortie Bernardini, organis\u00e9e par Ren\u00e9 Marty, j\u2019aurai mis mes roues (de voiture) dans pas moins de trois pays avant de poser celles de mon v\u00e9lo \u00e0 Adraen en Catalogne. Eh oui, j\u2019aurai travers\u00e9 deux d\u00e9partement fran\u00e7ais, l\u2019Andorre dans sa totalit\u00e9 et me serai avanc\u00e9 de quelques dizaines de kilom\u00e8tres en Espagne. La Serra (en Catalan ou Sierra en Castillan \u2013 source Mario Labelle)\u2026<\/p>\n","category_list":"<a href=\"https:\/\/centcols.org\/backup\/categorie\/rassemblements\/rassemblements-2011\/\" rel=\"category tag\">Les rassemblements de 2011<\/a>, <a href=\"https:\/\/centcols.org\/backup\/categorie\/rassemblements\/\" rel=\"category tag\">Rencontres r\u00e9gionales<\/a>","author_info":{"display_name":"Webmestre","author_link":"https:\/\/centcols.org\/backup\/author\/webmestre\/"},"comments_num":"0 commentaire","featured_image_urls_v2":{"full":"","thumbnail":"","medium":"","medium_large":"","large":"","1536x1536":"","2048x2048":"","woocommerce_thumbnail":"","woocommerce_single":"","woocommerce_gallery_thumbnail":""},"post_excerpt_stackable_v2":"<p>Les photos 1ere partie 2e partie 3e partie Le compte-rendu Dire qu\u2019adh\u00e9rer \u00e0 la confr\u00e9rie des Cent Cols nous permet de voir du pays n\u2019est pas une litote. En effet, le 28 aout 2011, pour la traditionnelle sortie Bernardini, organis\u00e9e par Ren\u00e9 Marty, j\u2019aurai mis mes roues (de voiture) dans pas moins de trois pays avant de poser celles de mon v\u00e9lo \u00e0 Adraen en Catalogne. Eh oui, j\u2019aurai travers\u00e9 deux d\u00e9partement fran\u00e7ais, l\u2019Andorre dans sa totalit\u00e9 et me serai avanc\u00e9 de quelques dizaines de kilom\u00e8tres en Espagne. La Serra (en Catalan ou Sierra en Castillan \u2013 source Mario Labelle)\u2026<\/p>\n","category_list_v2":"<a href=\"https:\/\/centcols.org\/backup\/categorie\/rassemblements\/rassemblements-2011\/\" rel=\"category tag\">Les rassemblements de 2011<\/a>, <a href=\"https:\/\/centcols.org\/backup\/categorie\/rassemblements\/\" rel=\"category tag\">Rencontres r\u00e9gionales<\/a>","author_info_v2":{"name":"Webmestre","url":"https:\/\/centcols.org\/backup\/author\/webmestre\/"},"comments_num_v2":"0 commentaire","featured_image_src":null,"_links":{"self":[{"href":"https:\/\/centcols.org\/backup\/wp-json\/wp\/v2\/posts\/287"}],"collection":[{"href":"https:\/\/centcols.org\/backup\/wp-json\/wp\/v2\/posts"}],"about":[{"href":"https:\/\/centcols.org\/backup\/wp-json\/wp\/v2\/types\/post"}],"author":[{"embeddable":true,"href":"https:\/\/centcols.org\/backup\/wp-json\/wp\/v2\/users\/2001"}],"replies":[{"embeddable":true,"href":"https:\/\/centcols.org\/backup\/wp-json\/wp\/v2\/comments?post=287"}],"version-history":[{"count":0,"href":"https:\/\/centcols.org\/backup\/wp-json\/wp\/v2\/posts\/287\/revisions"}],"wp:attachment":[{"href":"https:\/\/centcols.org\/backup\/wp-json\/wp\/v2\/media?parent=287"}],"wp:term":[{"taxonomy":"category","embeddable":true,"href":"https:\/\/centcols.org\/backup\/wp-json\/wp\/v2\/categories?post=287"},{"taxonomy":"post_tag","embeddable":true,"href":"https:\/\/centcols.org\/backup\/wp-json\/wp\/v2\/tags?post=287"}],"curies":[{"name":"wp","href":"https:\/\/api.w.org\/{rel}","templated":true}]}}