{"id":288,"date":"2015-04-13T18:04:33","date_gmt":"2015-04-13T16:04:33","guid":{"rendered":"http:\/\/centcols.org\/backup\/?p=288"},"modified":"2015-06-09T11:35:58","modified_gmt":"2015-06-09T09:35:58","slug":"concentration-2011-fontbelle","status":"publish","type":"post","link":"https:\/\/centcols.org\/backup\/concentration-2011-fontbelle\/","title":{"rendered":"Concentration Cent Cols dans les Alpes du Sud &#8220;souvenir Roland GRIMAUD&#8221; Le dimanche 28 aout 2011 au col de Fontbelle (FR-04-1304a)"},"content":{"rendered":"<h2>Les photos<\/h2>\n<p><a class=\"iframe-fancybox\" href=\"http:\/\/centcols.net\/util\/visuAlbum.php?album=03199-001\" target=\"_blank\">1ere partie<\/a><\/p>\n<p><a class=\"iframe-fancybox\" href=\"http:\/\/centcols.net\/util\/visuAlbum.php?album=06516-001\" target=\"_blank\">2e partie<\/a><\/p>\n<p><a class=\"iframe-fancybox\" href=\"http:\/\/centcols.net\/util\/visuAlbum.php?album=06512-001\" target=\"_blank\">3e partie<\/a><\/p>\n<p><a class=\"iframe-fancybox\" href=\"http:\/\/centcols.net\/util\/visuAlbum.php?album=05650-007\" target=\"_blank\">4e partie<\/a><\/p>\n<p><a class=\"iframe-fancybox\" href=\"http:\/\/centcols.net\/util\/visuAlbum.php?album=05650-007\" target=\"_blank\">5e partie<\/a><\/p>\n<p><a class=\"iframe-fancybox\" href=\"http:\/\/centcols.net\/util\/visuAlbum.php?album=05178-001\" target=\"_blank\">6e partie<\/a><\/p>\n<h2>Le parcours<\/h2>\n<p>Rendez-vous au col de Fontbelle (<a class=\"iframe-fancybox\" href=\"https:\/\/centcols.org\/backup\/util\/geo\/visuGP.php?c=4130401\" target=\"_blank\">FR-04-1304a<\/a>) \u00e0 partir de 11h30.<\/p>\n<p>&#8211; 2 parcours routiers avec 3 ou 6 cols (88 ou 100 km) : FR-04-0814, FR-04-1304a, FR-04-1234b et variante avec FR-04-0904, FR-04-0886, FR-04-0691. D\u00e9parts \u00e0 d\u00e9finir entre les cyclos pour rdv \u00e0 12h00 au col de Fontbelle.<\/p>\n<p>&#8211; 2 parcours VTT avec 4 ou 5 cols (17 ou 26 km) au d\u00e9part du col de Fontbelle vers 13h30. FR-04-1249, FR-04-1225a, FR-04-1236b, FR-04-1234 en variante et FR-04-1304a.<\/p>\n<p>Un parcours p\u00e9destre accompagn\u00e9 est pr\u00e9vu l&#8217;apr\u00e8s-midi, d\u00e9part vers 13h30.<\/p>\n<p>Repas tir\u00e9 du sac \u00e0 12h00.<\/p>\n<h3>Contact<\/h3>\n<p>Jean BERNAUER<br \/>\nEmail :<a href=\"mailt&#111;:&#106;ean&#46;b&#101;&#114;nauer&#64;or&#97;nge&#46;f&#114;\">j&#101;an.be&#114;&#110;&#97;u&#101;&#114;&#64;o&#114;ange&#46;fr<\/a><\/p>\n<h2>Article de presse<\/h2>\n<p><a href=\"https:\/\/centcols.org\/backup\/wp-content\/uploads\/2015\/04\/La-Provence-01-09-2011.jpg\"><img loading=\"lazy\" decoding=\"async\" class=\"alignnone size-medium wp-image-289\" src=\"https:\/\/centcols.org\/backup\/wp-content\/uploads\/2015\/04\/La-Provence-01-09-2011-500x290.jpg\" alt=\"La-Provence-01-09-2011\" width=\"500\" height=\"290\" srcset=\"https:\/\/centcols.org\/backup\/wp-content\/uploads\/2015\/04\/La-Provence-01-09-2011-500x290.jpg 500w, https:\/\/centcols.org\/backup\/wp-content\/uploads\/2015\/04\/La-Provence-01-09-2011-600x348.jpg 600w, https:\/\/centcols.org\/backup\/wp-content\/uploads\/2015\/04\/La-Provence-01-09-2011.jpg 1000w\" sizes=\"(max-width: 500px) 100vw, 500px\" \/><\/a><\/p>\n<p>&nbsp;<\/p>\n","protected":false},"excerpt":{"rendered":"<p>Les photos 1ere partie 2e partie 3e partie 4e partie 5e partie 6e partie Le parcours Rendez-vous au col de Fontbelle (FR-04-1304a) \u00e0 partir de 11h30. &#8211; 2 parcours routiers avec 3 ou 6 cols (88 ou 100 km) : FR-04-0814, FR-04-1304a, FR-04-1234b et variante avec FR-04-0904, FR-04-0886, FR-04-0691. D\u00e9parts \u00e0 d\u00e9finir entre les cyclos [&hellip;]<\/p>\n","protected":false},"author":2001,"featured_media":0,"comment_status":"closed","ping_status":"closed","sticky":false,"template":"","format":"standard","meta":{"_acf_changed":false,"ub_ctt_via":"","_monsterinsights_skip_tracking":false,"_monsterinsights_sitenote_active":false,"_monsterinsights_sitenote_note":"","_monsterinsights_sitenote_category":0,"footnotes":""},"categories":[9,7],"tags":[],"acf":[],"featured_image_urls":{"full":"","thumbnail":"","medium":"","medium_large":"","large":"","1536x1536":"","2048x2048":"","woocommerce_thumbnail":"","woocommerce_single":"","woocommerce_gallery_thumbnail":""},"post_excerpt_stackable":"<p>Les photos 1ere partie 2e partie 3e partie 4e partie 5e partie 6e partie Le parcours Rendez-vous au col de Fontbelle (FR-04-1304a) \u00e0 partir de 11h30. &#8211; 2 parcours routiers avec 3 ou 6 cols (88 ou 100 km) : FR-04-0814, FR-04-1304a, FR-04-1234b et variante avec FR-04-0904, FR-04-0886, FR-04-0691. D\u00e9parts \u00e0 d\u00e9finir entre les cyclos pour rdv \u00e0 12h00 au col de Fontbelle. &#8211; 2 parcours VTT avec 4 ou 5 cols (17 ou 26 km) au d\u00e9part du col de Fontbelle vers 13h30. FR-04-1249, FR-04-1225a, FR-04-1236b, FR-04-1234 en variante et FR-04-1304a. Un parcours p\u00e9destre accompagn\u00e9 est pr\u00e9vu l&#8217;apr\u00e8s-midi, d\u00e9part\u2026<\/p>\n","category_list":"<a href=\"https:\/\/centcols.org\/backup\/categorie\/rassemblements\/rassemblements-2011\/\" rel=\"category tag\">Les rassemblements de 2011<\/a>, <a href=\"https:\/\/centcols.org\/backup\/categorie\/rassemblements\/\" rel=\"category tag\">Rencontres r\u00e9gionales<\/a>","author_info":{"display_name":"Webmestre","author_link":"https:\/\/centcols.org\/backup\/author\/webmestre\/"},"comments_num":"0 commentaire","featured_image_urls_v2":{"full":"","thumbnail":"","medium":"","medium_large":"","large":"","1536x1536":"","2048x2048":"","woocommerce_thumbnail":"","woocommerce_single":"","woocommerce_gallery_thumbnail":""},"post_excerpt_stackable_v2":"<p>Les photos 1ere partie 2e partie 3e partie 4e partie 5e partie 6e partie Le parcours Rendez-vous au col de Fontbelle (FR-04-1304a) \u00e0 partir de 11h30. &#8211; 2 parcours routiers avec 3 ou 6 cols (88 ou 100 km) : FR-04-0814, FR-04-1304a, FR-04-1234b et variante avec FR-04-0904, FR-04-0886, FR-04-0691. D\u00e9parts \u00e0 d\u00e9finir entre les cyclos pour rdv \u00e0 12h00 au col de Fontbelle. &#8211; 2 parcours VTT avec 4 ou 5 cols (17 ou 26 km) au d\u00e9part du col de Fontbelle vers 13h30. FR-04-1249, FR-04-1225a, FR-04-1236b, FR-04-1234 en variante et FR-04-1304a. Un parcours p\u00e9destre accompagn\u00e9 est pr\u00e9vu l&#8217;apr\u00e8s-midi, d\u00e9part\u2026<\/p>\n","category_list_v2":"<a href=\"https:\/\/centcols.org\/backup\/categorie\/rassemblements\/rassemblements-2011\/\" rel=\"category tag\">Les rassemblements de 2011<\/a>, <a href=\"https:\/\/centcols.org\/backup\/categorie\/rassemblements\/\" rel=\"category tag\">Rencontres r\u00e9gionales<\/a>","author_info_v2":{"name":"Webmestre","url":"https:\/\/centcols.org\/backup\/author\/webmestre\/"},"comments_num_v2":"0 commentaire","featured_image_src":null,"_links":{"self":[{"href":"https:\/\/centcols.org\/backup\/wp-json\/wp\/v2\/posts\/288"}],"collection":[{"href":"https:\/\/centcols.org\/backup\/wp-json\/wp\/v2\/posts"}],"about":[{"href":"https:\/\/centcols.org\/backup\/wp-json\/wp\/v2\/types\/post"}],"author":[{"embeddable":true,"href":"https:\/\/centcols.org\/backup\/wp-json\/wp\/v2\/users\/2001"}],"replies":[{"embeddable":true,"href":"https:\/\/centcols.org\/backup\/wp-json\/wp\/v2\/comments?post=288"}],"version-history":[{"count":0,"href":"https:\/\/centcols.org\/backup\/wp-json\/wp\/v2\/posts\/288\/revisions"}],"wp:attachment":[{"href":"https:\/\/centcols.org\/backup\/wp-json\/wp\/v2\/media?parent=288"}],"wp:term":[{"taxonomy":"category","embeddable":true,"href":"https:\/\/centcols.org\/backup\/wp-json\/wp\/v2\/categories?post=288"},{"taxonomy":"post_tag","embeddable":true,"href":"https:\/\/centcols.org\/backup\/wp-json\/wp\/v2\/tags?post=288"}],"curies":[{"name":"wp","href":"https:\/\/api.w.org\/{rel}","templated":true}]}}