{"id":291,"date":"2015-04-14T09:08:04","date_gmt":"2015-04-14T07:08:04","guid":{"rendered":"http:\/\/centcols.org\/backup\/?p=291"},"modified":"2015-06-09T11:35:23","modified_gmt":"2015-06-09T09:35:23","slug":"concentration-2011-col-louviero","status":"publish","type":"post","link":"https:\/\/centcols.org\/backup\/concentration-2011-col-louviero\/","title":{"rendered":"Concentration r\u00e9gionale des Cent Cols en Pyr\u00e9n\u00e9es Dimanche 2 octobre 2011 au Col de la Louvi\u00e8ro (FR-11-0599)"},"content":{"rendered":"<h2>Les photos<\/h2>\n<p><a class=\"iframe-fancybox\" href=\"http:\/\/centcols.net\/util\/visuAlbum.php?album=03674-002\" target=\"_blank\">Voir les photos<\/a><\/p>\n<h2>Pr\u00e9sentation<\/h2>\n<p>Dimanche 02 octobre 2011 &#8211; Concentration r\u00e9gionale &#8220;Cent Cols&#8221; en Pyr\u00e9n\u00e9es.<\/p>\n<p>Jumel\u00e9e avec la Concentration de l\u2019Ordre des &#8220;Cols Durs&#8221;.<\/p>\n<p>De 10h \u00e0 13h au Col de la Louvi\u00e8ro (<a class=\"iframe-fancybox\" href=\"https:\/\/centcols.org\/backup\/util\/geo\/visuGP.php?c=11059900\" target=\"_blank\">FR-11-0599<\/a>) \u2013 IGN : 72-2346E-(051)-006.<\/p>\n<h3>Contact<\/h3>\n<p>Alain GILLODES &#8211; <a href=\"&#109;ailt&#111;&#58;&#97;l&#97;i&#110;&#46;&#103;&#105;l&#108;ode&#115;&#64;&#111;&#114;an&#103;&#101;.&#102;&#114;\">&#97;lain.&#103;i&#108;l&#111;d&#101;&#115;&#64;o&#114;&#97;n&#103;e&#46;f&#114;<\/a><\/p>\n<h2>Article de presse<\/h2>\n<p><a href=\"https:\/\/centcols.org\/backup\/wp-content\/uploads\/2015\/04\/cyclotourisme-12-2011.jpg\"><img loading=\"lazy\" decoding=\"async\" class=\"alignnone size-medium wp-image-292\" src=\"https:\/\/centcols.org\/backup\/wp-content\/uploads\/2015\/04\/cyclotourisme-12-2011-395x500.jpg\" alt=\"cyclotourisme-12-2011\" width=\"395\" height=\"500\" srcset=\"https:\/\/centcols.org\/backup\/wp-content\/uploads\/2015\/04\/cyclotourisme-12-2011-395x500.jpg 395w, https:\/\/centcols.org\/backup\/wp-content\/uploads\/2015\/04\/cyclotourisme-12-2011-600x760.jpg 600w, https:\/\/centcols.org\/backup\/wp-content\/uploads\/2015\/04\/cyclotourisme-12-2011.jpg 800w\" sizes=\"(max-width: 395px) 100vw, 395px\" \/><\/a><\/p>\n","protected":false},"excerpt":{"rendered":"<p>Les photos Voir les photos Pr\u00e9sentation Dimanche 02 octobre 2011 &#8211; Concentration r\u00e9gionale &#8220;Cent Cols&#8221; en Pyr\u00e9n\u00e9es. Jumel\u00e9e avec la Concentration de l\u2019Ordre des &#8220;Cols Durs&#8221;. De 10h \u00e0 13h au Col de la Louvi\u00e8ro (FR-11-0599) \u2013 IGN : 72-2346E-(051)-006. Contact Alain GILLODES &#8211; Article de presse<\/p>\n","protected":false},"author":2001,"featured_media":0,"comment_status":"closed","ping_status":"closed","sticky":false,"template":"","format":"standard","meta":{"_acf_changed":false,"ub_ctt_via":"","_monsterinsights_skip_tracking":false,"_monsterinsights_sitenote_active":false,"_monsterinsights_sitenote_note":"","_monsterinsights_sitenote_category":0,"footnotes":""},"categories":[9,7],"tags":[],"acf":[],"featured_image_urls":{"full":"","thumbnail":"","medium":"","medium_large":"","large":"","1536x1536":"","2048x2048":"","woocommerce_thumbnail":"","woocommerce_single":"","woocommerce_gallery_thumbnail":""},"post_excerpt_stackable":"<p>Les photos Voir les photos Pr\u00e9sentation Dimanche 02 octobre 2011 &#8211; Concentration r\u00e9gionale &#8220;Cent Cols&#8221; en Pyr\u00e9n\u00e9es. Jumel\u00e9e avec la Concentration de l\u2019Ordre des &#8220;Cols Durs&#8221;. De 10h \u00e0 13h au Col de la Louvi\u00e8ro (FR-11-0599) \u2013 IGN : 72-2346E-(051)-006. Contact Alain GILLODES &#8211; &#97;l&#97;&#105;n.gillode&#115;&#64;&#111;r&#97;nge.f&#114; Article de presse<\/p>\n","category_list":"<a href=\"https:\/\/centcols.org\/backup\/categorie\/rassemblements\/rassemblements-2011\/\" rel=\"category tag\">Les rassemblements de 2011<\/a>, <a href=\"https:\/\/centcols.org\/backup\/categorie\/rassemblements\/\" rel=\"category tag\">Rencontres r\u00e9gionales<\/a>","author_info":{"display_name":"Webmestre","author_link":"https:\/\/centcols.org\/backup\/author\/webmestre\/"},"comments_num":"0 commentaire","featured_image_urls_v2":{"full":"","thumbnail":"","medium":"","medium_large":"","large":"","1536x1536":"","2048x2048":"","woocommerce_thumbnail":"","woocommerce_single":"","woocommerce_gallery_thumbnail":""},"post_excerpt_stackable_v2":"<p>Les photos Voir les photos Pr\u00e9sentation Dimanche 02 octobre 2011 &#8211; Concentration r\u00e9gionale &#8220;Cent Cols&#8221; en Pyr\u00e9n\u00e9es. Jumel\u00e9e avec la Concentration de l\u2019Ordre des &#8220;Cols Durs&#8221;. De 10h \u00e0 13h au Col de la Louvi\u00e8ro (FR-11-0599) \u2013 IGN : 72-2346E-(051)-006. Contact Alain GILLODES &#8211; a&#108;&#97;in.g&#105;llod&#101;&#115;&#64;&#111;r&#97;&#110;g&#101;.&#102;r Article de presse<\/p>\n","category_list_v2":"<a href=\"https:\/\/centcols.org\/backup\/categorie\/rassemblements\/rassemblements-2011\/\" rel=\"category tag\">Les rassemblements de 2011<\/a>, <a href=\"https:\/\/centcols.org\/backup\/categorie\/rassemblements\/\" rel=\"category tag\">Rencontres r\u00e9gionales<\/a>","author_info_v2":{"name":"Webmestre","url":"https:\/\/centcols.org\/backup\/author\/webmestre\/"},"comments_num_v2":"0 commentaire","featured_image_src":null,"_links":{"self":[{"href":"https:\/\/centcols.org\/backup\/wp-json\/wp\/v2\/posts\/291"}],"collection":[{"href":"https:\/\/centcols.org\/backup\/wp-json\/wp\/v2\/posts"}],"about":[{"href":"https:\/\/centcols.org\/backup\/wp-json\/wp\/v2\/types\/post"}],"author":[{"embeddable":true,"href":"https:\/\/centcols.org\/backup\/wp-json\/wp\/v2\/users\/2001"}],"replies":[{"embeddable":true,"href":"https:\/\/centcols.org\/backup\/wp-json\/wp\/v2\/comments?post=291"}],"version-history":[{"count":0,"href":"https:\/\/centcols.org\/backup\/wp-json\/wp\/v2\/posts\/291\/revisions"}],"wp:attachment":[{"href":"https:\/\/centcols.org\/backup\/wp-json\/wp\/v2\/media?parent=291"}],"wp:term":[{"taxonomy":"category","embeddable":true,"href":"https:\/\/centcols.org\/backup\/wp-json\/wp\/v2\/categories?post=291"},{"taxonomy":"post_tag","embeddable":true,"href":"https:\/\/centcols.org\/backup\/wp-json\/wp\/v2\/tags?post=291"}],"curies":[{"name":"wp","href":"https:\/\/api.w.org\/{rel}","templated":true}]}}