{"id":293,"date":"2015-04-14T09:12:18","date_gmt":"2015-04-14T07:12:18","guid":{"rendered":"http:\/\/centcols.org\/backup\/?p=293"},"modified":"2015-06-09T11:34:02","modified_gmt":"2015-06-09T09:34:02","slug":"concentration-2012-col-esse","status":"publish","type":"post","link":"https:\/\/centcols.org\/backup\/concentration-2012-col-esse\/","title":{"rendered":"Concentration r\u00e9gionale Cent Cols Val de Loire au col de l&#8217;Esse Mardi 1er mai 2012"},"content":{"rendered":"<h2>Les photos<\/h2>\n<p><a class=\"iframe-fancybox\" href=\"http:\/\/centcols.net\/util\/visuAlbum.php?album=00396-001\" target=\"_blank\">Voir les photos<\/a><\/p>\n<h2>Pr\u00e9sentation et parcours<\/h2>\n<p>Rendez-vous directement au col de l&#8217;Esse (<a class=\"iframe-fancybox\" href=\"https:\/\/centcols.org\/backup\/util\/geo\/visuGP.php?code=FR-45-0133\" target=\"_blank\">FR-45-0133<\/a>) \u00e0 partir de 11h ou \u00e0 9h Boulevard Porte Madeleine \u00e0 Jargeau (20 km \u00e0 l&#8217;Est d&#8217;Orl\u00e9ans) pour un d\u00e9part group\u00e9.<\/p>\n<p>Attention : Ce col est non-goudronn\u00e9 mais un tr\u00e8s bon R1 parfaitement cyclable avec une randonneuse.<\/p>\n<p>Repas tir\u00e9 du sac.<\/p>\n<h3>Contact<\/h3>\n<p>Maryvonne Driard-Terrier\u00a0\u00a0\u00a0 +33 (0)2.38.83.83.01\u00a0\u00a0\u00a0 <a href=\"m&#97;&#105;&#108;&#116;&#111;&#58;m&#97;r&#121;vo&#110;n&#101;&#116;e&#114;&#114;&#105;&#101;r&#64;h&#111;tma&#105;&#108;&#46;fr\">m&#97;&#114;yv&#111;nne&#116;err&#105;e&#114;&#64;ho&#116;ma&#105;&#108;&#46;fr<\/a><\/p>\n","protected":false},"excerpt":{"rendered":"<p>Les photos Voir les photos Pr\u00e9sentation et parcours Rendez-vous directement au col de l&#8217;Esse (FR-45-0133) \u00e0 partir de 11h ou \u00e0 9h Boulevard Porte Madeleine \u00e0 Jargeau (20 km \u00e0 l&#8217;Est d&#8217;Orl\u00e9ans) pour un d\u00e9part group\u00e9. Attention : Ce col est non-goudronn\u00e9 mais un tr\u00e8s bon R1 parfaitement cyclable avec une randonneuse. Repas tir\u00e9 du [&hellip;]<\/p>\n","protected":false},"author":2001,"featured_media":0,"comment_status":"closed","ping_status":"closed","sticky":false,"template":"","format":"standard","meta":{"_acf_changed":false,"ub_ctt_via":"","_monsterinsights_skip_tracking":false,"_monsterinsights_sitenote_active":false,"_monsterinsights_sitenote_note":"","_monsterinsights_sitenote_category":0,"footnotes":""},"categories":[10,7],"tags":[],"acf":[],"featured_image_urls":{"full":"","thumbnail":"","medium":"","medium_large":"","large":"","1536x1536":"","2048x2048":"","woocommerce_thumbnail":"","woocommerce_single":"","woocommerce_gallery_thumbnail":""},"post_excerpt_stackable":"<p>Les photos Voir les photos Pr\u00e9sentation et parcours Rendez-vous directement au col de l&#8217;Esse (FR-45-0133) \u00e0 partir de 11h ou \u00e0 9h Boulevard Porte Madeleine \u00e0 Jargeau (20 km \u00e0 l&#8217;Est d&#8217;Orl\u00e9ans) pour un d\u00e9part group\u00e9. Attention : Ce col est non-goudronn\u00e9 mais un tr\u00e8s bon R1 parfaitement cyclable avec une randonneuse. Repas tir\u00e9 du sac. Contact Maryvonne Driard-Terrier\u00a0\u00a0\u00a0 +33 (0)2.38.83.83.01\u00a0\u00a0\u00a0 &#109;ary&#118;&#111;&#110;n&#101;t&#101;&#114;r&#105;er&#64;&#104;&#111;&#116;m&#97;&#105;&#108;.&#102;r<\/p>\n","category_list":"<a href=\"https:\/\/centcols.org\/backup\/categorie\/rassemblements\/rassemblements-2012\/\" rel=\"category tag\">Les rassemblements de 2012<\/a>, <a href=\"https:\/\/centcols.org\/backup\/categorie\/rassemblements\/\" rel=\"category tag\">Rencontres r\u00e9gionales<\/a>","author_info":{"display_name":"Webmestre","author_link":"https:\/\/centcols.org\/backup\/author\/webmestre\/"},"comments_num":"0 commentaire","featured_image_urls_v2":{"full":"","thumbnail":"","medium":"","medium_large":"","large":"","1536x1536":"","2048x2048":"","woocommerce_thumbnail":"","woocommerce_single":"","woocommerce_gallery_thumbnail":""},"post_excerpt_stackable_v2":"<p>Les photos Voir les photos Pr\u00e9sentation et parcours Rendez-vous directement au col de l&#8217;Esse (FR-45-0133) \u00e0 partir de 11h ou \u00e0 9h Boulevard Porte Madeleine \u00e0 Jargeau (20 km \u00e0 l&#8217;Est d&#8217;Orl\u00e9ans) pour un d\u00e9part group\u00e9. Attention : Ce col est non-goudronn\u00e9 mais un tr\u00e8s bon R1 parfaitement cyclable avec une randonneuse. Repas tir\u00e9 du sac. Contact Maryvonne Driard-Terrier\u00a0\u00a0\u00a0 +33 (0)2.38.83.83.01\u00a0\u00a0\u00a0 &#109;&#97;r&#121;v&#111;&#110;&#110;eterrier&#64;h&#111;t&#109;ail.fr<\/p>\n","category_list_v2":"<a href=\"https:\/\/centcols.org\/backup\/categorie\/rassemblements\/rassemblements-2012\/\" rel=\"category tag\">Les rassemblements de 2012<\/a>, <a href=\"https:\/\/centcols.org\/backup\/categorie\/rassemblements\/\" rel=\"category tag\">Rencontres r\u00e9gionales<\/a>","author_info_v2":{"name":"Webmestre","url":"https:\/\/centcols.org\/backup\/author\/webmestre\/"},"comments_num_v2":"0 commentaire","featured_image_src":null,"_links":{"self":[{"href":"https:\/\/centcols.org\/backup\/wp-json\/wp\/v2\/posts\/293"}],"collection":[{"href":"https:\/\/centcols.org\/backup\/wp-json\/wp\/v2\/posts"}],"about":[{"href":"https:\/\/centcols.org\/backup\/wp-json\/wp\/v2\/types\/post"}],"author":[{"embeddable":true,"href":"https:\/\/centcols.org\/backup\/wp-json\/wp\/v2\/users\/2001"}],"replies":[{"embeddable":true,"href":"https:\/\/centcols.org\/backup\/wp-json\/wp\/v2\/comments?post=293"}],"version-history":[{"count":0,"href":"https:\/\/centcols.org\/backup\/wp-json\/wp\/v2\/posts\/293\/revisions"}],"wp:attachment":[{"href":"https:\/\/centcols.org\/backup\/wp-json\/wp\/v2\/media?parent=293"}],"wp:term":[{"taxonomy":"category","embeddable":true,"href":"https:\/\/centcols.org\/backup\/wp-json\/wp\/v2\/categories?post=293"},{"taxonomy":"post_tag","embeddable":true,"href":"https:\/\/centcols.org\/backup\/wp-json\/wp\/v2\/tags?post=293"}],"curies":[{"name":"wp","href":"https:\/\/api.w.org\/{rel}","templated":true}]}}