{"id":294,"date":"2015-04-14T09:17:45","date_gmt":"2015-04-14T07:17:45","guid":{"rendered":"http:\/\/centcols.org\/backup\/?p=294"},"modified":"2015-06-09T11:33:48","modified_gmt":"2015-06-09T09:33:48","slug":"concentration-2012-col-ballon","status":"publish","type":"post","link":"https:\/\/centcols.org\/backup\/concentration-2012-col-ballon\/","title":{"rendered":"Concentration r\u00e9gionale Cent Cols de l\u2019Est au Col du Ballon Samedi 12 mai 2012"},"content":{"rendered":"<h2>Les photos<\/h2>\n<p><a class=\"iframe-fancybox\" href=\"http:\/\/centcols.net\/util\/visuAlbum.php?album=06785-007\" target=\"_blank\">1ere partie<\/a><\/p>\n<p><a class=\"iframe-fancybox\" href=\"http:\/\/centcols.net\/util\/visuAlbum.php?album=04906-002\" target=\"_blank\">2e partie<\/a><\/p>\n<h2>Pr\u00e9sentation<\/h2>\n<p>Rassemblement au Col du Ballon (Ballon d&#8217;Alsace) \/ <a class=\"iframe-fancybox\" title=\"col du ballon\" href=\"https:\/\/centcols.org\/backup\/util\/geo\/visuGP.php?code=FR-88-1171http:\/\/\" target=\"_blank\">FR-88-1171<\/a> \u00e0 partir de 11h pour partager le fromage et le verre de l\u2019amiti\u00e9.<\/p>\n<p>Un circuit routier et deux circuits VTT sont pr\u00e9vus; pour les v\u00e9t\u00e9tistes une petite sortie est pr\u00e9vue le dimanche.<\/p>\n<p>Casse-cro\u00fbte tir\u00e9 du sac pour samedi et dimanche.<\/p>\n<p>Jean-Christophe Braumann vous attendra :<\/p>\n<p>Pour ceux venant de Sewen : Avant la bifurcation de Belfort.<br \/>\nPour ceux venant de Belfort : Bifurquer direction Sewen.<br \/>\nPour ceux venant du Ballon d\u2019Alsace : Descendre puis tourner \u00e0 gauche direction Sewen.<\/p>\n<h3>Contact<\/h3>\n<a href=\"&#109;a&#105;lt&#111;&#58;&#106;&#101;an-&#99;&#104;ri&#115;&#116;&#111;p&#104;&#101;.&#98;&#114;&#97;&#117;man&#110;&#64;&#119;&#97;&#110;&#97;d&#111;&#111;.&#102;&#114;\">je&#97;&#110;-&#99;&#104;&#114;i&#115;&#116;&#111;p&#104;e&#46;b&#114;&#97;umann&#64;w&#97;&#110;&#97;&#100;oo.f&#114;<\/a>\n<h2>Fichiers de G\u00e9olocalisation<\/h2>\n<h3>Circuit Route<\/h3>\n<p><a href=\"http:\/\/centcols.net\/les_rendez-vous\/2012\/Est\/route_gmr_global.jpg\" target=\"_blank\">Carte du circuit sur fond relief Google Maps<\/a><\/p>\n<p><a href=\"https:\/\/centcols.org\/backup\/wp-content\/uploads\/2015\/04\/route_gms_global.jpg\" target=\"_blank\">Carte du circuit sur fond satellite Google Maps<\/a><\/p>\n<p><a href=\"http:\/\/centcols.net\/les_rendez-vous\/2012\/Est\/route.kml\" target=\"_blank\">Fichier Google Earth (KML) du circuit<\/a><\/p>\n<p><a href=\"http:\/\/centcols.net\/les_rendez-vous\/2012\/Est\/route_rte.gpx\" target=\"_blank\">Fichier GPX Route du circuit<\/a><\/p>\n<h3>Circuit VTT 1<\/h3>\n<p><a href=\"https:\/\/centcols.org\/backup\/wp-content\/uploads\/2015\/04\/vtt1_gmr_global.jpg\" target=\"_blank\">Carte du circuit sur fond relief Google Maps<\/a><\/p>\n<p><a class=\"iframe-fancybox\" href=\"https:\/\/centcols.org\/backup\/wp-content\/uploads\/2015\/04\/vtt1_gmr_n.jpg\" target=\"_blank\">Zoom Nord<\/a><\/p>\n<p><a class=\"iframe-fancybox\" href=\"https:\/\/centcols.org\/backup\/wp-content\/uploads\/2015\/04\/vtt1_gmr_s.jpg\" target=\"_blank\">Zoom Sud<\/a><\/p>\n<p><a class=\"iframe-fancybox\" href=\"http:\/\/centcols.net\/les_rendez-vous\/2012\/Est\/vtt.kml\" target=\"_blank\">Fichier Google Earth (KML) du circuit<\/a><\/p>\n<p><a class=\"iframe-fancybox\" title=\"fichier gpx de circuit\" href=\"http:\/\/centcols.net\/les_rendez-vous\/2012\/Est\/vtt1_rte.gpx\" target=\"_blank\">Fichier GPX Route du circuit<\/a><\/p>\n<h3>Circuit VTT 2<\/h3>\n<p><a class=\"iframe-fancybox\" title=\"circuit vtt\" href=\"https:\/\/centcols.org\/backup\/wp-content\/uploads\/2015\/04\/vtt2_gmr_global.jpg\" target=\"_blank\">Carte du circuit sur fond relief Google Maps<\/a><\/p>\n<p><a class=\"iframe-fancybox\" title=\"zoom nord\" href=\"https:\/\/centcols.org\/backup\/wp-content\/uploads\/2015\/04\/vtt2_gmr_n.jpg\" target=\"_blank\">Zoom Nord<\/a><\/p>\n<p><a class=\"iframe-fancybox\" title=\"zoom sud-est\" href=\"https:\/\/centcols.org\/backup\/wp-content\/uploads\/2015\/04\/vtt2_gmr_se.jpg\" target=\"_blank\">Zoom Sud-Est<\/a><\/p>\n<p><a class=\"iframe-fancybox\" title=\"zoom sud-ouest\" href=\"https:\/\/centcols.org\/backup\/wp-content\/uploads\/2015\/04\/vtt2_gmr_sw.jpg\" target=\"_blank\">Zoom Sud-Ouest<\/a><\/p>\n<p><a class=\"iframe-fancybox\" title=\"circuit vtt avec fond satellite\" href=\"https:\/\/centcols.org\/backup\/wp-content\/uploads\/2015\/04\/vtt2_gms_global.jpg\" target=\"_blank\">Carte du circuit sur fond satellite Google Maps<\/a><\/p>\n<p><a class=\"iframe-fancybox\" href=\"http:\/\/centcols.net\/les_rendez-vous\/2012\/Est\/vtt2.kml\" target=\"_blank\">Fichier Google Earth (KML) du circuit<\/a><\/p>\n<p><a class=\"iframe-fancybox\" href=\"http:\/\/centcols.net\/les_rendez-vous\/2012\/Est\/vtt2_rte.gpx\" target=\"_blank\">Fichier GPX Route du circuit<\/a><\/p>\n","protected":false},"excerpt":{"rendered":"<p>Les photos 1ere partie 2e partie Pr\u00e9sentation Rassemblement au Col du Ballon (Ballon d&#8217;Alsace) \/ FR-88-1171 \u00e0 partir de 11h pour partager le fromage et le verre de l\u2019amiti\u00e9. Un circuit routier et deux circuits VTT sont pr\u00e9vus; pour les v\u00e9t\u00e9tistes une petite sortie est pr\u00e9vue le dimanche. Casse-cro\u00fbte tir\u00e9 du sac pour samedi et [&hellip;]<\/p>\n","protected":false},"author":2001,"featured_media":0,"comment_status":"closed","ping_status":"closed","sticky":false,"template":"","format":"standard","meta":{"_acf_changed":false,"ub_ctt_via":"","_monsterinsights_skip_tracking":false,"_monsterinsights_sitenote_active":false,"_monsterinsights_sitenote_note":"","_monsterinsights_sitenote_category":0,"footnotes":""},"categories":[10,7],"tags":[],"acf":[],"featured_image_urls":{"full":"","thumbnail":"","medium":"","medium_large":"","large":"","1536x1536":"","2048x2048":"","woocommerce_thumbnail":"","woocommerce_single":"","woocommerce_gallery_thumbnail":""},"post_excerpt_stackable":"<p>Les photos 1ere partie 2e partie Pr\u00e9sentation Rassemblement au Col du Ballon (Ballon d&#8217;Alsace) \/ FR-88-1171 \u00e0 partir de 11h pour partager le fromage et le verre de l\u2019amiti\u00e9. Un circuit routier et deux circuits VTT sont pr\u00e9vus; pour les v\u00e9t\u00e9tistes une petite sortie est pr\u00e9vue le dimanche. Casse-cro\u00fbte tir\u00e9 du sac pour samedi et dimanche. Jean-Christophe Braumann vous attendra : Pour ceux venant de Sewen : Avant la bifurcation de Belfort. Pour ceux venant de Belfort : Bifurquer direction Sewen. Pour ceux venant du Ballon d\u2019Alsace : Descendre puis tourner \u00e0 gauche direction Sewen. Contact j&#101;an-c&#104;r&#105;&#115;&#116;o&#112;&#104;e&#46;b&#114;au&#109;a&#110;n&#64;&#119;a&#110;a&#100;o&#111;&#46;f&#114; Fichiers de G\u00e9olocalisation\u2026<\/p>\n","category_list":"<a href=\"https:\/\/centcols.org\/backup\/categorie\/rassemblements\/rassemblements-2012\/\" rel=\"category tag\">Les rassemblements de 2012<\/a>, <a href=\"https:\/\/centcols.org\/backup\/categorie\/rassemblements\/\" rel=\"category tag\">Rencontres r\u00e9gionales<\/a>","author_info":{"display_name":"Webmestre","author_link":"https:\/\/centcols.org\/backup\/author\/webmestre\/"},"comments_num":"0 commentaire","featured_image_urls_v2":{"full":"","thumbnail":"","medium":"","medium_large":"","large":"","1536x1536":"","2048x2048":"","woocommerce_thumbnail":"","woocommerce_single":"","woocommerce_gallery_thumbnail":""},"post_excerpt_stackable_v2":"<p>Les photos 1ere partie 2e partie Pr\u00e9sentation Rassemblement au Col du Ballon (Ballon d&#8217;Alsace) \/ FR-88-1171 \u00e0 partir de 11h pour partager le fromage et le verre de l\u2019amiti\u00e9. Un circuit routier et deux circuits VTT sont pr\u00e9vus; pour les v\u00e9t\u00e9tistes une petite sortie est pr\u00e9vue le dimanche. Casse-cro\u00fbte tir\u00e9 du sac pour samedi et dimanche. Jean-Christophe Braumann vous attendra : Pour ceux venant de Sewen : Avant la bifurcation de Belfort. Pour ceux venant de Belfort : Bifurquer direction Sewen. Pour ceux venant du Ballon d\u2019Alsace : Descendre puis tourner \u00e0 gauche direction Sewen. Contact jean&#45;ch&#114;is&#116;&#111;phe.b&#114;a&#117;&#109;ann&#64;&#119;&#97;n&#97;&#100;&#111;&#111;&#46;&#102;r Fichiers de G\u00e9olocalisation\u2026<\/p>\n","category_list_v2":"<a href=\"https:\/\/centcols.org\/backup\/categorie\/rassemblements\/rassemblements-2012\/\" rel=\"category tag\">Les rassemblements de 2012<\/a>, <a href=\"https:\/\/centcols.org\/backup\/categorie\/rassemblements\/\" rel=\"category tag\">Rencontres r\u00e9gionales<\/a>","author_info_v2":{"name":"Webmestre","url":"https:\/\/centcols.org\/backup\/author\/webmestre\/"},"comments_num_v2":"0 commentaire","featured_image_src":null,"_links":{"self":[{"href":"https:\/\/centcols.org\/backup\/wp-json\/wp\/v2\/posts\/294"}],"collection":[{"href":"https:\/\/centcols.org\/backup\/wp-json\/wp\/v2\/posts"}],"about":[{"href":"https:\/\/centcols.org\/backup\/wp-json\/wp\/v2\/types\/post"}],"author":[{"embeddable":true,"href":"https:\/\/centcols.org\/backup\/wp-json\/wp\/v2\/users\/2001"}],"replies":[{"embeddable":true,"href":"https:\/\/centcols.org\/backup\/wp-json\/wp\/v2\/comments?post=294"}],"version-history":[{"count":0,"href":"https:\/\/centcols.org\/backup\/wp-json\/wp\/v2\/posts\/294\/revisions"}],"wp:attachment":[{"href":"https:\/\/centcols.org\/backup\/wp-json\/wp\/v2\/media?parent=294"}],"wp:term":[{"taxonomy":"category","embeddable":true,"href":"https:\/\/centcols.org\/backup\/wp-json\/wp\/v2\/categories?post=294"},{"taxonomy":"post_tag","embeddable":true,"href":"https:\/\/centcols.org\/backup\/wp-json\/wp\/v2\/tags?post=294"}],"curies":[{"name":"wp","href":"https:\/\/api.w.org\/{rel}","templated":true}]}}