{"id":297,"date":"2015-04-14T10:14:48","date_gmt":"2015-04-14T08:14:48","guid":{"rendered":"http:\/\/centcols.org\/backup\/?p=297"},"modified":"2015-06-09T11:33:34","modified_gmt":"2015-06-09T09:33:34","slug":"concentration-2012-col-pozedonne","status":"publish","type":"post","link":"https:\/\/centcols.org\/backup\/concentration-2012-col-pozedonne\/","title":{"rendered":"Concentration r\u00e9gionale Cent Cols en Auvergne au Col de Pozedonne Dimanche 13 mai 2012"},"content":{"rendered":"<h2>Les photos<\/h2>\n<p><a class=\"iframe-fancybox\" href=\"http:\/\/centcols.net\/util\/visuAlbum.php?album=05925-005\" target=\"_blank\">1ere partie<\/a><\/p>\n<p><a class=\"iframe-fancybox\" title=\"photos col de pozedonne\" href=\"http:\/\/centcols.net\/util\/visuAlbum.php?album=02800-001\" target=\"_blank\">2e partie<\/a><\/p>\n<h2>Pr\u00e9sentation du parcours<\/h2>\n<p>Concentration au Col de Pozedonne (<a class=\"iframe-fancybox\" href=\"https:\/\/centcols.org\/backup\/util\/geo\/visuGP.php?code=FR-43-0976\" target=\"_blank\">FR-43-0976<\/a>)<br \/>\nDeux parcours route de 50 \u00e0 80km pour 4 \u00e0 5 cols (avec variantes) et deux parcours VTT de 30 \u00e0 40km pour 2 \u00e0 3 cols.<br \/>\nPetites routes et R1 majoritairement vous feront d\u00e9couvrir une r\u00e9gion originale par sa g\u00e9ologie, son habitat, ses paysages, sa flore et ses nombreux cols g\u00e9ographiques non baptis\u00e9s !<br \/>\nUn grand parcours de 150km est possible avec 2 BPF et 7 cols (dont 3 cols ard\u00e9chois, on n&#8217;emprunte qu&#8217;aux riches !)<br \/>\nVous pouvez t\u00e9l\u00e9charger les feuilles de route des circuits <a class=\"iframe-fancybox\" title=\"circuit v\u00e9lo de route col de Pozedonne\" href=\"https:\/\/centcols.org\/backup\/wp-content\/uploads\/2015\/04\/pozedonne_R5.pdf\" target=\"_blank\">routiers<\/a> et <a class=\"iframe-fancybox\" title=\"circuit vtt col de pozedonne\" href=\"https:\/\/centcols.org\/backup\/wp-content\/uploads\/2015\/04\/pozedonne_V3.pdf\" target=\"_blank\">VTT<\/a>.<br \/>\nLes trac\u00e9s des circuits peuvent \u00eatre visualis\u00e9s sur OpenRunner :\u00a0 <a class=\"iframe-fancybox\" title=\"circuit vtt openrunner\" href=\"http:\/\/www.openrunner.com\/index.php?id=1627924\" target=\"_blank\">V3-moyen<\/a> et <a class=\"iframe-fancybox\" title=\"cicuit v\u00e9lo de route openrunner\" href=\"http:\/\/www.openrunner.com\/index.php?id=1627900\" target=\"_blank\">R5-dur<\/a>. Le premier est est le parcours type mais avec le final route-VTT &#8220;soft&#8221; depuis le Pertuis. Le second est le parcours de base mais qui comporte des variantes \u00e0 2-3-4-5 cols et un final &#8220;hard&#8221; ou &#8220;soft&#8221; du Pertuis \u00e0 Pozedonne, pour chacune des versions.<\/p>\n<p>Venez admirer sucs et gen\u00eats, d\u00e9guster lentilles, saucisson et Verveine du Velay.<br \/>\nSamedi apr\u00e8s-midi Col du Tracol FR-43-0915 VTT ou v\u00e9lo (mais avec 400m de poussage) avec d\u00e9part du hameau du Pr\u00e9 \u00e0 St Maurice de Lignon (25 \u00e0 30km).<\/p>\n<p>En pr\u00e9ambule \u00e0 la concentration, vous pourrez d\u00e9couvrir un site de Haute Loire qui ne fera jamais son entr\u00e9e au Chauvot : c&#8217;est au\u00a0 d\u00e9tour d&#8217;une route peu fr\u00e9quent\u00e9e, entre la vall\u00e9e du Ramel et celle du Lignon, non loin de leur confluent avec la Loire que vous pourrez participer le samedi 12 mai 2012, au hameau du Pr\u00e9, chez Claude et Francine, \u00e0 Saint-Maurice de Lignon, \u00e0 un repas convivial et rural.<\/p>\n<p>Camping \u00e0 St Maurice de Lignon, VVF h\u00f4tels et \u00e0 Yssingeaux.<\/p>\n<h3>Contact<\/h3>\n<p>Claude Mabillot\u00a0\u00a0\u00a0 <a href=\"&#109;&#97;i&#108;&#116;o&#58;m&#97;&#98;&#105;l&#108;o&#116;&#64;fr&#101;e.&#102;&#114;\">&#109;&#97;&#98;&#105;&#108;&#108;&#111;&#116;&#64;&#102;&#114;&#101;e.f&#114;<\/a><\/p>\n<h2>Article de presse<\/h2>\n<p><a href=\"https:\/\/centcols.org\/backup\/wp-content\/uploads\/2015\/04\/pozedonne_article.jpg\"><img loading=\"lazy\" decoding=\"async\" class=\"alignnone size-medium wp-image-298\" src=\"https:\/\/centcols.org\/backup\/wp-content\/uploads\/2015\/04\/pozedonne_article-500x307.jpg\" alt=\"pozedonne_article\" width=\"500\" height=\"307\" srcset=\"https:\/\/centcols.org\/backup\/wp-content\/uploads\/2015\/04\/pozedonne_article-500x307.jpg 500w, https:\/\/centcols.org\/backup\/wp-content\/uploads\/2015\/04\/pozedonne_article-600x368.jpg 600w, https:\/\/centcols.org\/backup\/wp-content\/uploads\/2015\/04\/pozedonne_article.jpg 1200w\" sizes=\"(max-width: 500px) 100vw, 500px\" \/><\/a><\/p>\n<hr \/>\n","protected":false},"excerpt":{"rendered":"<p>Les photos 1ere partie 2e partie Pr\u00e9sentation du parcours Concentration au Col de Pozedonne (FR-43-0976) Deux parcours route de 50 \u00e0 80km pour 4 \u00e0 5 cols (avec variantes) et deux parcours VTT de 30 \u00e0 40km pour 2 \u00e0 3 cols. Petites routes et R1 majoritairement vous feront d\u00e9couvrir une r\u00e9gion originale par sa [&hellip;]<\/p>\n","protected":false},"author":2001,"featured_media":0,"comment_status":"closed","ping_status":"closed","sticky":false,"template":"","format":"standard","meta":{"_acf_changed":false,"ub_ctt_via":"","_monsterinsights_skip_tracking":false,"_monsterinsights_sitenote_active":false,"_monsterinsights_sitenote_note":"","_monsterinsights_sitenote_category":0,"footnotes":""},"categories":[10,7],"tags":[],"acf":[],"featured_image_urls":{"full":"","thumbnail":"","medium":"","medium_large":"","large":"","1536x1536":"","2048x2048":"","woocommerce_thumbnail":"","woocommerce_single":"","woocommerce_gallery_thumbnail":""},"post_excerpt_stackable":"<p>Les photos 1ere partie 2e partie Pr\u00e9sentation du parcours Concentration au Col de Pozedonne (FR-43-0976) Deux parcours route de 50 \u00e0 80km pour 4 \u00e0 5 cols (avec variantes) et deux parcours VTT de 30 \u00e0 40km pour 2 \u00e0 3 cols. Petites routes et R1 majoritairement vous feront d\u00e9couvrir une r\u00e9gion originale par sa g\u00e9ologie, son habitat, ses paysages, sa flore et ses nombreux cols g\u00e9ographiques non baptis\u00e9s ! Un grand parcours de 150km est possible avec 2 BPF et 7 cols (dont 3 cols ard\u00e9chois, on n&#8217;emprunte qu&#8217;aux riches !) Vous pouvez t\u00e9l\u00e9charger les feuilles de route des\u2026<\/p>\n","category_list":"<a href=\"https:\/\/centcols.org\/backup\/categorie\/rassemblements\/rassemblements-2012\/\" rel=\"category tag\">Les rassemblements de 2012<\/a>, <a href=\"https:\/\/centcols.org\/backup\/categorie\/rassemblements\/\" rel=\"category tag\">Rencontres r\u00e9gionales<\/a>","author_info":{"display_name":"Webmestre","author_link":"https:\/\/centcols.org\/backup\/author\/webmestre\/"},"comments_num":"0 commentaire","featured_image_urls_v2":{"full":"","thumbnail":"","medium":"","medium_large":"","large":"","1536x1536":"","2048x2048":"","woocommerce_thumbnail":"","woocommerce_single":"","woocommerce_gallery_thumbnail":""},"post_excerpt_stackable_v2":"<p>Les photos 1ere partie 2e partie Pr\u00e9sentation du parcours Concentration au Col de Pozedonne (FR-43-0976) Deux parcours route de 50 \u00e0 80km pour 4 \u00e0 5 cols (avec variantes) et deux parcours VTT de 30 \u00e0 40km pour 2 \u00e0 3 cols. Petites routes et R1 majoritairement vous feront d\u00e9couvrir une r\u00e9gion originale par sa g\u00e9ologie, son habitat, ses paysages, sa flore et ses nombreux cols g\u00e9ographiques non baptis\u00e9s ! Un grand parcours de 150km est possible avec 2 BPF et 7 cols (dont 3 cols ard\u00e9chois, on n&#8217;emprunte qu&#8217;aux riches !) Vous pouvez t\u00e9l\u00e9charger les feuilles de route des\u2026<\/p>\n","category_list_v2":"<a href=\"https:\/\/centcols.org\/backup\/categorie\/rassemblements\/rassemblements-2012\/\" rel=\"category tag\">Les rassemblements de 2012<\/a>, <a href=\"https:\/\/centcols.org\/backup\/categorie\/rassemblements\/\" rel=\"category tag\">Rencontres r\u00e9gionales<\/a>","author_info_v2":{"name":"Webmestre","url":"https:\/\/centcols.org\/backup\/author\/webmestre\/"},"comments_num_v2":"0 commentaire","featured_image_src":null,"_links":{"self":[{"href":"https:\/\/centcols.org\/backup\/wp-json\/wp\/v2\/posts\/297"}],"collection":[{"href":"https:\/\/centcols.org\/backup\/wp-json\/wp\/v2\/posts"}],"about":[{"href":"https:\/\/centcols.org\/backup\/wp-json\/wp\/v2\/types\/post"}],"author":[{"embeddable":true,"href":"https:\/\/centcols.org\/backup\/wp-json\/wp\/v2\/users\/2001"}],"replies":[{"embeddable":true,"href":"https:\/\/centcols.org\/backup\/wp-json\/wp\/v2\/comments?post=297"}],"version-history":[{"count":0,"href":"https:\/\/centcols.org\/backup\/wp-json\/wp\/v2\/posts\/297\/revisions"}],"wp:attachment":[{"href":"https:\/\/centcols.org\/backup\/wp-json\/wp\/v2\/media?parent=297"}],"wp:term":[{"taxonomy":"category","embeddable":true,"href":"https:\/\/centcols.org\/backup\/wp-json\/wp\/v2\/categories?post=297"},{"taxonomy":"post_tag","embeddable":true,"href":"https:\/\/centcols.org\/backup\/wp-json\/wp\/v2\/tags?post=297"}],"curies":[{"name":"wp","href":"https:\/\/api.w.org\/{rel}","templated":true}]}}