{"id":301,"date":"2015-04-14T10:17:35","date_gmt":"2015-04-14T08:17:35","guid":{"rendered":"http:\/\/centcols.org\/backup\/?p=301"},"modified":"2015-06-09T11:33:17","modified_gmt":"2015-06-09T09:33:17","slug":"concentration-2012-col-serreyrede","status":"publish","type":"post","link":"https:\/\/centcols.org\/backup\/concentration-2012-col-serreyrede\/","title":{"rendered":"Concentration r\u00e9gionale Cent Cols en C\u00e9vennes Col de la Serreyr\u00e8de &#8211; Dimanche 27 mai 2012"},"content":{"rendered":"<p>La Ligue Languedoc-Roussillon lance cette ann\u00e9e la 1\u00e8re \u00e9dition des \u00ab Grimp\u00e9es du Languedoc \u00bb et a choisi le Massif de l\u2019Aigoual et le col de la Serr\u00e8yrede (<a class=\"iframe-fancybox\" title=\"col de la Serr\u00e8yrede\" href=\"https:\/\/centcols.org\/backup\/util\/geo\/visuGP.php?code=FR-30-1299\" target=\"_blank\">FR-30-1299<\/a>) plus particuli\u00e8rement pour lieu de concentration<\/p>\n<p>Le club des Cent cols s\u2019associe \u00e0 cette manifestation orient\u00e9e vers le cyclotourisme en montagne. Les centcolistes et toute personne int\u00e9ress\u00e9e par nos activit\u00e9s seront re\u00e7us sur le stand de Confr\u00e9rie situ\u00e9 \u00e0 proximit\u00e9 du b\u00e2timent abritant l\u2019office de tourisme et le centre d\u2019accueil du Parc National des C\u00e9vennes, dimanche le 27 mai 2012, de 11h \u00e0 13h.<\/p>\n<h3>Contact<\/h3>\n<p>Guy Cambess\u00e9d\u00e8s\u00a0\u00a0\u00a0 +33 (0)4.67.81.10.61\u00a0\u00a0\u00a0 <a href=\"&#109;ail&#116;&#111;:\"><\/a>guy.cambessedes@orange.fr[\/emil]<\/p>\n","protected":false},"excerpt":{"rendered":"<p>La Ligue Languedoc-Roussillon lance cette ann\u00e9e la 1\u00e8re \u00e9dition des \u00ab Grimp\u00e9es du Languedoc \u00bb et a choisi le Massif de l\u2019Aigoual et le col de la Serr\u00e8yrede (FR-30-1299) plus particuli\u00e8rement pour lieu de concentration Le club des Cent cols s\u2019associe \u00e0 cette manifestation orient\u00e9e vers le cyclotourisme en montagne. Les centcolistes et toute personne [&hellip;]<\/p>\n","protected":false},"author":2001,"featured_media":0,"comment_status":"closed","ping_status":"closed","sticky":false,"template":"","format":"standard","meta":{"_acf_changed":false,"ub_ctt_via":"","_monsterinsights_skip_tracking":false,"_monsterinsights_sitenote_active":false,"_monsterinsights_sitenote_note":"","_monsterinsights_sitenote_category":0,"footnotes":""},"categories":[10,7],"tags":[],"acf":[],"featured_image_urls":{"full":"","thumbnail":"","medium":"","medium_large":"","large":"","1536x1536":"","2048x2048":"","woocommerce_thumbnail":"","woocommerce_single":"","woocommerce_gallery_thumbnail":""},"post_excerpt_stackable":"<p>La Ligue Languedoc-Roussillon lance cette ann\u00e9e la 1\u00e8re \u00e9dition des \u00ab Grimp\u00e9es du Languedoc \u00bb et a choisi le Massif de l\u2019Aigoual et le col de la Serr\u00e8yrede (FR-30-1299) plus particuli\u00e8rement pour lieu de concentration Le club des Cent cols s\u2019associe \u00e0 cette manifestation orient\u00e9e vers le cyclotourisme en montagne. Les centcolistes et toute personne int\u00e9ress\u00e9e par nos activit\u00e9s seront re\u00e7us sur le stand de Confr\u00e9rie situ\u00e9 \u00e0 proximit\u00e9 du b\u00e2timent abritant l\u2019office de tourisme et le centre d\u2019accueil du Parc National des C\u00e9vennes, dimanche le 27 mai 2012, de 11h \u00e0 13h. Contact Guy Cambess\u00e9d\u00e8s\u00a0\u00a0\u00a0 +33 (0)4.67.81.10.61\u00a0\u00a0\u00a0 guy.cambessedes@orange.fr[\/emil]<\/p>\n","category_list":"<a href=\"https:\/\/centcols.org\/backup\/categorie\/rassemblements\/rassemblements-2012\/\" rel=\"category tag\">Les rassemblements de 2012<\/a>, <a href=\"https:\/\/centcols.org\/backup\/categorie\/rassemblements\/\" rel=\"category tag\">Rencontres r\u00e9gionales<\/a>","author_info":{"display_name":"Webmestre","author_link":"https:\/\/centcols.org\/backup\/author\/webmestre\/"},"comments_num":"0 commentaire","featured_image_urls_v2":{"full":"","thumbnail":"","medium":"","medium_large":"","large":"","1536x1536":"","2048x2048":"","woocommerce_thumbnail":"","woocommerce_single":"","woocommerce_gallery_thumbnail":""},"post_excerpt_stackable_v2":"<p>La Ligue Languedoc-Roussillon lance cette ann\u00e9e la 1\u00e8re \u00e9dition des \u00ab Grimp\u00e9es du Languedoc \u00bb et a choisi le Massif de l\u2019Aigoual et le col de la Serr\u00e8yrede (FR-30-1299) plus particuli\u00e8rement pour lieu de concentration Le club des Cent cols s\u2019associe \u00e0 cette manifestation orient\u00e9e vers le cyclotourisme en montagne. Les centcolistes et toute personne int\u00e9ress\u00e9e par nos activit\u00e9s seront re\u00e7us sur le stand de Confr\u00e9rie situ\u00e9 \u00e0 proximit\u00e9 du b\u00e2timent abritant l\u2019office de tourisme et le centre d\u2019accueil du Parc National des C\u00e9vennes, dimanche le 27 mai 2012, de 11h \u00e0 13h. Contact Guy Cambess\u00e9d\u00e8s\u00a0\u00a0\u00a0 +33 (0)4.67.81.10.61\u00a0\u00a0\u00a0 guy.cambessedes@orange.fr[\/emil]<\/p>\n","category_list_v2":"<a href=\"https:\/\/centcols.org\/backup\/categorie\/rassemblements\/rassemblements-2012\/\" rel=\"category tag\">Les rassemblements de 2012<\/a>, <a href=\"https:\/\/centcols.org\/backup\/categorie\/rassemblements\/\" rel=\"category tag\">Rencontres r\u00e9gionales<\/a>","author_info_v2":{"name":"Webmestre","url":"https:\/\/centcols.org\/backup\/author\/webmestre\/"},"comments_num_v2":"0 commentaire","featured_image_src":null,"_links":{"self":[{"href":"https:\/\/centcols.org\/backup\/wp-json\/wp\/v2\/posts\/301"}],"collection":[{"href":"https:\/\/centcols.org\/backup\/wp-json\/wp\/v2\/posts"}],"about":[{"href":"https:\/\/centcols.org\/backup\/wp-json\/wp\/v2\/types\/post"}],"author":[{"embeddable":true,"href":"https:\/\/centcols.org\/backup\/wp-json\/wp\/v2\/users\/2001"}],"replies":[{"embeddable":true,"href":"https:\/\/centcols.org\/backup\/wp-json\/wp\/v2\/comments?post=301"}],"version-history":[{"count":0,"href":"https:\/\/centcols.org\/backup\/wp-json\/wp\/v2\/posts\/301\/revisions"}],"wp:attachment":[{"href":"https:\/\/centcols.org\/backup\/wp-json\/wp\/v2\/media?parent=301"}],"wp:term":[{"taxonomy":"category","embeddable":true,"href":"https:\/\/centcols.org\/backup\/wp-json\/wp\/v2\/categories?post=301"},{"taxonomy":"post_tag","embeddable":true,"href":"https:\/\/centcols.org\/backup\/wp-json\/wp\/v2\/tags?post=301"}],"curies":[{"name":"wp","href":"https:\/\/api.w.org\/{rel}","templated":true}]}}