{"id":302,"date":"2015-04-14T10:21:29","date_gmt":"2015-04-14T08:21:29","guid":{"rendered":"http:\/\/centcols.org\/backup\/?p=302"},"modified":"2015-06-09T11:32:59","modified_gmt":"2015-06-09T09:32:59","slug":"concentration-2012-col-sainte-anne","status":"publish","type":"post","link":"https:\/\/centcols.org\/backup\/concentration-2012-col-sainte-anne\/","title":{"rendered":"Concentration r\u00e9gionale Cent Cols Alpes d&#8217;Azur (06-83-13) Col Sainte Anne &#8211; Samedi 2 juin 2012"},"content":{"rendered":"<h2>Les photos<\/h2>\n<p><a class=\"iframe-fancybox\" title=\"photos col de Sainte-Anne\" href=\"http:\/\/centcols.net\/util\/visuAlbum.php?album=04288-001\" target=\"_blank\">Voir les photos<\/a><\/p>\n<h2>Pr\u00e9sentation<\/h2>\n<p>Accueil \u00e0 partir de 11h sur place.<\/p>\n<p>Parcours route et VTT accompagn\u00e9 : d\u00e9part 9h du col Sainte Anne (<a class=\"iframe-fancybox\" title=\"col Sainte Anne\" href=\"https:\/\/centcols.org\/backup\/util\/geo\/visuGP.php?code=FR-06-1546\" target=\"_blank\">FR-06-1546<\/a>)<\/p>\n<p>Route : 8 cols<\/p>\n<p>VTT : 13 ou 21 pour les plus courageux !<\/p>\n<p>Repas tir\u00e9s du sac mais ap\u00e9ro, dessert et caf\u00e9 offerts<\/p>\n<h3>Contact<\/h3>\n<p>Simone Dayn\u00e9\u00a0\u00a0\u00a0 <a href=\"&#109;&#97;&#105;lto&#58;sd&#97;&#121;ne&#64;&#57;o&#110;l&#105;ne&#46;&#102;&#114;\">sd&#97;y&#110;&#101;&#64;9o&#110;l&#105;&#110;e&#46;fr<\/a><\/p>\n","protected":false},"excerpt":{"rendered":"<p>Les photos Voir les photos Pr\u00e9sentation Accueil \u00e0 partir de 11h sur place. Parcours route et VTT accompagn\u00e9 : d\u00e9part 9h du col Sainte Anne (FR-06-1546) Route : 8 cols VTT : 13 ou 21 pour les plus courageux ! Repas tir\u00e9s du sac mais ap\u00e9ro, dessert et caf\u00e9 offerts Contact Simone Dayn\u00e9\u00a0\u00a0\u00a0<\/p>\n","protected":false},"author":2001,"featured_media":0,"comment_status":"closed","ping_status":"closed","sticky":false,"template":"","format":"standard","meta":{"_acf_changed":false,"ub_ctt_via":"","_monsterinsights_skip_tracking":false,"_monsterinsights_sitenote_active":false,"_monsterinsights_sitenote_note":"","_monsterinsights_sitenote_category":0,"footnotes":""},"categories":[10,7],"tags":[],"acf":[],"featured_image_urls":{"full":"","thumbnail":"","medium":"","medium_large":"","large":"","1536x1536":"","2048x2048":"","woocommerce_thumbnail":"","woocommerce_single":"","woocommerce_gallery_thumbnail":""},"post_excerpt_stackable":"<p>Les photos Voir les photos Pr\u00e9sentation Accueil \u00e0 partir de 11h sur place. Parcours route et VTT accompagn\u00e9 : d\u00e9part 9h du col Sainte Anne (FR-06-1546) Route : 8 cols VTT : 13 ou 21 pour les plus courageux ! Repas tir\u00e9s du sac mais ap\u00e9ro, dessert et caf\u00e9 offerts Contact Simone Dayn\u00e9\u00a0\u00a0\u00a0 s&#100;ayne&#64;&#57;o&#110;&#108;&#105;ne.f&#114;<\/p>\n","category_list":"<a href=\"https:\/\/centcols.org\/backup\/categorie\/rassemblements\/rassemblements-2012\/\" rel=\"category tag\">Les rassemblements de 2012<\/a>, <a href=\"https:\/\/centcols.org\/backup\/categorie\/rassemblements\/\" rel=\"category tag\">Rencontres r\u00e9gionales<\/a>","author_info":{"display_name":"Webmestre","author_link":"https:\/\/centcols.org\/backup\/author\/webmestre\/"},"comments_num":"0 commentaire","featured_image_urls_v2":{"full":"","thumbnail":"","medium":"","medium_large":"","large":"","1536x1536":"","2048x2048":"","woocommerce_thumbnail":"","woocommerce_single":"","woocommerce_gallery_thumbnail":""},"post_excerpt_stackable_v2":"<p>Les photos Voir les photos Pr\u00e9sentation Accueil \u00e0 partir de 11h sur place. Parcours route et VTT accompagn\u00e9 : d\u00e9part 9h du col Sainte Anne (FR-06-1546) Route : 8 cols VTT : 13 ou 21 pour les plus courageux ! Repas tir\u00e9s du sac mais ap\u00e9ro, dessert et caf\u00e9 offerts Contact Simone Dayn\u00e9\u00a0\u00a0\u00a0 &#115;&#100;&#97;yn&#101;&#64;&#57;o&#110;l&#105;&#110;e.f&#114;<\/p>\n","category_list_v2":"<a href=\"https:\/\/centcols.org\/backup\/categorie\/rassemblements\/rassemblements-2012\/\" rel=\"category tag\">Les rassemblements de 2012<\/a>, <a href=\"https:\/\/centcols.org\/backup\/categorie\/rassemblements\/\" rel=\"category tag\">Rencontres r\u00e9gionales<\/a>","author_info_v2":{"name":"Webmestre","url":"https:\/\/centcols.org\/backup\/author\/webmestre\/"},"comments_num_v2":"0 commentaire","featured_image_src":null,"_links":{"self":[{"href":"https:\/\/centcols.org\/backup\/wp-json\/wp\/v2\/posts\/302"}],"collection":[{"href":"https:\/\/centcols.org\/backup\/wp-json\/wp\/v2\/posts"}],"about":[{"href":"https:\/\/centcols.org\/backup\/wp-json\/wp\/v2\/types\/post"}],"author":[{"embeddable":true,"href":"https:\/\/centcols.org\/backup\/wp-json\/wp\/v2\/users\/2001"}],"replies":[{"embeddable":true,"href":"https:\/\/centcols.org\/backup\/wp-json\/wp\/v2\/comments?post=302"}],"version-history":[{"count":0,"href":"https:\/\/centcols.org\/backup\/wp-json\/wp\/v2\/posts\/302\/revisions"}],"wp:attachment":[{"href":"https:\/\/centcols.org\/backup\/wp-json\/wp\/v2\/media?parent=302"}],"wp:term":[{"taxonomy":"category","embeddable":true,"href":"https:\/\/centcols.org\/backup\/wp-json\/wp\/v2\/categories?post=302"},{"taxonomy":"post_tag","embeddable":true,"href":"https:\/\/centcols.org\/backup\/wp-json\/wp\/v2\/tags?post=302"}],"curies":[{"name":"wp","href":"https:\/\/api.w.org\/{rel}","templated":true}]}}