{"id":303,"date":"2015-04-14T10:31:00","date_gmt":"2015-04-14T08:31:00","guid":{"rendered":"http:\/\/centcols.org\/backup\/?p=303"},"modified":"2015-06-09T11:32:44","modified_gmt":"2015-06-09T09:32:44","slug":"concentration-2012-col-coche","status":"publish","type":"post","link":"https:\/\/centcols.org\/backup\/concentration-2012-col-coche\/","title":{"rendered":"Concentration r\u00e9gionale Cent Cols Alpes du Nord Col de la Coche &#8211; Dimanche 24 juin 2012"},"content":{"rendered":"<h2>Les photos<\/h2>\n<p><a class=\"iframe-fancybox\" title=\"photos Col de la Coche\" href=\"http:\/\/centcols.net\/util\/visuAlbum.php?album=05193-003\" target=\"_blank\">1ere partie<\/a><\/p>\n<p><a class=\"iframe-fancybox\" title=\"photos Col de la Coche\" href=\"http:\/\/centcols.net\/util\/visuAlbum.php?album=05480-001\" target=\"_blank\">2e partie<\/a><\/p>\n<p><a class=\"iframe-fancybox\" title=\"photos Col de la Coche\" href=\"http:\/\/centcols.net\/util\/visuAlbum.php?album=04367-001\" target=\"_blank\">3e partie<\/a><\/p>\n<h2>Pr\u00e9sentation des parcours<\/h2>\n<p>Rassemblement \u00e0 11h30 au col de la Coche (<a class=\"iframe-fancybox\" title=\"Col de la Coche\" href=\"https:\/\/centcols.org\/backup\/util\/geo\/visuGP.php?code=FR-73-1434\" target=\"_blank\">FR-73-1434<\/a>) pour partager la tomme de Savoie et le verre de l&#8217;amiti\u00e9.<\/p>\n<p>Circuits propos\u00e9s :<\/p>\n<ul>\n<li><strong>Route :<\/strong> D\u00e9part de Mo\u00fbtiers (parking du cimeti\u00e8re). Direction vall\u00e9e des Bellevilles par RD117 jusqu&#8217;\u00e0 Fontaine le Puits. Prendre route du barrage de la Coche jusqu&#8217;au sommet.<br \/>\nPossibilit\u00e9 l&#8217;apr\u00e8s- midi, toujours au d\u00e9part de Mo\u00fbtiers, d&#8217;aller au col du Pradier (<a class=\"iframe-fancybox\" title=\"cole du Pradier\" href=\"https:\/\/centcols.org\/backup\/util\/geo\/visuGP.php?code=FR-73-1450a\" target=\"_blank\">FR-73-1450a<\/a>)\u00a0 en allant \u00e0 Hautecour par le RD85.<\/li>\n<li><strong>V.T.T. :<\/strong> D\u00e9part de Moutiers (parking du cimeti\u00e8re). Aigueblanche, Valmorel, Col du Gollet (<a class=\"iframe-fancybox\" title=\"Col du Gollet\" href=\"https:\/\/centcols.org\/backup\/util\/geo\/visuGP.php?code=FR-73-1971\" target=\"_blank\">FR-73-1971<\/a>), Pas de Pierre-Larron (<a class=\"iframe-fancybox\" title=\"Pas de Pierre-Larron\" href=\"https:\/\/centcols.org\/backup\/util\/geo\/visuGP.php?code=FR-73-1750b\" target=\"_blank\">FR-73-1750b<\/a>), Col de la Coche routier, ainsi que le Col de la Coche historique et muletier (<a class=\"iframe-fancybox\" title=\"Col de la Coche\" href=\"https:\/\/centcols.org\/backup\/util\/geo\/visuGP.php?code=FR-73-1545\" target=\"_blank\">FR-73-1545<\/a>). Peut \u00eatre fait dans l&#8217;autre sens \u00e9galement.<\/li>\n<\/ul>\n<h3>Contact<\/h3>\n<p>Bernard Vieillard<\/p>\n<a href=\"&#109;&#97;&#105;l&#116;o:be&#114;&#101;&#103;&#55;&#51;&#64;&#111;r&#97;n&#103;e.f&#114;\">&#98;e&#114;e&#103;7&#51;&#64;&#111;r&#97;&#110;ge&#46;f&#114;<\/a>\n","protected":false},"excerpt":{"rendered":"<p>Les photos 1ere partie 2e partie 3e partie Pr\u00e9sentation des parcours Rassemblement \u00e0 11h30 au col de la Coche (FR-73-1434) pour partager la tomme de Savoie et le verre de l&#8217;amiti\u00e9. Circuits propos\u00e9s : Route : D\u00e9part de Mo\u00fbtiers (parking du cimeti\u00e8re). Direction vall\u00e9e des Bellevilles par RD117 jusqu&#8217;\u00e0 Fontaine le Puits. Prendre route du [&hellip;]<\/p>\n","protected":false},"author":2001,"featured_media":0,"comment_status":"closed","ping_status":"closed","sticky":false,"template":"","format":"standard","meta":{"_acf_changed":false,"ub_ctt_via":"","_monsterinsights_skip_tracking":false,"_monsterinsights_sitenote_active":false,"_monsterinsights_sitenote_note":"","_monsterinsights_sitenote_category":0,"footnotes":""},"categories":[10,7],"tags":[],"acf":[],"featured_image_urls":{"full":"","thumbnail":"","medium":"","medium_large":"","large":"","1536x1536":"","2048x2048":"","woocommerce_thumbnail":"","woocommerce_single":"","woocommerce_gallery_thumbnail":""},"post_excerpt_stackable":"<p>Les photos 1ere partie 2e partie 3e partie Pr\u00e9sentation des parcours Rassemblement \u00e0 11h30 au col de la Coche (FR-73-1434) pour partager la tomme de Savoie et le verre de l&#8217;amiti\u00e9. Circuits propos\u00e9s : Route : D\u00e9part de Mo\u00fbtiers (parking du cimeti\u00e8re). Direction vall\u00e9e des Bellevilles par RD117 jusqu&#8217;\u00e0 Fontaine le Puits. Prendre route du barrage de la Coche jusqu&#8217;au sommet. Possibilit\u00e9 l&#8217;apr\u00e8s- midi, toujours au d\u00e9part de Mo\u00fbtiers, d&#8217;aller au col du Pradier (FR-73-1450a)\u00a0 en allant \u00e0 Hautecour par le RD85. V.T.T. : D\u00e9part de Moutiers (parking du cimeti\u00e8re). Aigueblanche, Valmorel, Col du Gollet (FR-73-1971), Pas de Pierre-Larron (FR-73-1750b),\u2026<\/p>\n","category_list":"<a href=\"https:\/\/centcols.org\/backup\/categorie\/rassemblements\/rassemblements-2012\/\" rel=\"category tag\">Les rassemblements de 2012<\/a>, <a href=\"https:\/\/centcols.org\/backup\/categorie\/rassemblements\/\" rel=\"category tag\">Rencontres r\u00e9gionales<\/a>","author_info":{"display_name":"Webmestre","author_link":"https:\/\/centcols.org\/backup\/author\/webmestre\/"},"comments_num":"0 commentaire","featured_image_urls_v2":{"full":"","thumbnail":"","medium":"","medium_large":"","large":"","1536x1536":"","2048x2048":"","woocommerce_thumbnail":"","woocommerce_single":"","woocommerce_gallery_thumbnail":""},"post_excerpt_stackable_v2":"<p>Les photos 1ere partie 2e partie 3e partie Pr\u00e9sentation des parcours Rassemblement \u00e0 11h30 au col de la Coche (FR-73-1434) pour partager la tomme de Savoie et le verre de l&#8217;amiti\u00e9. Circuits propos\u00e9s : Route : D\u00e9part de Mo\u00fbtiers (parking du cimeti\u00e8re). Direction vall\u00e9e des Bellevilles par RD117 jusqu&#8217;\u00e0 Fontaine le Puits. Prendre route du barrage de la Coche jusqu&#8217;au sommet. Possibilit\u00e9 l&#8217;apr\u00e8s- midi, toujours au d\u00e9part de Mo\u00fbtiers, d&#8217;aller au col du Pradier (FR-73-1450a)\u00a0 en allant \u00e0 Hautecour par le RD85. V.T.T. : D\u00e9part de Moutiers (parking du cimeti\u00e8re). Aigueblanche, Valmorel, Col du Gollet (FR-73-1971), Pas de Pierre-Larron (FR-73-1750b),\u2026<\/p>\n","category_list_v2":"<a href=\"https:\/\/centcols.org\/backup\/categorie\/rassemblements\/rassemblements-2012\/\" rel=\"category tag\">Les rassemblements de 2012<\/a>, <a href=\"https:\/\/centcols.org\/backup\/categorie\/rassemblements\/\" rel=\"category tag\">Rencontres r\u00e9gionales<\/a>","author_info_v2":{"name":"Webmestre","url":"https:\/\/centcols.org\/backup\/author\/webmestre\/"},"comments_num_v2":"0 commentaire","featured_image_src":null,"_links":{"self":[{"href":"https:\/\/centcols.org\/backup\/wp-json\/wp\/v2\/posts\/303"}],"collection":[{"href":"https:\/\/centcols.org\/backup\/wp-json\/wp\/v2\/posts"}],"about":[{"href":"https:\/\/centcols.org\/backup\/wp-json\/wp\/v2\/types\/post"}],"author":[{"embeddable":true,"href":"https:\/\/centcols.org\/backup\/wp-json\/wp\/v2\/users\/2001"}],"replies":[{"embeddable":true,"href":"https:\/\/centcols.org\/backup\/wp-json\/wp\/v2\/comments?post=303"}],"version-history":[{"count":0,"href":"https:\/\/centcols.org\/backup\/wp-json\/wp\/v2\/posts\/303\/revisions"}],"wp:attachment":[{"href":"https:\/\/centcols.org\/backup\/wp-json\/wp\/v2\/media?parent=303"}],"wp:term":[{"taxonomy":"category","embeddable":true,"href":"https:\/\/centcols.org\/backup\/wp-json\/wp\/v2\/categories?post=303"},{"taxonomy":"post_tag","embeddable":true,"href":"https:\/\/centcols.org\/backup\/wp-json\/wp\/v2\/tags?post=303"}],"curies":[{"name":"wp","href":"https:\/\/api.w.org\/{rel}","templated":true}]}}