{"id":304,"date":"2015-04-14T10:38:54","date_gmt":"2015-04-14T08:38:54","guid":{"rendered":"http:\/\/centcols.org\/backup\/?p=304"},"modified":"2015-06-09T11:32:30","modified_gmt":"2015-06-09T09:32:30","slug":"concentration-suisse-2012-chateau-oex","status":"publish","type":"post","link":"https:\/\/centcols.org\/backup\/concentration-suisse-2012-chateau-oex\/","title":{"rendered":"Dimanche 1er juillet : 8e concentration VTT des Cent Cols de Suisse \u00e0 Ch\u00e2teau d\u2019Oex"},"content":{"rendered":"<p>D\u00e9part de Ch\u00e2teau d\u2019Oex. Rendez-vous 08h30, d\u00e9part 09h00.<\/p>\n<p>En arrivant de Bulle dans le premier giratoire continuer tout droit et apr\u00e8s le garage *Agrola* la prochaine route \u00e0 droite (panneau La Braye) petit parking \u00e0 200m :<\/p>\n<p><a href=\"https:\/\/centcols.org\/backup\/wp-content\/uploads\/2015\/04\/Suiisse_0701a.jpg\"><img loading=\"lazy\" decoding=\"async\" class=\"alignnone size-medium wp-image-305\" src=\"https:\/\/centcols.org\/backup\/wp-content\/uploads\/2015\/04\/Suiisse_0701a-500x328.jpg\" alt=\"Suiisse_0701a\" width=\"500\" height=\"328\" srcset=\"https:\/\/centcols.org\/backup\/wp-content\/uploads\/2015\/04\/Suiisse_0701a-500x328.jpg 500w, https:\/\/centcols.org\/backup\/wp-content\/uploads\/2015\/04\/Suiisse_0701a-600x394.jpg 600w, https:\/\/centcols.org\/backup\/wp-content\/uploads\/2015\/04\/Suiisse_0701a.jpg 963w\" sizes=\"(max-width: 500px) 100vw, 500px\" \/><\/a><\/p>\n<p>4 cols : La Forcla 1209m, Col de la Forcla 1660m (<a class=\"iframe-fancybox\" title=\"Col de la Forclaz\" href=\"https:\/\/centcols.org\/backup\/util\/geo\/visuCH.php?code=CH-VD-1660\" target=\"_blank\">CH-VD-1660<\/a>) et Pertet \u00e0 Bovets 1840m (<a class=\"iframe-fancybox\" title=\"Pertet \u00e0 Bovets\" href=\"https:\/\/centcols.org\/backup\/util\/geo\/visuCH.php?code=CH-VD-1840\" target=\"_blank\">CH-VD-1840<\/a>) et le Grubenbergpass 1633m (<a class=\"iframe-fancybox\" title=\"Grubenbergpass\" href=\"https:\/\/centcols.org\/backup\/util\/geo\/visuCH.php?code=CH-BE-1633\" target=\"_blank\">CH-BE-1633<\/a>)<\/p>\n<p>1400 m de d\u00e9nivellation pour 45 km.<\/p>\n<p>Joseph nous attendra au Col de la Forcla pour un petit ap\u00e9ro.<\/p>\n<p><a href=\"https:\/\/centcols.org\/backup\/wp-content\/uploads\/2015\/04\/Suiisse_0701b.jpg\"><img loading=\"lazy\" decoding=\"async\" class=\"alignnone size-medium wp-image-306\" src=\"https:\/\/centcols.org\/backup\/wp-content\/uploads\/2015\/04\/Suiisse_0701b-500x348.jpg\" alt=\"Suiisse_0701b\" width=\"500\" height=\"348\" srcset=\"https:\/\/centcols.org\/backup\/wp-content\/uploads\/2015\/04\/Suiisse_0701b-500x348.jpg 500w, https:\/\/centcols.org\/backup\/wp-content\/uploads\/2015\/04\/Suiisse_0701b-600x418.jpg 600w, https:\/\/centcols.org\/backup\/wp-content\/uploads\/2015\/04\/Suiisse_0701b.jpg 1024w\" sizes=\"(max-width: 500px) 100vw, 500px\" \/><\/a><\/p>\n<h3>Contact<\/h3>\n<p>Pierre Mai, route du Signal, 1165 Allaman.<\/p>\n<p>T\u00e9l : +41 (0)21 807 34 17<\/p>\n<p>Natel : +41 76 498 58 73<\/p>\n<p>Email : <a href=\"&#109;&#97;&#105;&#108;to:pma&#105;&#64;&#98;lue&#119;&#105;n&#46;c&#104;\">&#112;&#109;&#97;&#105;&#64;&#98;luewi&#110;&#46;ch<\/a><\/p>\n<p>&nbsp;<\/p>\n","protected":false},"excerpt":{"rendered":"<p>D\u00e9part de Ch\u00e2teau d\u2019Oex. Rendez-vous 08h30, d\u00e9part 09h00. En arrivant de Bulle dans le premier giratoire continuer tout droit et apr\u00e8s le garage *Agrola* la prochaine route \u00e0 droite (panneau La Braye) petit parking \u00e0 200m : 4 cols : La Forcla 1209m, Col de la Forcla 1660m (CH-VD-1660) et Pertet \u00e0 Bovets 1840m (CH-VD-1840) [&hellip;]<\/p>\n","protected":false},"author":2001,"featured_media":0,"comment_status":"closed","ping_status":"closed","sticky":false,"template":"","format":"standard","meta":{"_acf_changed":false,"ub_ctt_via":"","_monsterinsights_skip_tracking":false,"_monsterinsights_sitenote_active":false,"_monsterinsights_sitenote_note":"","_monsterinsights_sitenote_category":0,"footnotes":""},"categories":[10,7],"tags":[],"acf":[],"featured_image_urls":{"full":"","thumbnail":"","medium":"","medium_large":"","large":"","1536x1536":"","2048x2048":"","woocommerce_thumbnail":"","woocommerce_single":"","woocommerce_gallery_thumbnail":""},"post_excerpt_stackable":"<p>D\u00e9part de Ch\u00e2teau d\u2019Oex. Rendez-vous 08h30, d\u00e9part 09h00. En arrivant de Bulle dans le premier giratoire continuer tout droit et apr\u00e8s le garage *Agrola* la prochaine route \u00e0 droite (panneau La Braye) petit parking \u00e0 200m : 4 cols : La Forcla 1209m, Col de la Forcla 1660m (CH-VD-1660) et Pertet \u00e0 Bovets 1840m (CH-VD-1840) et le Grubenbergpass 1633m (CH-BE-1633) 1400 m de d\u00e9nivellation pour 45 km. Joseph nous attendra au Col de la Forcla pour un petit ap\u00e9ro. Contact Pierre Mai, route du Signal, 1165 Allaman. T\u00e9l : +41 (0)21 807 34 17 Natel : +41 76 498 58\u2026<\/p>\n","category_list":"<a href=\"https:\/\/centcols.org\/backup\/categorie\/rassemblements\/rassemblements-2012\/\" rel=\"category tag\">Les rassemblements de 2012<\/a>, <a href=\"https:\/\/centcols.org\/backup\/categorie\/rassemblements\/\" rel=\"category tag\">Rencontres r\u00e9gionales<\/a>","author_info":{"display_name":"Webmestre","author_link":"https:\/\/centcols.org\/backup\/author\/webmestre\/"},"comments_num":"0 commentaire","featured_image_urls_v2":{"full":"","thumbnail":"","medium":"","medium_large":"","large":"","1536x1536":"","2048x2048":"","woocommerce_thumbnail":"","woocommerce_single":"","woocommerce_gallery_thumbnail":""},"post_excerpt_stackable_v2":"<p>D\u00e9part de Ch\u00e2teau d\u2019Oex. Rendez-vous 08h30, d\u00e9part 09h00. En arrivant de Bulle dans le premier giratoire continuer tout droit et apr\u00e8s le garage *Agrola* la prochaine route \u00e0 droite (panneau La Braye) petit parking \u00e0 200m : 4 cols : La Forcla 1209m, Col de la Forcla 1660m (CH-VD-1660) et Pertet \u00e0 Bovets 1840m (CH-VD-1840) et le Grubenbergpass 1633m (CH-BE-1633) 1400 m de d\u00e9nivellation pour 45 km. Joseph nous attendra au Col de la Forcla pour un petit ap\u00e9ro. Contact Pierre Mai, route du Signal, 1165 Allaman. T\u00e9l : +41 (0)21 807 34 17 Natel : +41 76 498 58\u2026<\/p>\n","category_list_v2":"<a href=\"https:\/\/centcols.org\/backup\/categorie\/rassemblements\/rassemblements-2012\/\" rel=\"category tag\">Les rassemblements de 2012<\/a>, <a href=\"https:\/\/centcols.org\/backup\/categorie\/rassemblements\/\" rel=\"category tag\">Rencontres r\u00e9gionales<\/a>","author_info_v2":{"name":"Webmestre","url":"https:\/\/centcols.org\/backup\/author\/webmestre\/"},"comments_num_v2":"0 commentaire","featured_image_src":null,"_links":{"self":[{"href":"https:\/\/centcols.org\/backup\/wp-json\/wp\/v2\/posts\/304"}],"collection":[{"href":"https:\/\/centcols.org\/backup\/wp-json\/wp\/v2\/posts"}],"about":[{"href":"https:\/\/centcols.org\/backup\/wp-json\/wp\/v2\/types\/post"}],"author":[{"embeddable":true,"href":"https:\/\/centcols.org\/backup\/wp-json\/wp\/v2\/users\/2001"}],"replies":[{"embeddable":true,"href":"https:\/\/centcols.org\/backup\/wp-json\/wp\/v2\/comments?post=304"}],"version-history":[{"count":0,"href":"https:\/\/centcols.org\/backup\/wp-json\/wp\/v2\/posts\/304\/revisions"}],"wp:attachment":[{"href":"https:\/\/centcols.org\/backup\/wp-json\/wp\/v2\/media?parent=304"}],"wp:term":[{"taxonomy":"category","embeddable":true,"href":"https:\/\/centcols.org\/backup\/wp-json\/wp\/v2\/categories?post=304"},{"taxonomy":"post_tag","embeddable":true,"href":"https:\/\/centcols.org\/backup\/wp-json\/wp\/v2\/tags?post=304"}],"curies":[{"name":"wp","href":"https:\/\/api.w.org\/{rel}","templated":true}]}}