{"id":307,"date":"2015-04-23T12:14:11","date_gmt":"2015-04-23T10:14:11","guid":{"rendered":"http:\/\/centcols.org\/backup\/?p=307"},"modified":"2023-08-17T20:14:37","modified_gmt":"2023-08-17T18:14:37","slug":"concentration-2012-lescheraines","status":"publish","type":"post","link":"https:\/\/centcols.org\/backup\/concentration-2012-lescheraines\/","title":{"rendered":"Concentration internationale et 40\u00e8me anniversaire de la Confr\u00e9rie au Col de Plainpalais le 4 ao\u00fbt Rassemblement \u00e0 Lescheraines (73) du 29 juillet au 5 ao\u00fbt 2012"},"content":{"rendered":"<h2>Les vid\u00e9os<\/h2>\n<p><a class=\"iframe-fancybox\" title=\"video du rassemblement\" href=\"https:\/\/www.youtube.com\/watch?v=0LwGBLENvqs&amp;feature=youtu.be\" target=\"_blank\" rel=\"noopener\">Voir la version courte (12&#8242;)<\/a><\/p>\n<p><a class=\"iframe-fancybox\" title=\"video du rassemblement\" href=\"https:\/\/www.youtube.com\/watch?v=l5lfqbRaV5o\" target=\"_blank\" rel=\"noopener\">Voir la version longue (33&#8242;)<\/a><\/p>\n<h2>Les photos<\/h2>\n<p><a href=\"#album\">Voir les albums en bas de page<\/a><\/p>\n<h2>Pr\u00e9sentation<\/h2>\n<p><strong>Ce sera le massif des Bauges, situ\u00e9 en Savoie et Haute-Savoie dans le berceau du Club des Cent Cols, qui nous accueillera cet \u00e9t\u00e9.<\/strong><\/p>\n<p>Une pr\u00e9sentation des circuits sera disponible ult\u00e9rieurement sur le site et dans la revue annuelle.<\/p>\n<p>Ce rassemblement sera un peu sp\u00e9cial car nous en profiterons pour f\u00eater dignement le quaranti\u00e8me anniversaire du Club des Cent Cols (avant de le f\u00eater \u00e0 nouveau lors de l\u2019Assembl\u00e9e G\u00e9n\u00e9rale pr\u00e9vue \u00e0 Annecy le 1er d\u00e9cembre). Un repas festif est pr\u00e9vu le 4 Ao\u00fbt apr\u00e8s la concentration.<\/p>\n<p>Suite \u00e0 une situation ind\u00e9pendante de notre volont\u00e9 (h\u00e9bergements indisponibles) le Club s&#8217;excuse aupr\u00e8s de nos membres qui auraient pr\u00e9f\u00e9r\u00e9 un rassemblement plus t\u00f4t en juillet ou plus \u00e9loign\u00e9 de la date de la semaine f\u00e9d\u00e9rale.<\/p>\n<h3>Plaquette et diaporama<\/h3>\n<p>Vous pouvez maintenant t\u00e9l\u00e9charger <a title=\"plaquette du s\u00e9jour\" href=\"https:\/\/centcols.org\/backup\/wp-content\/uploads\/2015\/04\/plaquette_A5.pdf\" target=\"_blank\" rel=\"noopener\">la plaquette du s\u00e9jour<\/a> (1,7 Mio) qui sera distribu\u00e9e \u00e0 chaque participant gr\u00e2ce \u00e0 la participation financi\u00e8re de l&#8217;agence touristique des deux Savoie, Savoie Mont Blanc Tourisme. Cette plaquette est au format A5, 2 pages A5 portrait sur une feuille A4 \u00e0 imprimer en orientation paysage recto-verso et \u00e0 plier au centre. Pour lire la plaquette en ligne, utilisez cette <a title=\"plaquette du s\u00e9jour\" href=\"https:\/\/centcols.org\/backup\/wp-content\/uploads\/2015\/04\/plaquette_A4_seq.pdf\" target=\"_blank\" rel=\"noopener\">version A4<\/a> (une page par feuille) (1,8 Mio).<\/p>\n<p>Pour d\u00e9couvrir les Bauges et la Chartreuse avant d&#8217;y poser vous roues, d\u00e9gustez ce <a class=\"iframe-fancybox\" title=\"Bauges et Chartreuse\" href=\"https:\/\/centcols.org\/backup\/util\/visuAlbum.php?album=3225-7\" target=\"_blank\" rel=\"noopener\">diaporama<\/a> de R\u00e9gis Paraz.<\/p>\n<h3>H\u00e9bergement et inscription<\/h3>\n<p>Pour disposer d&#8217;une capacit\u00e9 d\u2019accueil maximale, deux types d\u2019h\u00e9bergement seront propos\u00e9s sur le m\u00eame site:<\/p>\n<p>Pour disposer d&#8217;une capacit\u00e9 d\u2019accueil maximale, deux types d\u2019h\u00e9bergement seront propos\u00e9s sur le m\u00eame site:<\/p>\n<ul>\n<li>Le centre de vacances \u00ab l\u2019Eau Vive \u00bb, s\u00e9jour du dimanche 29 juillet au dimanche 5 ao\u00fbt (<a title=\"centre de vacances L'Eau Vive\" href=\"http:\/\/bauges-l-eau-vive.ternelia.com\/\" target=\"_blank\" rel=\"noopener\">http:\/\/bauges-l-eau-vive.ternelia.com<\/a>) Le centre de vacances est complet.<\/li>\n<li>Les mobile homes du camping, mis \u00e0 notre disposition du samedi 28 juillet au samedi 4 ao\u00fbt (pour respecter la r\u00e8gle de location du samedi au samedi et ne pas g\u00eaner les locations de la semaine suivante) (<a title=\"Les Iles du Ch\u00e9ran\" href=\"http:\/\/www.savoie-camping.com\/\" target=\"_blank\" rel=\"noopener\">http:\/\/www.savoie-camping.com<\/a>). Les mobile homes sont complets.<\/li>\n<\/ul>\n<p>Les deux h\u00e9bergements se trouvent c\u00f4te-\u00e0-c\u00f4te sur la base de loisirs \u00ab Les Iles du Ch\u00e9ran \u00bb. Nous avons donc r\u00e9serv\u00e9 toutes les places disponibles (80) au centre \u00ab l\u2019Eau Vive \u00bb situ\u00e9 au bord du plan d\u2019eau de Lescheraines et les 12 mobile homes tout confort du camping municipal adjacent \u00e0 \u00ab l\u2019Eau Vive \u00bb.<\/p>\n<p>L\u2019h\u00e9bergement \u00e0 l\u2019Eau Vive se fera dans des chambres de 2 ou de 3 (pas de possibilit\u00e9 de chambre individuelle) et chaque mobile home pourra, lui, accueillir 3 personnes (2 chambres et un s\u00e9jour avec lit convertible permettent de loger une personne par pi\u00e8ce) ou 4 si famille.<\/p>\n<p>Voir le plan : <a title=\"Les Iles du Ch\u00e9ran\" href=\"http:\/\/www.savoie-camping.com\/fr\/locations\/mobilhome.html\" target=\"_blank\" rel=\"noopener\">http:\/\/www.savoie-camping.com\/fr\/locations\/mobilhome.html<\/a><\/p>\n<p>Les repas seront servis \u00e0 l\u2019Eau Vive pour tous.<br \/>\nPour ceux qui voudront bien occuper les mobile homes, la pension (repas, petit-d\u00e9jeuner) commencera d\u00e8s le 28 juillet et un circuit sera propos\u00e9 le 29. Il sera aussi possible de prendre une pension suppl\u00e9mentaire du 4 ao\u00fbt au 5 ao\u00fbt dans un centre annexe de l\u2019Eau Vive situ\u00e9 \u00e0 10 km (les repas seront pris avec les autres membres du CCC \u00e0 l\u2019Eau Vive). Voir <a title=\"ternelia\" href=\"http:\/\/saint-francois-de-sales.ternelia.com\/\" target=\"_blank\" rel=\"noopener\">http:\/\/saint-francois-de-sales.ternelia.com<\/a>.<\/p>\n<p>Attention : Les mobile homes et le centre de vacances sont complets et ne sont plus disponibles. Vous pouvez toutefois encore r\u00e9server le repas festif ou des repas. Il faut imp\u00e9rativement que les derni\u00e8res r\u00e9servations parviennent au responsable pour mercredi 11 juillet dernier d\u00e9lai. Ne remplir que la partie repas du bulletin d&#8217;inscription.<\/p>\n<p>Le prix de la pension sera le m\u00eame qu\u2019on soit h\u00e9berg\u00e9 en centre ou en mobile home. Cet h\u00e9bergement est aussi confortable que celui propos\u00e9 \u00e0 \u00ab l\u2019Eau Vive \u00bb, et tout aussi convivial car le camping jouxte le centre et de nombreux autres membres participeront au s\u00e9jour en camping.<\/p>\n<p>Les inscriptions pour l\u2019h\u00e9bergement au centre l\u2019Eau Vive sont maintenant ouvertes depuis l&#8217;envoi de la revue. Elles sont trait\u00e9es dans l\u2019ordre d\u2019exp\u00e9dition des bulletins d\u2019inscriptions accompagn\u00e9s du r\u00e8glement, le cachet de la poste faisant foi. Une liste d\u2019attente sera mise en place si n\u00e9cessaire.<\/p>\n<p>Pour les membres ne participant pas au s\u00e9jour, ne tardez pas \u00e0 vous inscrire\u00a0 au repas festif du 4 ao\u00fbt (utiliser le bulletin d\u2019inscription s\u00e9jour en ne remplissant que cette prestation). Vous pouvez le faire d\u00e8s maintenant, avant la parution de la revue, en envoyant le bulletin d&#8217;inscription \u00ab Mobile Homes \u00bb dont le lien se trouve ci-dessus.<br \/>\nAcc\u00e8s au chemin sans issue menant \u00e0 la base de loisirs \u00ab Les Iles du Ch\u00e9ran \u00bb<br \/>\nNote du Conseil d&#8217;Administration : Si vous prenez en charge votre h\u00e9bergement ailleurs qu&#8217;au centre \u00ab l\u2019Eau Vive \u00bb ou dans les mobile homes, merci malgr\u00e9 tout de nous pr\u00e9venir de votre participation au rassemblement, et ceci pour 3 raisons essentielles :<\/p>\n<p>D\u2019une part, parce que si 15 ou 20 personnes se rajoutent sans que nous en soyons avertis, nous ne pourrons pas dimensionner correctement les pots d&#8217;accueil et de d\u00e9part (non, ce n&#8217;est pas vital, mais nous sommes soucieux d\u2019accueillir correctement tous les participants et on ne manquerait pas de nous adresser des reproches m\u00eame pour ce genre de festivit\u00e9s) ou la taille d\u2019une salle pour des conf\u00e9rences\u2026<br \/>\nD\u2019autre part, parce que le nombre de p\u00e9dalants s&#8217;en trouve accru et que, comme c&#8217;\u00e9tait le cas \u00e0 Ripoll, le nombre total des participants peut nous conduire \u00e0 pr\u00e9voir la r\u00e9partition en plusieurs groupes pour votre s\u00e9curit\u00e9 sur la route et une meilleure navigation \u00e0 VTT,<br \/>\nEt enfin parce que la pr\u00e9paration d&#8217;un tel rassemblement repr\u00e9sente un investissement important pour les organisateurs qui seront plus tranquilles s\u2019ils peuvent appr\u00e9hender pr\u00e9cis\u00e9ment l&#8217;ensemble des participants.<\/p>\n<h3>D\u00e9tails du programme<\/h3>\n<p>La liste de tous les <a href=\"\/membres\/cctours\/tours.php?lieu=Lescheraines&amp;an=2012\">circuits<\/a> pr\u00e9vus est disponible, ainsi que des listes s\u00e9par\u00e9es pour les <a href=\"\/membres\/cctours\/tours.php?lieu=Lescheraines&amp;an=2012&amp;genre=R\">circuits routiers<\/a> et les <a href=\"\/membres\/cctours\/tours.php?lieu=Lescheraines&amp;an=2012&amp;genre=V\">circuits VTT<\/a>. \u00c0 partir de ces listes, les cartes interactives, les feuilles de route et les profils d&#8217;altitude sont aussi disponibles pour chaque parcours.<\/p>\n<p>Pour ceux qui utilisent un GPS ou un logiciel cartographique sur leur ordinateur, les <a class=\"iframe-fancybox\" title=\"geolocalisation\" href=\"\/membres\/cctours\/tours.php?lieu=Lescheraines&amp;an=2012\" target=\"_blank\" rel=\"noopener\">fichiers de g\u00e9olocalisation<\/a> peuvent \u00eatre t\u00e9l\u00e9charg\u00e9s. En fonction de la m\u00e9t\u00e9o, des changements de dates peuvent avoir lieu jusqu&#8217;au dernier moment.<\/p>\n<h3>Pr\u00e9sentation du massif des Bauges<\/h3>\n<p>par Annabelle POTY (3663)<\/p>\n<p>Le massif des Bauges fait partie des massifs pr\u00e9alpins au m\u00eame titre que les Bornes, la Chartreuse et le Vercors. Il est sans doute le plus m\u00e9connu d\u2019entre eux. A son pied se trouvent les villes de Chamb\u00e9ry, Aix-les-Bains, Annecy, Albertville et les lacs naturels du Bourget et d\u2019Annecy. Il se situe \u00e0 cheval entre Savoie et Haute Savoie.<\/p>\n<p>D\u2019un point de vue topographique, le c\u0153ur du massif est bien d\u00e9limit\u00e9, notamment par les cols de Leschaux, de Ch\u00e9rel, du Fr\u00eane, des Pr\u00e9s, de Plainpalais. Il est drain\u00e9 par le Ch\u00e9ran, au r\u00e9gime torrentiel, qui s\u2019\u00e9chappe du massif par une cluse entre le Semnoz et la montagne de Bange pour rejoindre le Fier dans la plaine de l\u2019Albanais.<\/p>\n<p>En 1996 le massif est reconnu Parc Naturel R\u00e9gional (64 communes). La pr\u00e9servation de la faune et de la flore est une volont\u00e9 ancienne puisque une r\u00e9serve nationale de chasse et de faune sauvage existe depuis 1955. Celle-ci visait en particulier la pr\u00e9servation du chamois. Aujourd\u2019hui, le t\u00e9tras-lyre et le sabot de v\u00e9nus sont aussi embl\u00e9matiques des Bauges. Le loup est \u00e9galement pr\u00e9sent. (Certaines parties de la r\u00e9serve sont strictement interdites \u00e0 la circulation, m\u00eame \u00e0 pied. Voir r\u00e9glementation cartographi\u00e9e disponible \u00e0 la maison du parc au Ch\u00e2telard).<\/p>\n<p>C\u2019est un territoire qui, peut-\u00eatre en raison de son altitude moyenne (altitude max. 2217 m) et de son acc\u00e8s difficile, est rest\u00e9 \u00e0 l\u2019\u00e9cart des grands am\u00e9nagements touristiques alpins. Le massif des Bauges est de fait, particuli\u00e8rement bien pr\u00e9serv\u00e9. On y pratique un tourisme \u00ab doux \u00bb. Il n\u2019y a pas d\u2019imposantes stations de ski mais plut\u00f4t des stades de neige, c&#8217;est-\u00e0-dire sans h\u00e9bergement de tourisme ou presque (Marg\u00e9riaz, Semnoz). Le Revard est, lui, connu des skieurs de fond. L\u2019\u00e9t\u00e9 on pratique surtout la randonn\u00e9e \u00e0 pied, \u00e0 v\u00e9lo, la p\u00eache ou le vol libre.<\/p>\n<p>L\u2019identit\u00e9 Baujue est la plus forte dans le canton du Ch\u00e2telard \u00e0 travers son patrimoine b\u00e2ti. En s\u2019installant dans les Bauges aux XI\u00e8me et XII\u00e8me si\u00e8cles, les moines ont fa\u00e7onn\u00e9 les paysages et ont laiss\u00e9 les monuments les plus imposants comme le prieur\u00e9 b\u00e9n\u00e9dictin de Bellevaux et la Chartreuse d\u2019Aillon. Cette derni\u00e8re abrite une maison th\u00e9matique du Parc sur le patrimoine. Il faut notamment d\u00e9couvrir les tavalans, \u00e9l\u00e9ments d\u2019architecture typique qui composent les granges Baujues ou dans la vall\u00e9e de la Comp\u00f4te, son alignement de grangettes.<\/p>\n<p>Aujourd\u2019hui, le tourisme, l\u2019agriculture et l\u2019exploitation foresti\u00e8re sont les principales ressources. Les exploitations agricoles sont surtout orient\u00e9es vers l\u2019\u00e9levage laitier. Cette production est valoris\u00e9e par une AOC Tome des Bauges (et non pas Tomme de Savoie). La fruiti\u00e8re des Aillons organise la visite de sa fabrication.<\/p>\n<p>L\u2019actualit\u00e9 du massif a \u00e9t\u00e9 marqu\u00e9e derni\u00e8rement par son accession au label UNESCO \u00ab G\u00e9oparc \u00bb. Celui des Bauges devient le 3\u00e8me G\u00e9oparc fran\u00e7ais parmi 87 dans le monde, dont 49 en Europe. Cette labellisation vient mettre en valeur la richesse d\u2019un patrimoine g\u00e9ologique embl\u00e9matique avec par exemple l\u2019Arclusaz, synclinal perch\u00e9 tr\u00e8s esth\u00e9tique. Moins connu car moins visible, le sous-sol repr\u00e9sente une ressource pr\u00e9cieuse \u00e0 la fois pour l\u2019eau qu\u2019il stocke et pour le d\u00e9veloppement du tourisme. Le karst du Revard renferme les cavit\u00e9s les plus longues et les plus vastes de Savoie.<\/p>\n<p>Pour ses quarante ans d\u2019existence, le club vous invite \u00e0 sillonner un territoire riche de cols, dans un environnement pr\u00e9serv\u00e9, aux paysages vari\u00e9s.<\/p>\n<h2><a id=\"album\"><\/a>Albums photos<\/h2>\n","protected":false},"excerpt":{"rendered":"<p>Les vid\u00e9os Voir la version courte (12&#8242;) Voir la version longue (33&#8242;) Les photos Voir les albums en bas de page Pr\u00e9sentation Ce sera le massif des Bauges, situ\u00e9 en Savoie et Haute-Savoie dans le berceau du Club des Cent Cols, qui nous accueillera cet \u00e9t\u00e9. Une pr\u00e9sentation des circuits sera disponible ult\u00e9rieurement sur le [&hellip;]<\/p>\n","protected":false},"author":17,"featured_media":0,"comment_status":"closed","ping_status":"closed","sticky":false,"template":"","format":"standard","meta":{"_acf_changed":false,"ub_ctt_via":"","_monsterinsights_skip_tracking":false,"_monsterinsights_sitenote_active":false,"_monsterinsights_sitenote_note":"","_monsterinsights_sitenote_category":0,"footnotes":""},"categories":[35],"tags":[],"acf":[],"featured_image_urls":{"full":"","thumbnail":"","medium":"","medium_large":"","large":"","1536x1536":"","2048x2048":"","woocommerce_thumbnail":"","woocommerce_single":"","woocommerce_gallery_thumbnail":""},"post_excerpt_stackable":"<p>Les vid\u00e9os Voir la version courte (12&#8242;) Voir la version longue (33&#8242;) Les photos Voir les albums en bas de page Pr\u00e9sentation Ce sera le massif des Bauges, situ\u00e9 en Savoie et Haute-Savoie dans le berceau du Club des Cent Cols, qui nous accueillera cet \u00e9t\u00e9. Une pr\u00e9sentation des circuits sera disponible ult\u00e9rieurement sur le site et dans la revue annuelle. Ce rassemblement sera un peu sp\u00e9cial car nous en profiterons pour f\u00eater dignement le quaranti\u00e8me anniversaire du Club des Cent Cols (avant de le f\u00eater \u00e0 nouveau lors de l\u2019Assembl\u00e9e G\u00e9n\u00e9rale pr\u00e9vue \u00e0 Annecy le 1er d\u00e9cembre). Un repas\u2026<\/p>\n","category_list":"<a href=\"https:\/\/centcols.org\/backup\/categorie\/sejours\/\" rel=\"category tag\">S\u00e9jours<\/a>","author_info":{"display_name":"R\u00e9gis Paraz","author_link":"https:\/\/centcols.org\/backup\/author\/3225\/"},"comments_num":"0 commentaire","featured_image_urls_v2":{"full":"","thumbnail":"","medium":"","medium_large":"","large":"","1536x1536":"","2048x2048":"","woocommerce_thumbnail":"","woocommerce_single":"","woocommerce_gallery_thumbnail":""},"post_excerpt_stackable_v2":"<p>Les vid\u00e9os Voir la version courte (12&#8242;) Voir la version longue (33&#8242;) Les photos Voir les albums en bas de page Pr\u00e9sentation Ce sera le massif des Bauges, situ\u00e9 en Savoie et Haute-Savoie dans le berceau du Club des Cent Cols, qui nous accueillera cet \u00e9t\u00e9. Une pr\u00e9sentation des circuits sera disponible ult\u00e9rieurement sur le site et dans la revue annuelle. Ce rassemblement sera un peu sp\u00e9cial car nous en profiterons pour f\u00eater dignement le quaranti\u00e8me anniversaire du Club des Cent Cols (avant de le f\u00eater \u00e0 nouveau lors de l\u2019Assembl\u00e9e G\u00e9n\u00e9rale pr\u00e9vue \u00e0 Annecy le 1er d\u00e9cembre). Un repas\u2026<\/p>\n","category_list_v2":"<a href=\"https:\/\/centcols.org\/backup\/categorie\/sejours\/\" rel=\"category tag\">S\u00e9jours<\/a>","author_info_v2":{"name":"R\u00e9gis Paraz","url":"https:\/\/centcols.org\/backup\/author\/3225\/"},"comments_num_v2":"0 commentaire","featured_image_src":null,"_links":{"self":[{"href":"https:\/\/centcols.org\/backup\/wp-json\/wp\/v2\/posts\/307"}],"collection":[{"href":"https:\/\/centcols.org\/backup\/wp-json\/wp\/v2\/posts"}],"about":[{"href":"https:\/\/centcols.org\/backup\/wp-json\/wp\/v2\/types\/post"}],"author":[{"embeddable":true,"href":"https:\/\/centcols.org\/backup\/wp-json\/wp\/v2\/users\/17"}],"replies":[{"embeddable":true,"href":"https:\/\/centcols.org\/backup\/wp-json\/wp\/v2\/comments?post=307"}],"version-history":[{"count":0,"href":"https:\/\/centcols.org\/backup\/wp-json\/wp\/v2\/posts\/307\/revisions"}],"wp:attachment":[{"href":"https:\/\/centcols.org\/backup\/wp-json\/wp\/v2\/media?parent=307"}],"wp:term":[{"taxonomy":"category","embeddable":true,"href":"https:\/\/centcols.org\/backup\/wp-json\/wp\/v2\/categories?post=307"},{"taxonomy":"post_tag","embeddable":true,"href":"https:\/\/centcols.org\/backup\/wp-json\/wp\/v2\/tags?post=307"}],"curies":[{"name":"wp","href":"https:\/\/api.w.org\/{rel}","templated":true}]}}