{"id":310,"date":"2015-04-14T11:19:28","date_gmt":"2015-04-14T09:19:28","guid":{"rendered":"http:\/\/centcols.org\/backup\/?p=310"},"modified":"2015-06-09T11:31:15","modified_gmt":"2015-06-09T09:31:15","slug":"concentration-2012-languedoc-roussillon","status":"publish","type":"post","link":"https:\/\/centcols.org\/backup\/concentration-2012-languedoc-roussillon\/","title":{"rendered":"Concentration r\u00e9gionale Cent Cols Languedoc-Roussillon Sortie Michel Bernardini Circuit VTT des Roques Blanches &#8211; Dimanche 26 ao\u00fbt 2012"},"content":{"rendered":"<h2>Les photos<\/h2>\n<p><a class=\"iframe-fancybox\" title=\"photos Languedoc\" href=\"http:\/\/centcols.net\/util\/visuAlbum.php?album=06796-003\">1ere partie<\/a><\/p>\n<p><a class=\"iframe-fancybox\" title=\"photos Languedoc\" href=\"http:\/\/centcols.net\/util\/visuAlbum.php?album=00722-006\" target=\"_blank\">2e partie<\/a><\/p>\n<p><a class=\"iframe-fancybox\" title=\"photos Languedoc\" href=\"http:\/\/centcols.net\/util\/visuAlbum.php?album=6028-8\" target=\"_blank\">3e partie<\/a><\/p>\n<p><a class=\"iframe-fancybox\" title=\"photos Languedoc\" href=\"http:\/\/centcols.net\/util\/visuAlbum.php?album=05173-004\" target=\"_blank\">4e partie<\/a><\/p>\n<h2>Pr\u00e9sentation<\/h2>\n<p>Circuit VTT dit &#8220;des Roques Blanches&#8221;, voir TOPO 1 page 42.<br \/>\nD\u00e9part Villefranche de Conflent (66) \u00e0 9 heures.<br \/>\n10 cols dont 6 cols &gt; 2000m.<br \/>\nRepas tir\u00e9 du sac.<\/p>\n<h3>Contact<\/h3>\n<p>Ren\u00e9 MARTY<\/p>\n<a href=\"ma&#105;&#108;&#116;&#111;:r&#101;ne-m&#97;&#114;&#116;&#121;&#49;&#49;&#64;&#104;otma&#105;&#108;&#46;f&#114;\">r&#101;&#110;e-&#109;a&#114;&#116;y1&#49;&#64;h&#111;&#116;m&#97;&#105;&#108;.&#102;r<\/a>\n<p>+33 (0)6.48.38.96.72<\/p>\n","protected":false},"excerpt":{"rendered":"<p>Les photos 1ere partie 2e partie 3e partie 4e partie Pr\u00e9sentation Circuit VTT dit &#8220;des Roques Blanches&#8221;, voir TOPO 1 page 42. D\u00e9part Villefranche de Conflent (66) \u00e0 9 heures. 10 cols dont 6 cols &gt; 2000m. Repas tir\u00e9 du sac. Contact Ren\u00e9 MARTY +33 (0)6.48.38.96.72<\/p>\n","protected":false},"author":2001,"featured_media":0,"comment_status":"closed","ping_status":"closed","sticky":false,"template":"","format":"standard","meta":{"_acf_changed":false,"ub_ctt_via":"","_monsterinsights_skip_tracking":false,"_monsterinsights_sitenote_active":false,"_monsterinsights_sitenote_note":"","_monsterinsights_sitenote_category":0,"footnotes":""},"categories":[10,7],"tags":[],"acf":[],"featured_image_urls":{"full":"","thumbnail":"","medium":"","medium_large":"","large":"","1536x1536":"","2048x2048":"","woocommerce_thumbnail":"","woocommerce_single":"","woocommerce_gallery_thumbnail":""},"post_excerpt_stackable":"<p>Les photos 1ere partie 2e partie 3e partie 4e partie Pr\u00e9sentation Circuit VTT dit &#8220;des Roques Blanches&#8221;, voir TOPO 1 page 42. D\u00e9part Villefranche de Conflent (66) \u00e0 9 heures. 10 cols dont 6 cols &gt; 2000m. Repas tir\u00e9 du sac. Contact Ren\u00e9 MARTY re&#110;e-&#109;a&#114;ty1&#49;&#64;hot&#109;&#97;&#105;l.&#102;r +33 (0)6.48.38.96.72<\/p>\n","category_list":"<a href=\"https:\/\/centcols.org\/backup\/categorie\/rassemblements\/rassemblements-2012\/\" rel=\"category tag\">Les rassemblements de 2012<\/a>, <a href=\"https:\/\/centcols.org\/backup\/categorie\/rassemblements\/\" rel=\"category tag\">Rencontres r\u00e9gionales<\/a>","author_info":{"display_name":"Webmestre","author_link":"https:\/\/centcols.org\/backup\/author\/webmestre\/"},"comments_num":"0 commentaire","featured_image_urls_v2":{"full":"","thumbnail":"","medium":"","medium_large":"","large":"","1536x1536":"","2048x2048":"","woocommerce_thumbnail":"","woocommerce_single":"","woocommerce_gallery_thumbnail":""},"post_excerpt_stackable_v2":"<p>Les photos 1ere partie 2e partie 3e partie 4e partie Pr\u00e9sentation Circuit VTT dit &#8220;des Roques Blanches&#8221;, voir TOPO 1 page 42. D\u00e9part Villefranche de Conflent (66) \u00e0 9 heures. 10 cols dont 6 cols &gt; 2000m. Repas tir\u00e9 du sac. Contact Ren\u00e9 MARTY &#114;e&#110;&#101;&#45;m&#97;rt&#121;11&#64;&#104;&#111;&#116;m&#97;&#105;l&#46;f&#114; +33 (0)6.48.38.96.72<\/p>\n","category_list_v2":"<a href=\"https:\/\/centcols.org\/backup\/categorie\/rassemblements\/rassemblements-2012\/\" rel=\"category tag\">Les rassemblements de 2012<\/a>, <a href=\"https:\/\/centcols.org\/backup\/categorie\/rassemblements\/\" rel=\"category tag\">Rencontres r\u00e9gionales<\/a>","author_info_v2":{"name":"Webmestre","url":"https:\/\/centcols.org\/backup\/author\/webmestre\/"},"comments_num_v2":"0 commentaire","featured_image_src":null,"_links":{"self":[{"href":"https:\/\/centcols.org\/backup\/wp-json\/wp\/v2\/posts\/310"}],"collection":[{"href":"https:\/\/centcols.org\/backup\/wp-json\/wp\/v2\/posts"}],"about":[{"href":"https:\/\/centcols.org\/backup\/wp-json\/wp\/v2\/types\/post"}],"author":[{"embeddable":true,"href":"https:\/\/centcols.org\/backup\/wp-json\/wp\/v2\/users\/2001"}],"replies":[{"embeddable":true,"href":"https:\/\/centcols.org\/backup\/wp-json\/wp\/v2\/comments?post=310"}],"version-history":[{"count":0,"href":"https:\/\/centcols.org\/backup\/wp-json\/wp\/v2\/posts\/310\/revisions"}],"wp:attachment":[{"href":"https:\/\/centcols.org\/backup\/wp-json\/wp\/v2\/media?parent=310"}],"wp:term":[{"taxonomy":"category","embeddable":true,"href":"https:\/\/centcols.org\/backup\/wp-json\/wp\/v2\/categories?post=310"},{"taxonomy":"post_tag","embeddable":true,"href":"https:\/\/centcols.org\/backup\/wp-json\/wp\/v2\/tags?post=310"}],"curies":[{"name":"wp","href":"https:\/\/api.w.org\/{rel}","templated":true}]}}