{"id":311,"date":"2015-04-14T11:34:06","date_gmt":"2015-04-14T09:34:06","guid":{"rendered":"http:\/\/centcols.org\/backup\/?p=311"},"modified":"2015-06-09T11:30:54","modified_gmt":"2015-06-09T09:30:54","slug":"concentration-2012-col-holme","status":"publish","type":"post","link":"https:\/\/centcols.org\/backup\/concentration-2012-col-holme\/","title":{"rendered":"Concentration r\u00e9gionale Cent Cols Alpes du Sud (38-04-05) Souvenir Roland Grimaud Col de l&#8217;Holme &#8211; Dimanche 26 ao\u00fbt 2012"},"content":{"rendered":"<h2>Les photos<\/h2>\n<p><a class=\"iframe-fancybox\" title=\"photos Col de l'Holme\" href=\"http:\/\/centcols.net\/util\/visuAlbum.php?album=03225-008\" target=\"_blank\">Voir les photos<\/a><\/p>\n<h2>Article de presse<\/h2>\n<p><a title=\"article cent cols\" href=\"https:\/\/centcols.org\/backup\/wp-content\/uploads\/2015\/04\/dauphineLibere_20120828.jpg\" target=\"_blank\">Voir l&#8217;article<\/a><\/p>\n<h2>Pr\u00e9sentation<\/h2>\n<p><strong>Attention : Changement de lieu (col de l&#8217;Holme et non pas Col de Parquetout)<\/strong><\/p>\n<p>Apr\u00e8s les Hautes-Alpes (Moissi\u00e8re, 2010) et les Alpes de Haute-Provence (Fontbelle, 2011), c&#8217;est le Sud-Is\u00e8re qui accueillera la concentration r\u00e9gionale de la confr\u00e9rie des Cent Cols, Souvenir Roland Grimaud.<\/p>\n<p>Cette manifestation, organis\u00e9e conjointement par Bernard Henry et Jean-Paul Zuanon, se d\u00e9roulera pr\u00e8s de la petite ville de Corps, sur la route Napol\u00e9on (RN 85), entre Gap et La Mure. C&#8217;est le col de l&#8217;Holme (<a class=\"iframe-fancybox\" title=\"Col de l'Holme\" href=\"https:\/\/centcols.org\/backup\/util\/geo\/visuGP.php?code=FR-38-1207\" target=\"_blank\">FR-38-1207<\/a>) qui nous accueillera (et non, comme annonc\u00e9 sur la derni\u00e8re revue, le col de Parquetout pour cause de f\u00eate au village proche&#8230; mais 5 km seulement s\u00e9parent les deux)<\/p>\n<p>Pour ceux qui souhaitent p\u00e9daler en groupe, nous nous retrouverons le dimanche 26 ao\u00fbt \u00e0 9 heures sur le parking situ\u00e9 \u00e0 l&#8217;entr\u00e9e sud de Corps (place Napol\u00e9on). Contrairement aux traditions, nous avons pr\u00e9f\u00e9r\u00e9 organiser les sorties en matin\u00e9e afin de mieux profiter du moment toujours trop court des retrouvailles amicales (et en plus il fera moins chaud).<\/p>\n<p>A partir de Corps, les participants pourront choisir diff\u00e9rents circuits (route ou VTT) avant de gagner le col de l&#8217;Holme (FR-38-1207) sur la commune de Ste Luce \u00e0 partir de midi. Les parcours seront libres (non encadr\u00e9s) mais diff\u00e9rents itin\u00e9raires seront propos\u00e9s<\/p>\n<p>Apr\u00e8s les traditionnels mots d&#8217;accueil, nous pique-niquerons tous ensemble (ap\u00e9ritif et vin offerts par l&#8217;organisation) avant de partager le pain de Ste Luce, les fromages locaux&#8230; et les desserts-surprise que certain(e)s auront apport\u00e9s (Les bugnes du col de Fontbelle sont encore dans toutes les m\u00e9moires de ceux qui y \u00e9taient&#8230;).<\/p>\n<p>On peut amener si\u00e8ges et tables de camping pour plus de confort.<\/p>\n<h2>Quelques cols \u00e0 (re)d\u00e9couvrir<\/h2>\n<h3>Routiers<\/h3>\n<p>St Julien (<a class=\"iframe-fancybox\" title=\"Col de Saint Julien\" href=\"https:\/\/centcols.org\/backup\/util\/geo\/visuGP.php?code=FR-38-1295\" target=\"_blank\">FR-38-1295<\/a>), Pierre Grosse (<a class=\"iframe-fancybox\" title=\"Col de Pierre Grosse\" href=\"https:\/\/centcols.org\/backup\/util\/geo\/visuGP.php?code=FR-38-1322\" target=\"_blank\">FR-38-1322<\/a>), Parquetout (<a class=\"iframe-fancybox\" title=\"Col de Parquetout\" href=\"https:\/\/centcols.org\/backup\/util\/geo\/visuGP.php?code=FR-38-1398\" target=\"_blank\">FR-38-1398<\/a>), Pr\u00e9s Sal\u00e9s (<a class=\"iframe-fancybox\" title=\"Col des Pr\u00e9s Sal\u00e9s\" href=\"https:\/\/centcols.org\/backup\/util\/geo\/visuGP.php?code=FR-38-1554\" target=\"_blank\">FR-38-1554<\/a>), l&#8217;Homme (<a class=\"iframe-fancybox\" title=\"Col de L'Homme\" href=\"https:\/\/centcols.org\/backup\/util\/geo\/visuGP.php?code=FR-38-1650\" target=\"_blank\">FR-38-1650<\/a>)<\/p>\n<h3>Muletiers<\/h3>\n<p>Chainelette (<a class=\"iframe-fancybox\" title=\"Col de la Chainelette\" href=\"https:\/\/centcols.org\/backup\/util\/geo\/visuGP.php?code=FR-38-1326a\" target=\"_blank\">FR-38-1326a<\/a>), Vachers (<a class=\"iframe-fancybox\" title=\"Col des Vachers\" href=\"https:\/\/centcols.org\/backup\/util\/geo\/visuGP.php?code=FR-38-1354\" target=\"_blank\">FR-38-1354<\/a>), Haut Col (<a class=\"iframe-fancybox\" title=\"Haut Col\" href=\"https:\/\/centcols.org\/backup\/util\/geo\/visuGP.php?code=FR-38-1478\" target=\"_blank\">FR-38-1478<\/a>), Chauvet (<a class=\"iframe-fancybox\" title=\"Col de Chauvet\" href=\"https:\/\/centcols.org\/backup\/util\/geo\/visuGP.php?code=FR-38-1588\" target=\"_blank\">FR-38-1588<\/a>)<br \/>\nHurti\u00e8res (<a class=\"iframe-fancybox\" title=\"Col d'Hurti\u00e8res\" href=\"https:\/\/centcols.org\/backup\/util\/geo\/visuGP.php?code=FR-38-1825\" target=\"_blank\">FR-38-1825<\/a>), Nodry (<a class=\"iframe-fancybox\" title=\"Col Nodry\" href=\"https:\/\/centcols.org\/backup\/util\/geo\/visuGP.php?code=FR-38-1826\" target=\"_blank\">FR-38-1826<\/a>), Porte du Vallon (<a class=\"iframe-fancybox\" title=\"Porte du Vallon\" href=\"https:\/\/centcols.org\/backup\/util\/geo\/visuGP.php?code=FR-38-1915\" target=\"_blank\">FR-38-1915<\/a>), Li\u00e8re (<a class=\"iframe-fancybox\" title=\"Col de Li\u00e8re\" href=\"https:\/\/centcols.org\/backup\/util\/geo\/visuGP.php?code=FR-38-1917\" target=\"_blank\">FR-38-1917<\/a>)<br \/>\nLe col de l&#8217;Eterpat (<a class=\"iframe-fancybox\" title=\"Col de l'Eterpat\" href=\"https:\/\/centcols.org\/backup\/util\/geo\/visuGP.php?code=FR-38-1953\" target=\"_blank\">FR-38-1953<\/a>) situ\u00e9 au-dessus du sanctuaire de la Salette est interdit aux v\u00e9los, surtout pendant la saison d&#8217;\u00e9t\u00e9<\/p>\n<h2>&#8230;et encore d&#8217;autres cols \u00e0 proximit\u00e9<\/h2>\n<h3>Routiers<\/h3>\n<p>Festre, Rioupes, Noyer, Collet (tous en D\u00e9voluy), Festreaux et Esparcelet (Valgau) St S\u00e9bastien, Laye et Masserange (Tri\u00e8ves)&#8230;<\/p>\n<h3>Muletiers<\/h3>\n<p>Rimas, Vachers, Aup, Sambue, Fa\u00efsses, Champlong, Pr\u00e9s Hauts, Orme&#8230;<\/p>\n<h2>Pour en savoir plus<\/h2>\n<ul>\n<li>Cartes Top 25 3336 OT (La Mure-Valbonnais) et 3336 ET (Les Deux-Alpes, Olan-Muzelle) ; \u00e9ventuellement 3337 OT (D\u00e9voluy-Obiou-Pic de Bure)<\/li>\n<li>Pour ceux qui voudraient venir la veille ou rester le dimanche soir (ou faire les deux), Corps dispose de trois campings, de g\u00eetes et d&#8217;h\u00f4tels-restaurants. Le restaurant de la Poste, tenu par un ancien du paquebot France, est une table renomm\u00e9e dans la r\u00e9gion. On mange tr\u00e8s bien \u00e9galement au Tilleul et \u00e0 Boustigue, situ\u00e9 au-dessus de Corps dans un cadre exceptionnel.<\/li>\n<li>Maison du Tourisme de Corps 04.76.30.03.85 (N&#8217;h\u00e9sitez pas, en plus la responsable est charmante et de bon conseil)<\/li>\n<li>A voir dans le secteur, le barrage du Sautet (construit en 1935), haut de 126 m, et un peu plus loin (\u00e0 l&#8217;entr\u00e9e du D\u00e9voluy) les sources des Gillardes, deuxi\u00e8me r\u00e9surgence de France apr\u00e8s la Fontaine du Vaucluse.<\/li>\n<li>Bernard Henry (04.92.44.09.02) ou Jean-Paul Zuanon (06.23.95.24.31 ou 07.86.49.22.70) sont \u00e0 votre disposition pour tout renseignement compl\u00e9mentaire et pour rendre votre s\u00e9jour agr\u00e9able<\/li>\n<\/ul>\n","protected":false},"excerpt":{"rendered":"<p>Les photos Voir les photos Article de presse Voir l&#8217;article Pr\u00e9sentation Attention : Changement de lieu (col de l&#8217;Holme et non pas Col de Parquetout) Apr\u00e8s les Hautes-Alpes (Moissi\u00e8re, 2010) et les Alpes de Haute-Provence (Fontbelle, 2011), c&#8217;est le Sud-Is\u00e8re qui accueillera la concentration r\u00e9gionale de la confr\u00e9rie des Cent Cols, Souvenir Roland Grimaud. Cette [&hellip;]<\/p>\n","protected":false},"author":2001,"featured_media":0,"comment_status":"closed","ping_status":"closed","sticky":false,"template":"","format":"standard","meta":{"_acf_changed":false,"ub_ctt_via":"","_monsterinsights_skip_tracking":false,"_monsterinsights_sitenote_active":false,"_monsterinsights_sitenote_note":"","_monsterinsights_sitenote_category":0,"footnotes":""},"categories":[10,7],"tags":[],"acf":[],"featured_image_urls":{"full":"","thumbnail":"","medium":"","medium_large":"","large":"","1536x1536":"","2048x2048":"","woocommerce_thumbnail":"","woocommerce_single":"","woocommerce_gallery_thumbnail":""},"post_excerpt_stackable":"<p>Les photos Voir les photos Article de presse Voir l&#8217;article Pr\u00e9sentation Attention : Changement de lieu (col de l&#8217;Holme et non pas Col de Parquetout) Apr\u00e8s les Hautes-Alpes (Moissi\u00e8re, 2010) et les Alpes de Haute-Provence (Fontbelle, 2011), c&#8217;est le Sud-Is\u00e8re qui accueillera la concentration r\u00e9gionale de la confr\u00e9rie des Cent Cols, Souvenir Roland Grimaud. Cette manifestation, organis\u00e9e conjointement par Bernard Henry et Jean-Paul Zuanon, se d\u00e9roulera pr\u00e8s de la petite ville de Corps, sur la route Napol\u00e9on (RN 85), entre Gap et La Mure. C&#8217;est le col de l&#8217;Holme (FR-38-1207) qui nous accueillera (et non, comme annonc\u00e9 sur la derni\u00e8re\u2026<\/p>\n","category_list":"<a href=\"https:\/\/centcols.org\/backup\/categorie\/rassemblements\/rassemblements-2012\/\" rel=\"category tag\">Les rassemblements de 2012<\/a>, <a href=\"https:\/\/centcols.org\/backup\/categorie\/rassemblements\/\" rel=\"category tag\">Rencontres r\u00e9gionales<\/a>","author_info":{"display_name":"Webmestre","author_link":"https:\/\/centcols.org\/backup\/author\/webmestre\/"},"comments_num":"0 commentaire","featured_image_urls_v2":{"full":"","thumbnail":"","medium":"","medium_large":"","large":"","1536x1536":"","2048x2048":"","woocommerce_thumbnail":"","woocommerce_single":"","woocommerce_gallery_thumbnail":""},"post_excerpt_stackable_v2":"<p>Les photos Voir les photos Article de presse Voir l&#8217;article Pr\u00e9sentation Attention : Changement de lieu (col de l&#8217;Holme et non pas Col de Parquetout) Apr\u00e8s les Hautes-Alpes (Moissi\u00e8re, 2010) et les Alpes de Haute-Provence (Fontbelle, 2011), c&#8217;est le Sud-Is\u00e8re qui accueillera la concentration r\u00e9gionale de la confr\u00e9rie des Cent Cols, Souvenir Roland Grimaud. Cette manifestation, organis\u00e9e conjointement par Bernard Henry et Jean-Paul Zuanon, se d\u00e9roulera pr\u00e8s de la petite ville de Corps, sur la route Napol\u00e9on (RN 85), entre Gap et La Mure. C&#8217;est le col de l&#8217;Holme (FR-38-1207) qui nous accueillera (et non, comme annonc\u00e9 sur la derni\u00e8re\u2026<\/p>\n","category_list_v2":"<a href=\"https:\/\/centcols.org\/backup\/categorie\/rassemblements\/rassemblements-2012\/\" rel=\"category tag\">Les rassemblements de 2012<\/a>, <a href=\"https:\/\/centcols.org\/backup\/categorie\/rassemblements\/\" rel=\"category tag\">Rencontres r\u00e9gionales<\/a>","author_info_v2":{"name":"Webmestre","url":"https:\/\/centcols.org\/backup\/author\/webmestre\/"},"comments_num_v2":"0 commentaire","featured_image_src":null,"_links":{"self":[{"href":"https:\/\/centcols.org\/backup\/wp-json\/wp\/v2\/posts\/311"}],"collection":[{"href":"https:\/\/centcols.org\/backup\/wp-json\/wp\/v2\/posts"}],"about":[{"href":"https:\/\/centcols.org\/backup\/wp-json\/wp\/v2\/types\/post"}],"author":[{"embeddable":true,"href":"https:\/\/centcols.org\/backup\/wp-json\/wp\/v2\/users\/2001"}],"replies":[{"embeddable":true,"href":"https:\/\/centcols.org\/backup\/wp-json\/wp\/v2\/comments?post=311"}],"version-history":[{"count":0,"href":"https:\/\/centcols.org\/backup\/wp-json\/wp\/v2\/posts\/311\/revisions"}],"wp:attachment":[{"href":"https:\/\/centcols.org\/backup\/wp-json\/wp\/v2\/media?parent=311"}],"wp:term":[{"taxonomy":"category","embeddable":true,"href":"https:\/\/centcols.org\/backup\/wp-json\/wp\/v2\/categories?post=311"},{"taxonomy":"post_tag","embeddable":true,"href":"https:\/\/centcols.org\/backup\/wp-json\/wp\/v2\/tags?post=311"}],"curies":[{"name":"wp","href":"https:\/\/api.w.org\/{rel}","templated":true}]}}