{"id":313,"date":"2015-04-14T11:50:52","date_gmt":"2015-04-14T09:50:52","guid":{"rendered":"http:\/\/centcols.org\/backup\/?p=313"},"modified":"2015-06-09T11:30:37","modified_gmt":"2015-06-09T09:30:37","slug":"concentration-2012-col-pierre-faux","status":"publish","type":"post","link":"https:\/\/centcols.org\/backup\/concentration-2012-col-pierre-faux\/","title":{"rendered":"Concentration r\u00e9gionale Cent Cols Dr\u00f4me-Ard\u00e8che-Vaucluse Col des Pierres de Faux &#8211; Dimanche 2 septembre 2012"},"content":{"rendered":"<h2>Les photos<\/h2>\n<p><a class=\"iframe-fancybox\" title=\"photos Col des Pierres de Faux\" href=\"http:\/\/centcols.net\/util\/visuAlbum.php?album=5650-10\" target=\"_blank\">Voir les photos<\/a><\/p>\n<h2>Article de presse<\/h2>\n<p><a title=\"article cent cols\" href=\"https:\/\/centcols.org\/backup\/wp-content\/uploads\/2015\/04\/DL_20120906.jpg\" target=\"_blank\">Voir l&#8217;article<\/a><\/p>\n<h2>Pr\u00e9sentation<\/h2>\n<p>Le rendez-vous est fix\u00e9 au Col des Pierres de Faux (<a title=\"Col des Pierres de Faux\" href=\"https:\/\/centcols.org\/backup\/util\/geo\/visuGP.php?code=FR-07-0793\" target=\"_blank\">FR-07-0793<\/a>) \u00e0 partir de 11h afin de partager le fromage et le verre de l\u2019amiti\u00e9.<\/p>\n<p>Des parcours route et VTT vous sont propos\u00e9s afin de rassasier vos app\u00e9tits de cols lors d&#8217;une belle balade au pays des myrtilles et ch\u00e2taigniers !<\/p>\n<h3>Parcours route<\/h3>\n<p>Ce parcours route, non-accompagn\u00e9, est au d\u00e9part de Privas (parking conseill\u00e9: le Champ de Mars).<\/p>\n<p>Prenez la RD7 jusqu&#8217;au col du Benas<a class=\"iframe-fancybox\" title=\"Col du Benas\" href=\"https:\/\/centcols.org\/backup\/util\/geo\/visuGP.php?code=FR-07-0795\" target=\"_blank\"> FR-07-0795<\/a>, Freyssenet, coulet de la Souli\u00e8re <a class=\"iframe-fancybox\" title=\"Coulet de la Souli\u00e8re\" href=\"https:\/\/centcols.org\/backup\/util\/geo\/visuGP.php?code=FR-07-0834\" target=\"_blank\">FR-07-0834<\/a>, col de l&#8217;Escrinet <a class=\"iframe-fancybox\" title=\"Col de l'Escrinet\" href=\"https:\/\/centcols.org\/backup\/util\/geo\/visuGP.php?code=FR-07-0787\" target=\"_blank\">FR-07-0787<\/a>, et prendre la RD104 jusqu&#8217;au col d&#8217;Auriolles <a class=\"iframe-fancybox\" title=\"Col d'Auriolles\" href=\"https:\/\/centcols.org\/backup\/util\/geo\/visuGP.php?code=FR-07-0495\" target=\"_blank\">FR-07-0495<\/a>.<\/p>\n<p>L\u00e0, prenez la RD356 jusqu&#8217;\u00e0 St Michel-de-Boulogne, lorsque vous arrivez au carrefour avec la RD256 prenez la direction de Gourdon.<\/p>\n<p>Possibilit\u00e9 de faire deux cols en A\/R : le couletet <a class=\"iframe-fancybox\" title=\"Le Couletet\" href=\"https:\/\/centcols.org\/backup\/util\/geo\/visuGP.php?code=FR-07-0605\" target=\"_blank\">FR-07-0605<\/a> et le coulet <a class=\"iframe-fancybox\" title=\"Le Coulet\" href=\"https:\/\/centcols.org\/backup\/util\/geo\/visuGP.php?code=FR-07-0650\" target=\"_blank\">FR-07-0650<\/a> sur une route communale (environ 6km l&#8217;aller retour).<\/p>\n<p>Une fois arriv\u00e9 \u00e0 Gourdon, prendre la direction de Privas. Col de Sarrasset <a class=\"iframe-fancybox\" title=\"Col de Sarrasset\" href=\"https:\/\/centcols.org\/backup\/util\/geo\/visuGP.php?code=FR-07-0825\" target=\"_blank\">FR-07-0825<\/a>, prendre encore la direction de Privas, puis la premi\u00e8re \u00e0 gauche direction Ajoux.<\/p>\n<p>Et enfin le col des Pierres de Faux <a class=\"iframe-fancybox\" title=\"Col des Pierres de Faux\" href=\"https:\/\/centcols.org\/backup\/util\/geo\/visuGP.php?code=FR-07-0793\" target=\"_blank\">FR-07-0793<\/a> pour un total de 50 km \u00e0 56 km avec les options, plus le retour sur Privas.<\/p>\n<h3>Parcours VTT<\/h3>\n<p>Le parcours sera accompagn\u00e9 par Raymond Chapelle (CC n\u00b0 6588).<\/p>\n<p>Rendez vous \u00e0 la deuxi\u00e8me aire de repos qui se trouve 700 m apr\u00e8s le col de l&#8217;Ar\u00eanier <a class=\"iframe-fancybox\" title=\"Col de l'Ar\u00e9nier\" href=\"https:\/\/centcols.org\/backup\/util\/geo\/visuGP.php?code=FR-07-0682\" target=\"_blank\">FR-07-0682<\/a> sur la droite en venant de Privas \u00e0 08h30.<\/p>\n<p>A partir de l\u00e0 nous ferons les cols suivants et dans l&#8217;ordre: col du Renard <a class=\"iframe-fancybox\" title=\"Col du Renard\" href=\"https:\/\/centcols.org\/backup\/util\/geo\/visuGP.php?code=FR-07-0690\" target=\"_blank\">FR-07-0690<\/a>, col de Sarrasset <a class=\"iframe-fancybox\" title=\"Col de Sarrasset\" href=\"https:\/\/centcols.org\/backup\/util\/geo\/visuGP.php?code=FR-07-0825\" target=\"_blank\">FR-07-0825<\/a>, col de la Fayolle <a class=\"iframe-fancybox\" title=\"Col de la Fayolle\" href=\"https:\/\/centcols.org\/backup\/util\/geo\/visuGP.php?code=FR-07-0877\" target=\"_blank\">FR-07-0877<\/a>, Lichessol (\u00e0 l&#8217;\u00e9tude par le GT France), aller-retour jusqu&#8217;au Goulet de Malpertu <a class=\"iframe-fancybox\" title=\"Goulet de Malpertu\" href=\"https:\/\/centcols.org\/backup\/util\/geo\/visuGP.php?code=FR-07-0997\" target=\"_blank\">FR-07-0997<\/a>, col des 4 Vios <a class=\"iframe-fancybox\" title=\"Col des Quatre Vios\" href=\"https:\/\/centcols.org\/backup\/util\/geo\/visuGP.php?code=FR-07-1149\" target=\"_blank\">FR-07-1149<\/a>.<\/p>\n<p>Possibilit\u00e9 de faire le col de M\u00e9zilhac<a class=\"iframe-fancybox\" title=\"Col de M\u00e9zilhac\" href=\"https:\/\/centcols.org\/backup\/util\/geo\/visuGP.php?code=FR-07-1119\" target=\"_blank\"> FR-07-1119<\/a>.<\/p>\n<p>Col du Veyrier <a class=\"iframe-fancybox\" title=\"Col du Veyrier\" href=\"https:\/\/centcols.org\/backup\/util\/geo\/visuGP.php?code=FR-07-1129\" target=\"_blank\">FR-07-1129<\/a>, le Col <a class=\"iframe-fancybox\" title=\"Le Col\" href=\"https:\/\/centcols.org\/backup\/util\/geo\/visuGP.php?code=FR-07-1194\" target=\"_blank\">FR-07-1194<\/a>, le Malpas <a class=\"iframe-fancybox\" title=\"Malpas\" href=\"https:\/\/centcols.org\/backup\/util\/geo\/visuGP.php?code=FR-07-1074\" target=\"_blank\">FR-07-1074<\/a>, col de Miraud <a class=\"iframe-fancybox\" title=\"Col de Miraud\" href=\"https:\/\/centcols.org\/backup\/util\/geo\/visuGP.php?code=FR-07-0986\" target=\"_blank\">FR-07-0986<\/a><\/p>\n<p>A\/R au goulet de Peyrille <a class=\"iframe-fancybox\" title=\"Goulet de Peyrille\" href=\"https:\/\/centcols.org\/backup\/util\/geo\/visuGP.php?code=FR-07-0832\" target=\"_blank\">FR-07-0832<\/a>.<\/p>\n<p>Enfin le col des Pierres de Faux <a class=\"iframe-fancybox\" title=\"Col des Pierres de Faux\" href=\"https:\/\/centcols.org\/backup\/util\/geo\/visuGP.php?code=FR-07-0793\" target=\"_blank\">FR-07-0793<\/a>, lieu de la Concentration.<\/p>\n<p>Pour terminer la journ\u00e9e, si le coeur vous en dit, vous pourrez franchir le col de Chabane <a class=\"iframe-fancybox\" title=\"Col de Chabane\" href=\"https:\/\/centcols.org\/backup\/util\/geo\/visuGP.php?code=FR-07-0930\" target=\"_blank\">FR-07-0930<\/a> puis le col de l&#8217;Escrinet <a class=\"iframe-fancybox\" title=\"Col de l'Escrinet\" href=\"https:\/\/centcols.org\/backup\/util\/geo\/visuGP.php?code=FR-07-0787\" target=\"_blank\">FR-07-0787<\/a>.<\/p>\n<p>Ce parcours est en grande partie sur route, d&#8217;une distance de 40 \u00e0 60 km, avec quelques zones de poussages, mais reste accessible m\u00eame aux n\u00e9ophytes!<\/p>\n<p>NB: Les plus costauds peuvent partir de Privas ou Veyras.<\/p>\n<p>Repas tir\u00e9s du sac, bonne humeur bienvenue !<\/p>\n<p>Cette organisation ne sera maintenue que par beau temps (m\u00e9t\u00e9o de la veille).<\/p>\n<p>Pensez \u00e0 vous faire conna\u00eetre, pour la logistique, en contactant l&#8217;organisateur :<\/p>\n<h3>Contact<\/h3>\n<p>Mika\u00ebl Vialle<\/p>\n<p>345 route de Rochessauve, 07210 ALISSAS<\/p>\n<a href=\"ma&#105;&#108;&#116;&#111;:m&#105;&#107;ae&#108;&#102;leche3&#64;&#121;&#97;ho&#111;.&#102;r\">&#109;i&#107;&#97;&#101;&#108;&#102;&#108;&#101;ch&#101;&#51;&#64;&#121;ah&#111;o.&#102;&#114;<\/a>\n<p>+33 (0)6.69.59.27.11<\/p>\n","protected":false},"excerpt":{"rendered":"<p>Les photos Voir les photos Article de presse Voir l&#8217;article Pr\u00e9sentation Le rendez-vous est fix\u00e9 au Col des Pierres de Faux (FR-07-0793) \u00e0 partir de 11h afin de partager le fromage et le verre de l\u2019amiti\u00e9. Des parcours route et VTT vous sont propos\u00e9s afin de rassasier vos app\u00e9tits de cols lors d&#8217;une belle balade [&hellip;]<\/p>\n","protected":false},"author":2001,"featured_media":0,"comment_status":"closed","ping_status":"closed","sticky":false,"template":"","format":"standard","meta":{"_acf_changed":false,"ub_ctt_via":"","_monsterinsights_skip_tracking":false,"_monsterinsights_sitenote_active":false,"_monsterinsights_sitenote_note":"","_monsterinsights_sitenote_category":0,"footnotes":""},"categories":[10,7],"tags":[],"acf":[],"featured_image_urls":{"full":"","thumbnail":"","medium":"","medium_large":"","large":"","1536x1536":"","2048x2048":"","woocommerce_thumbnail":"","woocommerce_single":"","woocommerce_gallery_thumbnail":""},"post_excerpt_stackable":"<p>Les photos Voir les photos Article de presse Voir l&#8217;article Pr\u00e9sentation Le rendez-vous est fix\u00e9 au Col des Pierres de Faux (FR-07-0793) \u00e0 partir de 11h afin de partager le fromage et le verre de l\u2019amiti\u00e9. Des parcours route et VTT vous sont propos\u00e9s afin de rassasier vos app\u00e9tits de cols lors d&#8217;une belle balade au pays des myrtilles et ch\u00e2taigniers ! Parcours route Ce parcours route, non-accompagn\u00e9, est au d\u00e9part de Privas (parking conseill\u00e9: le Champ de Mars). Prenez la RD7 jusqu&#8217;au col du Benas FR-07-0795, Freyssenet, coulet de la Souli\u00e8re FR-07-0834, col de l&#8217;Escrinet FR-07-0787, et prendre la\u2026<\/p>\n","category_list":"<a href=\"https:\/\/centcols.org\/backup\/categorie\/rassemblements\/rassemblements-2012\/\" rel=\"category tag\">Les rassemblements de 2012<\/a>, <a href=\"https:\/\/centcols.org\/backup\/categorie\/rassemblements\/\" rel=\"category tag\">Rencontres r\u00e9gionales<\/a>","author_info":{"display_name":"Webmestre","author_link":"https:\/\/centcols.org\/backup\/author\/webmestre\/"},"comments_num":"0 commentaire","featured_image_urls_v2":{"full":"","thumbnail":"","medium":"","medium_large":"","large":"","1536x1536":"","2048x2048":"","woocommerce_thumbnail":"","woocommerce_single":"","woocommerce_gallery_thumbnail":""},"post_excerpt_stackable_v2":"<p>Les photos Voir les photos Article de presse Voir l&#8217;article Pr\u00e9sentation Le rendez-vous est fix\u00e9 au Col des Pierres de Faux (FR-07-0793) \u00e0 partir de 11h afin de partager le fromage et le verre de l\u2019amiti\u00e9. Des parcours route et VTT vous sont propos\u00e9s afin de rassasier vos app\u00e9tits de cols lors d&#8217;une belle balade au pays des myrtilles et ch\u00e2taigniers ! Parcours route Ce parcours route, non-accompagn\u00e9, est au d\u00e9part de Privas (parking conseill\u00e9: le Champ de Mars). Prenez la RD7 jusqu&#8217;au col du Benas FR-07-0795, Freyssenet, coulet de la Souli\u00e8re FR-07-0834, col de l&#8217;Escrinet FR-07-0787, et prendre la\u2026<\/p>\n","category_list_v2":"<a href=\"https:\/\/centcols.org\/backup\/categorie\/rassemblements\/rassemblements-2012\/\" rel=\"category tag\">Les rassemblements de 2012<\/a>, <a href=\"https:\/\/centcols.org\/backup\/categorie\/rassemblements\/\" rel=\"category tag\">Rencontres r\u00e9gionales<\/a>","author_info_v2":{"name":"Webmestre","url":"https:\/\/centcols.org\/backup\/author\/webmestre\/"},"comments_num_v2":"0 commentaire","featured_image_src":null,"_links":{"self":[{"href":"https:\/\/centcols.org\/backup\/wp-json\/wp\/v2\/posts\/313"}],"collection":[{"href":"https:\/\/centcols.org\/backup\/wp-json\/wp\/v2\/posts"}],"about":[{"href":"https:\/\/centcols.org\/backup\/wp-json\/wp\/v2\/types\/post"}],"author":[{"embeddable":true,"href":"https:\/\/centcols.org\/backup\/wp-json\/wp\/v2\/users\/2001"}],"replies":[{"embeddable":true,"href":"https:\/\/centcols.org\/backup\/wp-json\/wp\/v2\/comments?post=313"}],"version-history":[{"count":0,"href":"https:\/\/centcols.org\/backup\/wp-json\/wp\/v2\/posts\/313\/revisions"}],"wp:attachment":[{"href":"https:\/\/centcols.org\/backup\/wp-json\/wp\/v2\/media?parent=313"}],"wp:term":[{"taxonomy":"category","embeddable":true,"href":"https:\/\/centcols.org\/backup\/wp-json\/wp\/v2\/categories?post=313"},{"taxonomy":"post_tag","embeddable":true,"href":"https:\/\/centcols.org\/backup\/wp-json\/wp\/v2\/tags?post=313"}],"curies":[{"name":"wp","href":"https:\/\/api.w.org\/{rel}","templated":true}]}}