{"id":315,"date":"2015-04-14T12:03:46","date_gmt":"2015-04-14T10:03:46","guid":{"rendered":"http:\/\/centcols.org\/backup\/?p=315"},"modified":"2015-06-09T11:30:16","modified_gmt":"2015-06-09T09:30:16","slug":"concentration-2012-col-crie","status":"publish","type":"post","link":"https:\/\/centcols.org\/backup\/concentration-2012-col-crie\/","title":{"rendered":"Concentration r\u00e9gionale Cent Cols Massif Central au col de Crie Dimanche 23 septembre 2012"},"content":{"rendered":"<h2>Les photos<\/h2>\n<p><a class=\"iframe-fancybox\" title=\"Photos du Col de Crie\" href=\"http:\/\/centcols.net\/util\/visuAlbum.php?album=05178-002\" target=\"_blank\">Voir les photos<\/a><\/p>\n<h2>Article de presse<\/h2>\n<p><a title=\"article cent cols\" href=\"https:\/\/centcols.org\/backup\/wp-content\/uploads\/2015\/04\/MassifCentral.xls\" target=\"_blank\">Voir l&#8217;article<\/a><\/p>\n<h2>Compte rendu<\/h2>\n<p>Une bonne trentaine de membres du club des cent cols et quelques amis accompagnateurs ont r\u00e9pondu \u00e0 l\u2019invitation de Philippe CHAZOTTIER , animateur r\u00e9gional pour cette concentration dans le Haut Beaujolais au col de Crie (FR-69-0622) au pied du Mont Saint Rigaud 1012 m si l\u2019on en croit la signal\u00e9tique sur site, 1009 m selon la carte Michelin.<\/p>\n<p>A l\u2019arriv\u00e9e des premiers membres le col \u00e9tait plong\u00e9 dans le brouillard et le soleil n\u2019est apparu que vers midi. Cela n\u2019a pas emp\u00each\u00e9 un petit groupe d\u2019effectuer, guid\u00e9 par Henri Cr\u00e9pet, le r\u00e9gional de l\u2019\u00e9tape (il habite Chauffailles en Sa\u00f4ne et Loire) un circuit de 84 km avec au menu 15 cols.<\/p>\n<p>Dans la m\u00e2tin\u00e9e nous avons eu la visite de Mr Jean Paul GENTELET, maire de Monsols, chef lieu du canton le moins peupl\u00e9 du d\u00e9partement du Rh\u00f4ne, 4249 habitants soit 22 habitants au km\u00b2.<\/p>\n<h2>Pr\u00e9sentation<\/h2>\n<p>La concentration aura lieu le dimanche 23 septembre au col de Crie (<a class=\"iframe-fancybox\" title=\"Col de Crie\" href=\"https:\/\/centcols.org\/backup\/util\/geo\/visuGP.php?code=FR-69-0622\" target=\"_blank\">FR-69-0622<\/a>) dans le d\u00e9partement du Rh\u00f4ne dans le haut Beaujolais \u00e0 quelques encablures de Monsols le chef lieu du canton et domin\u00e9 par le Mont Saint Rigaud le point culminant\u00a0 du d\u00e9partement\u00a0 qui culmine \u00e0 1012 m.<\/p>\n<p><a title=\"Haut-Beaujolais\" href=\"http:\/\/www.haut-beaujolais-tourisme.com\/france\/DT1236275924\/page\/Le-Mont-St-Rigaud.html\" target=\"_blank\">Site de l&#8217;office du tourisme du Haut-Beaujolais<\/a><\/p>\n<p>Alors bien s\u00fbr le plus haut col , le col de Patoux ,\u00a0 ne d\u00e9passe pas les 915 m mais vous serez sans doute surpris par les pourcentages de cette route foresti\u00e8re, les plus courageux d\u2019entre vous poursuivront jusqu\u2019au sommet et pourront remplir leurs bidons \u00e0 la source miraculeuse qui, qui sait, leur permettra d\u2019enfiler le restant des cols de la r\u00e9gion sans effort !<\/p>\n<p>La r\u00e9gion voit aussi le passage des p\u00e8lerins en route pour Saint Jacques de Compostelle par le GR7 : ils sont partis de Cluny tout comme d\u2019ailleurs les membres du club des cent cols qui effectuent la randonn\u00e9e permanente \u00ab 100 cols sur la ligne de partage des eaux Atlantique-M\u00e9diterran\u00e9e \u00bb !<\/p>\n<p>Je vous ai trac\u00e9 deux circuits routes (il n\u2019y a pas de cols muletiers dans les parages) l\u2019un rejoignant les vignobles beaujolais qui n\u2019auront pas eu le temps de se parer des couleurs mordor\u00e9es de l\u2019automne mais je serais bien \u00e9tonn\u00e9 si aucun cyclo ne s\u2019arr\u00eatait pour grappiller quelques grappes oubli\u00e9es par les vendangeurs ! L\u2019autre fera une incursion en Sa\u00f4ne et Loire avec le court mais tr\u00e8s dur col de Dun (<a class=\"iframe-fancybox\" title=\"Col de Dun\" href=\"https:\/\/centcols.org\/backup\/util\/geo\/visuGP.php?code=FR-71-0696\" target=\"_blank\">FR-71-0696<\/a>) et sa belle chapelle romane. Deux tables d\u2019orientation permettent de d\u00e9couvrir 25 clochers du Charollais.<\/p>\n<p><a title=\"montagne de Dun\" href=\"http:\/\/fr.wikipedia.org\/wiki\/Montagne_de_Dun\" target=\"_blank\">La Montagne de Dun sur Wikip\u00e9dia<\/a><\/p>\n<p>Un petit d\u00e9tour de quelques kms permettra de d\u00e9couvrir le superbe ch\u00e2teau de la Clayette (prononcer La Claite ).<\/p>\n<p><a title=\"Chateau de la Clayette\" href=\"https:\/\/www.google.fr\/search?q=chateau+de+la+clayette&amp;hl=fr&amp;prmd=imvns&amp;tbm=isch&amp;tbo=u&amp;source=univ&amp;sa=X&amp;ei=ypFPUMf8Cee50QWiyoDYCw&amp;sqi=2&amp;ved=0CCEQsAQ&amp;biw=1486&amp;bih=763\" target=\"_blank\">Voir les photos du Ch\u00e2teau de la Clayette<\/a><\/p>\n<p>Alors que les chasseurs de BPF pourront faire viser leurs cartes \u00e0 Beaujeu \u00e0 9kms ainsi qu\u2019\u00e0 Vaux en Beaujolais \u00e0 27 kms .<br \/>\nDans tout les cas de figure, vous trouverez des routes tranquilles et tr\u00e8s peu fr\u00e9quent\u00e9es des automobilistes ; le canton de Monsols ne compte que 4249 habitants soit seulement 22 habitants au km\u00b2 , il est bien entendu le moins peupl\u00e9 du Rh\u00f4ne. Nous sommes proches des limites de la Loire et de la Sa\u00f4ne et Loire, bien loin on le voit des agitations caladoises ou lyonnaises !<br \/>\nMais bien s\u00fbr chacun pourra composer comme il l\u2019entend sa journ\u00e9e.<\/p>\n<p>Henri CREPET, qui est le r\u00e9gional de l\u2019\u00e9tape \u2013 il arrivera de Chauffailles tout proche &#8211; sera pr\u00e9sent au col de Crie d\u00e9s 8H15 pour vous accompagner si vous le d\u00e9sirez.<br \/>\n<a href=\"&#109;&#97;&#105;lt&#111;&#58;&#104;&#101;nr&#105;.&#99;&#114;&#101;&#112;&#101;&#116;&#64;gm&#97;i&#108;&#46;c&#111;&#109;\">he&#110;&#114;i.&#99;&#114;ep&#101;t&#64;&#103;&#109;&#97;&#105;l.com<\/a><\/p>\n<p>Quand \u00e0 moi je vous attendrai autour de la maison de Pays du col de Crie \u00e0 partir de 11h00 pour partager le vin et le fromage selon la tradition 100 cols.<br \/>\nSi d\u2019aventure les pr\u00e9visions m\u00e9t\u00e9o \u00e9taient mauvaises la concentration serait annul\u00e9e, l\u2019avis sera pass\u00e9 sur la liste de discussion ainsi qu\u2019aux membres qui m\u2019auraient d\u00e9j\u00e0 contact\u00e9 par mail.<\/p>\n<p><a title=\"feuille de route\" href=\"https:\/\/centcols.org\/backup\/wp-content\/uploads\/2015\/04\/MassifCentral.xls\" target=\"_blank\">T\u00e9l\u00e9charger la feuille de route<\/a><\/p>\n<p>A bient\u00f4t<\/p>\n<p>Philippe CHAZOTIER 5178<br \/>\n06 12 51 32 55<\/p>\n","protected":false},"excerpt":{"rendered":"<p>Les photos Voir les photos Article de presse Voir l&#8217;article Compte rendu Une bonne trentaine de membres du club des cent cols et quelques amis accompagnateurs ont r\u00e9pondu \u00e0 l\u2019invitation de Philippe CHAZOTTIER , animateur r\u00e9gional pour cette concentration dans le Haut Beaujolais au col de Crie (FR-69-0622) au pied du Mont Saint Rigaud 1012 [&hellip;]<\/p>\n","protected":false},"author":2001,"featured_media":0,"comment_status":"closed","ping_status":"closed","sticky":false,"template":"","format":"standard","meta":{"_acf_changed":false,"ub_ctt_via":"","_monsterinsights_skip_tracking":false,"_monsterinsights_sitenote_active":false,"_monsterinsights_sitenote_note":"","_monsterinsights_sitenote_category":0,"footnotes":""},"categories":[10,7],"tags":[],"acf":[],"featured_image_urls":{"full":"","thumbnail":"","medium":"","medium_large":"","large":"","1536x1536":"","2048x2048":"","woocommerce_thumbnail":"","woocommerce_single":"","woocommerce_gallery_thumbnail":""},"post_excerpt_stackable":"<p>Les photos Voir les photos Article de presse Voir l&#8217;article Compte rendu Une bonne trentaine de membres du club des cent cols et quelques amis accompagnateurs ont r\u00e9pondu \u00e0 l\u2019invitation de Philippe CHAZOTTIER , animateur r\u00e9gional pour cette concentration dans le Haut Beaujolais au col de Crie (FR-69-0622) au pied du Mont Saint Rigaud 1012 m si l\u2019on en croit la signal\u00e9tique sur site, 1009 m selon la carte Michelin. A l\u2019arriv\u00e9e des premiers membres le col \u00e9tait plong\u00e9 dans le brouillard et le soleil n\u2019est apparu que vers midi. Cela n\u2019a pas emp\u00each\u00e9 un petit groupe d\u2019effectuer, guid\u00e9 par\u2026<\/p>\n","category_list":"<a href=\"https:\/\/centcols.org\/backup\/categorie\/rassemblements\/rassemblements-2012\/\" rel=\"category tag\">Les rassemblements de 2012<\/a>, <a href=\"https:\/\/centcols.org\/backup\/categorie\/rassemblements\/\" rel=\"category tag\">Rencontres r\u00e9gionales<\/a>","author_info":{"display_name":"Webmestre","author_link":"https:\/\/centcols.org\/backup\/author\/webmestre\/"},"comments_num":"0 commentaire","featured_image_urls_v2":{"full":"","thumbnail":"","medium":"","medium_large":"","large":"","1536x1536":"","2048x2048":"","woocommerce_thumbnail":"","woocommerce_single":"","woocommerce_gallery_thumbnail":""},"post_excerpt_stackable_v2":"<p>Les photos Voir les photos Article de presse Voir l&#8217;article Compte rendu Une bonne trentaine de membres du club des cent cols et quelques amis accompagnateurs ont r\u00e9pondu \u00e0 l\u2019invitation de Philippe CHAZOTTIER , animateur r\u00e9gional pour cette concentration dans le Haut Beaujolais au col de Crie (FR-69-0622) au pied du Mont Saint Rigaud 1012 m si l\u2019on en croit la signal\u00e9tique sur site, 1009 m selon la carte Michelin. A l\u2019arriv\u00e9e des premiers membres le col \u00e9tait plong\u00e9 dans le brouillard et le soleil n\u2019est apparu que vers midi. Cela n\u2019a pas emp\u00each\u00e9 un petit groupe d\u2019effectuer, guid\u00e9 par\u2026<\/p>\n","category_list_v2":"<a href=\"https:\/\/centcols.org\/backup\/categorie\/rassemblements\/rassemblements-2012\/\" rel=\"category tag\">Les rassemblements de 2012<\/a>, <a href=\"https:\/\/centcols.org\/backup\/categorie\/rassemblements\/\" rel=\"category tag\">Rencontres r\u00e9gionales<\/a>","author_info_v2":{"name":"Webmestre","url":"https:\/\/centcols.org\/backup\/author\/webmestre\/"},"comments_num_v2":"0 commentaire","featured_image_src":null,"_links":{"self":[{"href":"https:\/\/centcols.org\/backup\/wp-json\/wp\/v2\/posts\/315"}],"collection":[{"href":"https:\/\/centcols.org\/backup\/wp-json\/wp\/v2\/posts"}],"about":[{"href":"https:\/\/centcols.org\/backup\/wp-json\/wp\/v2\/types\/post"}],"author":[{"embeddable":true,"href":"https:\/\/centcols.org\/backup\/wp-json\/wp\/v2\/users\/2001"}],"replies":[{"embeddable":true,"href":"https:\/\/centcols.org\/backup\/wp-json\/wp\/v2\/comments?post=315"}],"version-history":[{"count":0,"href":"https:\/\/centcols.org\/backup\/wp-json\/wp\/v2\/posts\/315\/revisions"}],"wp:attachment":[{"href":"https:\/\/centcols.org\/backup\/wp-json\/wp\/v2\/media?parent=315"}],"wp:term":[{"taxonomy":"category","embeddable":true,"href":"https:\/\/centcols.org\/backup\/wp-json\/wp\/v2\/categories?post=315"},{"taxonomy":"post_tag","embeddable":true,"href":"https:\/\/centcols.org\/backup\/wp-json\/wp\/v2\/tags?post=315"}],"curies":[{"name":"wp","href":"https:\/\/api.w.org\/{rel}","templated":true}]}}