{"id":318,"date":"2015-04-14T12:12:07","date_gmt":"2015-04-14T10:12:07","guid":{"rendered":"http:\/\/centcols.org\/backup\/?p=318"},"modified":"2015-06-09T11:29:58","modified_gmt":"2015-06-09T09:29:58","slug":"concentration-2012-pyrenees","status":"publish","type":"post","link":"https:\/\/centcols.org\/backup\/concentration-2012-pyrenees\/","title":{"rendered":"Concentration r\u00e9gionale Cent Cols Cents Cols en Pyr\u00e9n\u00e9es jumel\u00e9e avec l&#8217;Ordre des Cols Durs &#8211; Col d&#8217;Ayens (09) Dimanche 7 octobre 2012"},"content":{"rendered":"<h2>Les photos<\/h2>\n<p><a class=\"iframe-fancybox\" title=\"Photos cent cols Pyr\u00e9n\u00e9es\" href=\"http:\/\/centcols.net\/util\/visuAlbum.php?album=06028-009\">Voir les photos<\/a><\/p>\n<h2>Pr\u00e9sentation du parcours<\/h2>\n<p>C&#8217;est au Col d&#8217;Ayens (<a class=\"iframe-fancybox\" title=\"Col d'Ayens\" href=\"https:\/\/centcols.org\/backup\/util\/geo\/visuGP.php?code=FR-09-0956\" target=\"_blank\">FR-09-0956<\/a>), situ\u00e9 dans l&#8217;Ari\u00e8ge, que le Club des Cent Cols et l&#8217;Ordre des Cols Durs vous accueilleront ce Dimanche 7 octobre de 10h \u00e0 13h pour vous offrir le sandwich et le verre de l&#8217;amiti\u00e9.<\/p>\n<ul>\n<li>V\u00e9lo de route : A l&#8217;occasion de cette journ\u00e9e, qui nous l&#8217;esp\u00e9rons sera ensoleill\u00e9e aucune obligation quant au choix de l&#8217;itin\u00e9raire, l&#8217;essentiel \u00e9tant de se retrouver entre amis passionn\u00e9s de montagne.<\/li>\n<li>VTT (Responsable Jean-Marc Cl\u00e9ment) : D\u00e9part 8h30 du parking du Pont de Nert (croisement D3\/D33 sortie St-Girons rive droite du Salat)\u00a0 pour un circuit comportant les cols suivants : Cots d&#8217;Ab\u00e8res (<a class=\"iframe-fancybox\" title=\" Cots d'Ab\u00e8res\" href=\"https:\/\/centcols.org\/backup\/util\/geo\/visuGP.php?code=FR-09-0780\" target=\"_blank\">FR-09-0780<\/a>) &#8211; Col de la Calamane (<a class=\"iframe-fancybox\" title=\"Col de Calamane\" href=\"https:\/\/centcols.org\/backup\/util\/geo\/visuGP.php?code=FR-09-1298\" target=\"_blank\">FR-09-1298<\/a>) &#8211; Col d&#8217;Ayens (<a class=\"iframe-fancybox\" title=\"Col d'Ayens\" href=\"https:\/\/centcols.org\/backup\/util\/geo\/visuGP.php?code=FR-09-0956\" target=\"_blank\">FR-09-0956<\/a>) &#8211; Col de Sourrisque (<a class=\"iframe-fancybox\" title=\"Col de Sourrisque\" href=\"https:\/\/centcols.org\/backup\/util\/geo\/visuGP.php?code=FR-09-0926\" target=\"_blank\">FR-09-0926<\/a>) &#8211; Col de B\u00e8s (<a class=\"iframe-fancybox\" title=\"Col de B\u00e8s\" href=\"https:\/\/centcols.org\/backup\/util\/geo\/visuGP.php?code=FR-09-0969\" target=\"_blank\">FR-09-0969<\/a>) &#8211; Col d&#8217;Erp (<a class=\"iframe-fancybox\" title=\"Col d'Erp\" href=\"https:\/\/centcols.org\/backup\/util\/geo\/visuGP.php?code=FR-09-0776\" target=\"_blank\">FR-09-0776<\/a>) &#8211; Col du Clot du Pau (<a class=\"iframe-fancybox\" title=\"Col du Clot du Pau\" href=\"https:\/\/centcols.org\/backup\/util\/geo\/visuGP.php?code=FR-09-0802\" target=\"_blank\">FR-09-0802<\/a>).<\/li>\n<\/ul>\n<h3><a href=\"https:\/\/centcols.org\/backup\/wp-content\/uploads\/2015\/04\/Valier.jpg\"><img loading=\"lazy\" decoding=\"async\" class=\"alignnone size-medium wp-image-319\" src=\"https:\/\/centcols.org\/backup\/wp-content\/uploads\/2015\/04\/Valier-500x282.jpg\" alt=\"Valier\" width=\"500\" height=\"282\" srcset=\"https:\/\/centcols.org\/backup\/wp-content\/uploads\/2015\/04\/Valier-500x282.jpg 500w, https:\/\/centcols.org\/backup\/wp-content\/uploads\/2015\/04\/Valier-600x338.jpg 600w, https:\/\/centcols.org\/backup\/wp-content\/uploads\/2015\/04\/Valier.jpg 930w\" sizes=\"(max-width: 500px) 100vw, 500px\" \/><\/a><\/h3>\n<h3>Contact<\/h3>\n<p>Alain Gillodes<\/p>\n<p>10 impasse Joseph Delteil, 31600 MURET<\/p>\n<a href=\"m&#97;il&#116;o:a&#108;a&#105;n&#46;&#103;&#105;ll&#111;&#100;es&#64;&#111;r&#97;&#110;g&#101;&#46;&#102;r\">a&#108;a&#105;n&#46;gi&#108;&#108;od&#101;s&#64;&#111;rang&#101;&#46;f&#114;<\/a>\n<p><a href=\"https:\/\/centcols.org\/backup\/wp-content\/uploads\/2015\/04\/Ayens.jpg\"><img loading=\"lazy\" decoding=\"async\" class=\"alignnone size-full wp-image-408\" src=\"https:\/\/centcols.org\/backup\/wp-content\/uploads\/2015\/04\/Ayens.jpg\" alt=\"Ayens\" width=\"460\" height=\"345\" \/><\/a> <a href=\"https:\/\/centcols.org\/backup\/wp-content\/uploads\/2015\/04\/Table.jpg\"><img loading=\"lazy\" decoding=\"async\" class=\"alignnone size-medium wp-image-409\" src=\"https:\/\/centcols.org\/backup\/wp-content\/uploads\/2015\/04\/Table.jpg\" alt=\"Table\" width=\"460\" height=\"345\" \/><\/a> <a href=\"https:\/\/centcols.org\/backup\/wp-content\/uploads\/2015\/04\/Site.jpg\"><img loading=\"lazy\" decoding=\"async\" class=\"alignnone size-medium wp-image-410\" src=\"https:\/\/centcols.org\/backup\/wp-content\/uploads\/2015\/04\/Site.jpg\" alt=\"Site\" width=\"460\" height=\"345\" \/><\/a> <a href=\"https:\/\/centcols.org\/backup\/wp-content\/uploads\/2015\/04\/Sourrisque.jpg\"><img loading=\"lazy\" decoding=\"async\" class=\"alignnone size-medium wp-image-411\" src=\"https:\/\/centcols.org\/backup\/wp-content\/uploads\/2015\/04\/Sourrisque.jpg\" alt=\"Sourrisque\" width=\"460\" height=\"259\" \/><\/a> <a href=\"https:\/\/centcols.org\/backup\/wp-content\/uploads\/2015\/04\/Bes.jpg\"><img loading=\"lazy\" decoding=\"async\" class=\"alignnone size-medium wp-image-413\" src=\"https:\/\/centcols.org\/backup\/wp-content\/uploads\/2015\/04\/Bes.jpg\" alt=\"Bes\" width=\"460\" height=\"259\" \/><\/a> <a href=\"https:\/\/centcols.org\/backup\/wp-content\/uploads\/2015\/04\/Erp.jpg\"><img loading=\"lazy\" decoding=\"async\" class=\"alignnone size-medium wp-image-414\" src=\"https:\/\/centcols.org\/backup\/wp-content\/uploads\/2015\/04\/Erp.jpg\" alt=\"Erp\" width=\"460\" height=\"345\" \/><\/a><\/p>\n","protected":false},"excerpt":{"rendered":"<p>Les photos Voir les photos Pr\u00e9sentation du parcours C&#8217;est au Col d&#8217;Ayens (FR-09-0956), situ\u00e9 dans l&#8217;Ari\u00e8ge, que le Club des Cent Cols et l&#8217;Ordre des Cols Durs vous accueilleront ce Dimanche 7 octobre de 10h \u00e0 13h pour vous offrir le sandwich et le verre de l&#8217;amiti\u00e9. V\u00e9lo de route : A l&#8217;occasion de cette [&hellip;]<\/p>\n","protected":false},"author":2001,"featured_media":0,"comment_status":"closed","ping_status":"closed","sticky":false,"template":"","format":"standard","meta":{"_acf_changed":false,"ub_ctt_via":"","_monsterinsights_skip_tracking":false,"_monsterinsights_sitenote_active":false,"_monsterinsights_sitenote_note":"","_monsterinsights_sitenote_category":0,"footnotes":""},"categories":[10,7],"tags":[],"acf":[],"featured_image_urls":{"full":"","thumbnail":"","medium":"","medium_large":"","large":"","1536x1536":"","2048x2048":"","woocommerce_thumbnail":"","woocommerce_single":"","woocommerce_gallery_thumbnail":""},"post_excerpt_stackable":"<p>Les photos Voir les photos Pr\u00e9sentation du parcours C&#8217;est au Col d&#8217;Ayens (FR-09-0956), situ\u00e9 dans l&#8217;Ari\u00e8ge, que le Club des Cent Cols et l&#8217;Ordre des Cols Durs vous accueilleront ce Dimanche 7 octobre de 10h \u00e0 13h pour vous offrir le sandwich et le verre de l&#8217;amiti\u00e9. V\u00e9lo de route : A l&#8217;occasion de cette journ\u00e9e, qui nous l&#8217;esp\u00e9rons sera ensoleill\u00e9e aucune obligation quant au choix de l&#8217;itin\u00e9raire, l&#8217;essentiel \u00e9tant de se retrouver entre amis passionn\u00e9s de montagne. VTT (Responsable Jean-Marc Cl\u00e9ment) : D\u00e9part 8h30 du parking du Pont de Nert (croisement D3\/D33 sortie St-Girons rive droite du Salat)\u00a0 pour\u2026<\/p>\n","category_list":"<a href=\"https:\/\/centcols.org\/backup\/categorie\/rassemblements\/rassemblements-2012\/\" rel=\"category tag\">Les rassemblements de 2012<\/a>, <a href=\"https:\/\/centcols.org\/backup\/categorie\/rassemblements\/\" rel=\"category tag\">Rencontres r\u00e9gionales<\/a>","author_info":{"display_name":"Webmestre","author_link":"https:\/\/centcols.org\/backup\/author\/webmestre\/"},"comments_num":"0 commentaire","featured_image_urls_v2":{"full":"","thumbnail":"","medium":"","medium_large":"","large":"","1536x1536":"","2048x2048":"","woocommerce_thumbnail":"","woocommerce_single":"","woocommerce_gallery_thumbnail":""},"post_excerpt_stackable_v2":"<p>Les photos Voir les photos Pr\u00e9sentation du parcours C&#8217;est au Col d&#8217;Ayens (FR-09-0956), situ\u00e9 dans l&#8217;Ari\u00e8ge, que le Club des Cent Cols et l&#8217;Ordre des Cols Durs vous accueilleront ce Dimanche 7 octobre de 10h \u00e0 13h pour vous offrir le sandwich et le verre de l&#8217;amiti\u00e9. V\u00e9lo de route : A l&#8217;occasion de cette journ\u00e9e, qui nous l&#8217;esp\u00e9rons sera ensoleill\u00e9e aucune obligation quant au choix de l&#8217;itin\u00e9raire, l&#8217;essentiel \u00e9tant de se retrouver entre amis passionn\u00e9s de montagne. VTT (Responsable Jean-Marc Cl\u00e9ment) : D\u00e9part 8h30 du parking du Pont de Nert (croisement D3\/D33 sortie St-Girons rive droite du Salat)\u00a0 pour\u2026<\/p>\n","category_list_v2":"<a href=\"https:\/\/centcols.org\/backup\/categorie\/rassemblements\/rassemblements-2012\/\" rel=\"category tag\">Les rassemblements de 2012<\/a>, <a href=\"https:\/\/centcols.org\/backup\/categorie\/rassemblements\/\" rel=\"category tag\">Rencontres r\u00e9gionales<\/a>","author_info_v2":{"name":"Webmestre","url":"https:\/\/centcols.org\/backup\/author\/webmestre\/"},"comments_num_v2":"0 commentaire","featured_image_src":null,"_links":{"self":[{"href":"https:\/\/centcols.org\/backup\/wp-json\/wp\/v2\/posts\/318"}],"collection":[{"href":"https:\/\/centcols.org\/backup\/wp-json\/wp\/v2\/posts"}],"about":[{"href":"https:\/\/centcols.org\/backup\/wp-json\/wp\/v2\/types\/post"}],"author":[{"embeddable":true,"href":"https:\/\/centcols.org\/backup\/wp-json\/wp\/v2\/users\/2001"}],"replies":[{"embeddable":true,"href":"https:\/\/centcols.org\/backup\/wp-json\/wp\/v2\/comments?post=318"}],"version-history":[{"count":0,"href":"https:\/\/centcols.org\/backup\/wp-json\/wp\/v2\/posts\/318\/revisions"}],"wp:attachment":[{"href":"https:\/\/centcols.org\/backup\/wp-json\/wp\/v2\/media?parent=318"}],"wp:term":[{"taxonomy":"category","embeddable":true,"href":"https:\/\/centcols.org\/backup\/wp-json\/wp\/v2\/categories?post=318"},{"taxonomy":"post_tag","embeddable":true,"href":"https:\/\/centcols.org\/backup\/wp-json\/wp\/v2\/tags?post=318"}],"curies":[{"name":"wp","href":"https:\/\/api.w.org\/{rel}","templated":true}]}}