{"id":320,"date":"2015-04-14T12:20:37","date_gmt":"2015-04-14T10:20:37","guid":{"rendered":"http:\/\/centcols.org\/backup\/?p=320"},"modified":"2015-06-09T11:28:56","modified_gmt":"2015-06-09T09:28:56","slug":"concentration-2013-col-babaou","status":"publish","type":"post","link":"https:\/\/centcols.org\/backup\/concentration-2013-col-babaou\/","title":{"rendered":"Concentration r\u00e9gionale Cent Cols Alpes d&#8217;Azur (06-83-13) Col de Babaou &#8211; Samedi 1er juin 2013"},"content":{"rendered":"<h2>Les photos<\/h2>\n<p><a class=\"iframe-fancybox\" title=\"photos Col de babaou\" href=\"http:\/\/centcols.net\/util\/visuAlbum.php?album=4288-2\" target=\"_blank\">Voir les photos<\/a><\/p>\n<h2>Pr\u00e9sentation et parcours<\/h2>\n<p>D\u00e9part 9h00 de Cogolin (*) angle rue Marceau et avenue Coulet, pr\u00e8s du petit centre commercial adjacent au Leclerc. Transport des sacs pique-nique et autres assur\u00e9.<br \/>\nRassemblement \u00e0 12h00 au col de Babaou (<a class=\"iframe-fancybox\" title=\"Col de Babaou\" href=\"https:\/\/centcols.org\/backup\/util\/geo\/visuFR.php?code=FR-83-0414\" target=\"_blank\">FR-83-0414<\/a>). Ap\u00e9ritif, amuse gueules, boissons, dessert et caf\u00e9 offerts.<br \/>\nCircuit routier de 85 km permettant de franchir 14 cols &#8211; 3 ou 4 de plus pour les courageux<\/p>\n<p>Merci de contacter l&#8217;organisatrice (ci-dessous) si vous comptez participer afin de pr\u00e9voir une quantit\u00e9 correcte de g\u00e2teaux et autres !<\/p>\n<p>(*) Contrairement \u00e0 ce qui a \u00e9t\u00e9 publi\u00e9 dans la revue 2013 (o\u00f9 il \u00e9tait \u00e9crit d\u00e9part de Grimaud).<\/p>\n<h3>Contact<\/h3>\n<p>Simone Dayn\u00e9<\/p>\n<a href=\"&#109;&#97;&#105;lt&#111;&#58;&#115;d&#97;&#121;ne&#64;9onl&#105;n&#101;.fr\">&#115;d&#97;&#121;ne&#64;9o&#110;&#108;in&#101;.&#102;r<\/a>\n<h3>Fichiers de g\u00e9olocalisation<\/h3>\n<p>Fichier GPX complet, 720 points : <a title=\"fichier gpx de circuit\" href=\"http:\/\/centcols.net\/les_rendez-vous\/2013\/Regional\/AlpesAzur\/babaou.gpx\" target=\"_blank\">babaou.gpx<\/a><\/p>\n<p>Fichier GPX simplifi\u00e9 \u00e0 500 points : <a title=\"fichier gpx de circuit\" href=\"http:\/\/centcols.net\/les_rendez-vous\/2013\/Regional\/AlpesAzur\/babaou500.gpx\" target=\"_blank\">babaou500.gpx<\/a><\/p>\n<h3>Carte synoptique du circuit<\/h3>\n<p><a href=\"https:\/\/centcols.org\/backup\/wp-content\/uploads\/2015\/04\/carte.jpg\"><img loading=\"lazy\" decoding=\"async\" class=\"alignnone size-medium wp-image-321\" src=\"https:\/\/centcols.org\/backup\/wp-content\/uploads\/2015\/04\/carte-500x296.jpg\" alt=\"carte\" width=\"500\" height=\"296\" srcset=\"https:\/\/centcols.org\/backup\/wp-content\/uploads\/2015\/04\/carte-500x296.jpg 500w, https:\/\/centcols.org\/backup\/wp-content\/uploads\/2015\/04\/carte-600x355.jpg 600w, https:\/\/centcols.org\/backup\/wp-content\/uploads\/2015\/04\/carte.jpg 1045w\" sizes=\"(max-width: 500px) 100vw, 500px\" \/><\/a><\/p>\n","protected":false},"excerpt":{"rendered":"<p>Les photos Voir les photos Pr\u00e9sentation et parcours D\u00e9part 9h00 de Cogolin (*) angle rue Marceau et avenue Coulet, pr\u00e8s du petit centre commercial adjacent au Leclerc. Transport des sacs pique-nique et autres assur\u00e9. Rassemblement \u00e0 12h00 au col de Babaou (FR-83-0414). Ap\u00e9ritif, amuse gueules, boissons, dessert et caf\u00e9 offerts. Circuit routier de 85 km [&hellip;]<\/p>\n","protected":false},"author":2001,"featured_media":0,"comment_status":"closed","ping_status":"closed","sticky":false,"template":"","format":"standard","meta":{"_acf_changed":false,"ub_ctt_via":"","_monsterinsights_skip_tracking":false,"_monsterinsights_sitenote_active":false,"_monsterinsights_sitenote_note":"","_monsterinsights_sitenote_category":0,"footnotes":""},"categories":[11,7],"tags":[],"acf":[],"featured_image_urls":{"full":"","thumbnail":"","medium":"","medium_large":"","large":"","1536x1536":"","2048x2048":"","woocommerce_thumbnail":"","woocommerce_single":"","woocommerce_gallery_thumbnail":""},"post_excerpt_stackable":"<p>Les photos Voir les photos Pr\u00e9sentation et parcours D\u00e9part 9h00 de Cogolin (*) angle rue Marceau et avenue Coulet, pr\u00e8s du petit centre commercial adjacent au Leclerc. Transport des sacs pique-nique et autres assur\u00e9. Rassemblement \u00e0 12h00 au col de Babaou (FR-83-0414). Ap\u00e9ritif, amuse gueules, boissons, dessert et caf\u00e9 offerts. Circuit routier de 85 km permettant de franchir 14 cols &#8211; 3 ou 4 de plus pour les courageux Merci de contacter l&#8217;organisatrice (ci-dessous) si vous comptez participer afin de pr\u00e9voir une quantit\u00e9 correcte de g\u00e2teaux et autres ! (*) Contrairement \u00e0 ce qui a \u00e9t\u00e9 publi\u00e9 dans la revue\u2026<\/p>\n","category_list":"<a href=\"https:\/\/centcols.org\/backup\/categorie\/rassemblements\/rassemblements-2013\/\" rel=\"category tag\">Les rassemblements de 2013<\/a>, <a href=\"https:\/\/centcols.org\/backup\/categorie\/rassemblements\/\" rel=\"category tag\">Rencontres r\u00e9gionales<\/a>","author_info":{"display_name":"Webmestre","author_link":"https:\/\/centcols.org\/backup\/author\/webmestre\/"},"comments_num":"0 commentaire","featured_image_urls_v2":{"full":"","thumbnail":"","medium":"","medium_large":"","large":"","1536x1536":"","2048x2048":"","woocommerce_thumbnail":"","woocommerce_single":"","woocommerce_gallery_thumbnail":""},"post_excerpt_stackable_v2":"<p>Les photos Voir les photos Pr\u00e9sentation et parcours D\u00e9part 9h00 de Cogolin (*) angle rue Marceau et avenue Coulet, pr\u00e8s du petit centre commercial adjacent au Leclerc. Transport des sacs pique-nique et autres assur\u00e9. Rassemblement \u00e0 12h00 au col de Babaou (FR-83-0414). Ap\u00e9ritif, amuse gueules, boissons, dessert et caf\u00e9 offerts. Circuit routier de 85 km permettant de franchir 14 cols &#8211; 3 ou 4 de plus pour les courageux Merci de contacter l&#8217;organisatrice (ci-dessous) si vous comptez participer afin de pr\u00e9voir une quantit\u00e9 correcte de g\u00e2teaux et autres ! (*) Contrairement \u00e0 ce qui a \u00e9t\u00e9 publi\u00e9 dans la revue\u2026<\/p>\n","category_list_v2":"<a href=\"https:\/\/centcols.org\/backup\/categorie\/rassemblements\/rassemblements-2013\/\" rel=\"category tag\">Les rassemblements de 2013<\/a>, <a href=\"https:\/\/centcols.org\/backup\/categorie\/rassemblements\/\" rel=\"category tag\">Rencontres r\u00e9gionales<\/a>","author_info_v2":{"name":"Webmestre","url":"https:\/\/centcols.org\/backup\/author\/webmestre\/"},"comments_num_v2":"0 commentaire","featured_image_src":null,"_links":{"self":[{"href":"https:\/\/centcols.org\/backup\/wp-json\/wp\/v2\/posts\/320"}],"collection":[{"href":"https:\/\/centcols.org\/backup\/wp-json\/wp\/v2\/posts"}],"about":[{"href":"https:\/\/centcols.org\/backup\/wp-json\/wp\/v2\/types\/post"}],"author":[{"embeddable":true,"href":"https:\/\/centcols.org\/backup\/wp-json\/wp\/v2\/users\/2001"}],"replies":[{"embeddable":true,"href":"https:\/\/centcols.org\/backup\/wp-json\/wp\/v2\/comments?post=320"}],"version-history":[{"count":0,"href":"https:\/\/centcols.org\/backup\/wp-json\/wp\/v2\/posts\/320\/revisions"}],"wp:attachment":[{"href":"https:\/\/centcols.org\/backup\/wp-json\/wp\/v2\/media?parent=320"}],"wp:term":[{"taxonomy":"category","embeddable":true,"href":"https:\/\/centcols.org\/backup\/wp-json\/wp\/v2\/categories?post=320"},{"taxonomy":"post_tag","embeddable":true,"href":"https:\/\/centcols.org\/backup\/wp-json\/wp\/v2\/tags?post=320"}],"curies":[{"name":"wp","href":"https:\/\/api.w.org\/{rel}","templated":true}]}}