{"id":322,"date":"2015-04-14T12:22:30","date_gmt":"2015-04-14T10:22:30","guid":{"rendered":"http:\/\/centcols.org\/backup\/?p=322"},"modified":"2015-06-09T11:28:36","modified_gmt":"2015-06-09T09:28:36","slug":"concentration-2013-col-amic","status":"publish","type":"post","link":"https:\/\/centcols.org\/backup\/concentration-2013-col-amic\/","title":{"rendered":"Concentration r\u00e9gionale des Cent Cols de l&#8217;Est Col Amic FR-68-0828 &#8211; dimanche 2 juin 2013"},"content":{"rendered":"<p>En raison des mauvaises conditions m\u00e9t\u00e9o pr\u00e9vues pour le 2 juin, ce rassemblement est annul\u00e9.<\/p>\n<p>Rassemblement \u00e0 partir de 11 h au Col Amic (<a class=\"iframe-fancybox\" title=\"Col Amic\" href=\"https:\/\/centcols.org\/backup\/util\/geo\/visuFR.php?code=FR-68-0828\" target=\"_blank\">FR-68-0828<\/a>)pour partager le fromage et le verre de l&#8217;amiti\u00e9.<\/p>\n<h3>Contact<\/h3>\n<p>Jean-Christophe Braumann<\/p>\n<p>Email : <a href=\"m&#97;i&#108;to:&#106;&#101;&#97;n&#45;&#99;&#104;r&#105;s&#116;&#111;p&#104;e&#46;b&#114;au&#109;&#97;&#110;&#110;&#64;&#119;a&#110;a&#100;o&#111;&#46;fr\">jea&#110;-&#99;hrist&#111;&#112;&#104;&#101;.brauman&#110;&#64;&#119;ana&#100;o&#111;&#46;f&#114;<\/a><\/p>\n","protected":false},"excerpt":{"rendered":"<p>En raison des mauvaises conditions m\u00e9t\u00e9o pr\u00e9vues pour le 2 juin, ce rassemblement est annul\u00e9. Rassemblement \u00e0 partir de 11 h au Col Amic (FR-68-0828)pour partager le fromage et le verre de l&#8217;amiti\u00e9. Contact Jean-Christophe Braumann Email :<\/p>\n","protected":false},"author":2001,"featured_media":0,"comment_status":"closed","ping_status":"closed","sticky":false,"template":"","format":"standard","meta":{"_acf_changed":false,"ub_ctt_via":"","_monsterinsights_skip_tracking":false,"_monsterinsights_sitenote_active":false,"_monsterinsights_sitenote_note":"","_monsterinsights_sitenote_category":0,"footnotes":""},"categories":[11,7],"tags":[],"acf":[],"featured_image_urls":{"full":"","thumbnail":"","medium":"","medium_large":"","large":"","1536x1536":"","2048x2048":"","woocommerce_thumbnail":"","woocommerce_single":"","woocommerce_gallery_thumbnail":""},"post_excerpt_stackable":"<p>En raison des mauvaises conditions m\u00e9t\u00e9o pr\u00e9vues pour le 2 juin, ce rassemblement est annul\u00e9. Rassemblement \u00e0 partir de 11 h au Col Amic (FR-68-0828)pour partager le fromage et le verre de l&#8217;amiti\u00e9. Contact Jean-Christophe Braumann Email : &#106;e&#97;n&#45;c&#104;&#114;&#105;s&#116;&#111;&#112;&#104;e&#46;&#98;&#114;a&#117;m&#97;nn&#64;&#119;a&#110;a&#100;&#111;o.&#102;r<\/p>\n","category_list":"<a href=\"https:\/\/centcols.org\/backup\/categorie\/rassemblements\/rassemblements-2013\/\" rel=\"category tag\">Les rassemblements de 2013<\/a>, <a href=\"https:\/\/centcols.org\/backup\/categorie\/rassemblements\/\" rel=\"category tag\">Rencontres r\u00e9gionales<\/a>","author_info":{"display_name":"Webmestre","author_link":"https:\/\/centcols.org\/backup\/author\/webmestre\/"},"comments_num":"0 commentaire","featured_image_urls_v2":{"full":"","thumbnail":"","medium":"","medium_large":"","large":"","1536x1536":"","2048x2048":"","woocommerce_thumbnail":"","woocommerce_single":"","woocommerce_gallery_thumbnail":""},"post_excerpt_stackable_v2":"<p>En raison des mauvaises conditions m\u00e9t\u00e9o pr\u00e9vues pour le 2 juin, ce rassemblement est annul\u00e9. Rassemblement \u00e0 partir de 11 h au Col Amic (FR-68-0828)pour partager le fromage et le verre de l&#8217;amiti\u00e9. Contact Jean-Christophe Braumann Email : je&#97;&#110;&#45;ch&#114;&#105;&#115;t&#111;&#112;he.b&#114;&#97;&#117;&#109;&#97;n&#110;&#64;&#119;an&#97;&#100;oo&#46;&#102;&#114;<\/p>\n","category_list_v2":"<a href=\"https:\/\/centcols.org\/backup\/categorie\/rassemblements\/rassemblements-2013\/\" rel=\"category tag\">Les rassemblements de 2013<\/a>, <a href=\"https:\/\/centcols.org\/backup\/categorie\/rassemblements\/\" rel=\"category tag\">Rencontres r\u00e9gionales<\/a>","author_info_v2":{"name":"Webmestre","url":"https:\/\/centcols.org\/backup\/author\/webmestre\/"},"comments_num_v2":"0 commentaire","featured_image_src":null,"_links":{"self":[{"href":"https:\/\/centcols.org\/backup\/wp-json\/wp\/v2\/posts\/322"}],"collection":[{"href":"https:\/\/centcols.org\/backup\/wp-json\/wp\/v2\/posts"}],"about":[{"href":"https:\/\/centcols.org\/backup\/wp-json\/wp\/v2\/types\/post"}],"author":[{"embeddable":true,"href":"https:\/\/centcols.org\/backup\/wp-json\/wp\/v2\/users\/2001"}],"replies":[{"embeddable":true,"href":"https:\/\/centcols.org\/backup\/wp-json\/wp\/v2\/comments?post=322"}],"version-history":[{"count":0,"href":"https:\/\/centcols.org\/backup\/wp-json\/wp\/v2\/posts\/322\/revisions"}],"wp:attachment":[{"href":"https:\/\/centcols.org\/backup\/wp-json\/wp\/v2\/media?parent=322"}],"wp:term":[{"taxonomy":"category","embeddable":true,"href":"https:\/\/centcols.org\/backup\/wp-json\/wp\/v2\/categories?post=322"},{"taxonomy":"post_tag","embeddable":true,"href":"https:\/\/centcols.org\/backup\/wp-json\/wp\/v2\/tags?post=322"}],"curies":[{"name":"wp","href":"https:\/\/api.w.org\/{rel}","templated":true}]}}