{"id":323,"date":"2015-04-14T12:24:33","date_gmt":"2015-04-14T10:24:33","guid":{"rendered":"http:\/\/centcols.org\/backup\/?p=323"},"modified":"2015-06-09T11:28:21","modified_gmt":"2015-06-09T09:28:21","slug":"concentration-suisse-2013","status":"publish","type":"post","link":"https:\/\/centcols.org\/backup\/concentration-suisse-2013\/","title":{"rendered":"9e  Concentration VTT des Cent Cols de Suisse &#8211; samedi 29 juin 2013"},"content":{"rendered":"<p><strong>En raison des mauvaises conditions m\u00e9t\u00e9o pr\u00e9vues pour le 29 juin, ce rassemblement est annul\u00e9.<\/strong><\/p>\n<p>Cette ann\u00e9e direction le nord avec un d\u00e9part \u00e0 Langenbruck dans le canton de B\u00e2le, pour un parcours de 30 km, 1 000 m de d\u00e9nivellation et 10 cols.<\/p>\n<p>Rendez-vous 8h30 au parking \u00e0 l\u2019entr\u00e9e du village \u00e0 droite. D\u00e9part \u00e0 9h00.<\/p>\n<p><a href=\"https:\/\/centcols.org\/backup\/wp-content\/uploads\/2015\/04\/langenbruck_depart.jpg\"><img loading=\"lazy\" decoding=\"async\" class=\"alignnone size-medium wp-image-324\" src=\"https:\/\/centcols.org\/backup\/wp-content\/uploads\/2015\/04\/langenbruck_depart-500x279.jpg\" alt=\"langenbruck_depart\" width=\"500\" height=\"279\" srcset=\"https:\/\/centcols.org\/backup\/wp-content\/uploads\/2015\/04\/langenbruck_depart-500x279.jpg 500w, https:\/\/centcols.org\/backup\/wp-content\/uploads\/2015\/04\/langenbruck_depart-600x334.jpg 600w, https:\/\/centcols.org\/backup\/wp-content\/uploads\/2015\/04\/langenbruck_depart.jpg 750w\" sizes=\"(max-width: 500px) 100vw, 500px\" \/><\/a><\/p>\n<h3>Contact<\/h3>\n<p>Pierre Mai, route du Signal 22, 1165 Allaman.<\/p>\n<p>T\u00e9l : +41 21 807 34 17<\/p>\n<p>Natel : +41 76 498 58 73<\/p>\n<p>Email : <a href=\"m&#97;i&#108;&#116;o:p&#109;&#97;i&#64;blue&#119;in.ch\">pmai&#64;blu&#101;win&#46;&#99;h<\/a><\/p>\n","protected":false},"excerpt":{"rendered":"<p>En raison des mauvaises conditions m\u00e9t\u00e9o pr\u00e9vues pour le 29 juin, ce rassemblement est annul\u00e9. Cette ann\u00e9e direction le nord avec un d\u00e9part \u00e0 Langenbruck dans le canton de B\u00e2le, pour un parcours de 30 km, 1 000 m de d\u00e9nivellation et 10 cols. Rendez-vous 8h30 au parking \u00e0 l\u2019entr\u00e9e du village \u00e0 droite. D\u00e9part [&hellip;]<\/p>\n","protected":false},"author":2001,"featured_media":0,"comment_status":"closed","ping_status":"closed","sticky":false,"template":"","format":"standard","meta":{"_acf_changed":false,"ub_ctt_via":"","_monsterinsights_skip_tracking":false,"_monsterinsights_sitenote_active":false,"_monsterinsights_sitenote_note":"","_monsterinsights_sitenote_category":0,"footnotes":""},"categories":[11,7],"tags":[],"acf":[],"featured_image_urls":{"full":"","thumbnail":"","medium":"","medium_large":"","large":"","1536x1536":"","2048x2048":"","woocommerce_thumbnail":"","woocommerce_single":"","woocommerce_gallery_thumbnail":""},"post_excerpt_stackable":"<p>En raison des mauvaises conditions m\u00e9t\u00e9o pr\u00e9vues pour le 29 juin, ce rassemblement est annul\u00e9. Cette ann\u00e9e direction le nord avec un d\u00e9part \u00e0 Langenbruck dans le canton de B\u00e2le, pour un parcours de 30 km, 1 000 m de d\u00e9nivellation et 10 cols. Rendez-vous 8h30 au parking \u00e0 l\u2019entr\u00e9e du village \u00e0 droite. D\u00e9part \u00e0 9h00. Contact Pierre Mai, route du Signal 22, 1165 Allaman. T\u00e9l : +41 21 807 34 17 Natel : +41 76 498 58 73 Email : &#112;&#109;a&#105;&#64;&#98;l&#117;e&#119;&#105;n&#46;&#99;h<\/p>\n","category_list":"<a href=\"https:\/\/centcols.org\/backup\/categorie\/rassemblements\/rassemblements-2013\/\" rel=\"category tag\">Les rassemblements de 2013<\/a>, <a href=\"https:\/\/centcols.org\/backup\/categorie\/rassemblements\/\" rel=\"category tag\">Rencontres r\u00e9gionales<\/a>","author_info":{"display_name":"Webmestre","author_link":"https:\/\/centcols.org\/backup\/author\/webmestre\/"},"comments_num":"0 commentaire","featured_image_urls_v2":{"full":"","thumbnail":"","medium":"","medium_large":"","large":"","1536x1536":"","2048x2048":"","woocommerce_thumbnail":"","woocommerce_single":"","woocommerce_gallery_thumbnail":""},"post_excerpt_stackable_v2":"<p>En raison des mauvaises conditions m\u00e9t\u00e9o pr\u00e9vues pour le 29 juin, ce rassemblement est annul\u00e9. Cette ann\u00e9e direction le nord avec un d\u00e9part \u00e0 Langenbruck dans le canton de B\u00e2le, pour un parcours de 30 km, 1 000 m de d\u00e9nivellation et 10 cols. Rendez-vous 8h30 au parking \u00e0 l\u2019entr\u00e9e du village \u00e0 droite. D\u00e9part \u00e0 9h00. Contact Pierre Mai, route du Signal 22, 1165 Allaman. T\u00e9l : +41 21 807 34 17 Natel : +41 76 498 58 73 Email : &#112;&#109;a&#105;&#64;&#98;&#108;&#117;&#101;wi&#110;.c&#104;<\/p>\n","category_list_v2":"<a href=\"https:\/\/centcols.org\/backup\/categorie\/rassemblements\/rassemblements-2013\/\" rel=\"category tag\">Les rassemblements de 2013<\/a>, <a href=\"https:\/\/centcols.org\/backup\/categorie\/rassemblements\/\" rel=\"category tag\">Rencontres r\u00e9gionales<\/a>","author_info_v2":{"name":"Webmestre","url":"https:\/\/centcols.org\/backup\/author\/webmestre\/"},"comments_num_v2":"0 commentaire","featured_image_src":null,"_links":{"self":[{"href":"https:\/\/centcols.org\/backup\/wp-json\/wp\/v2\/posts\/323"}],"collection":[{"href":"https:\/\/centcols.org\/backup\/wp-json\/wp\/v2\/posts"}],"about":[{"href":"https:\/\/centcols.org\/backup\/wp-json\/wp\/v2\/types\/post"}],"author":[{"embeddable":true,"href":"https:\/\/centcols.org\/backup\/wp-json\/wp\/v2\/users\/2001"}],"replies":[{"embeddable":true,"href":"https:\/\/centcols.org\/backup\/wp-json\/wp\/v2\/comments?post=323"}],"version-history":[{"count":0,"href":"https:\/\/centcols.org\/backup\/wp-json\/wp\/v2\/posts\/323\/revisions"}],"wp:attachment":[{"href":"https:\/\/centcols.org\/backup\/wp-json\/wp\/v2\/media?parent=323"}],"wp:term":[{"taxonomy":"category","embeddable":true,"href":"https:\/\/centcols.org\/backup\/wp-json\/wp\/v2\/categories?post=323"},{"taxonomy":"post_tag","embeddable":true,"href":"https:\/\/centcols.org\/backup\/wp-json\/wp\/v2\/tags?post=323"}],"curies":[{"name":"wp","href":"https:\/\/api.w.org\/{rel}","templated":true}]}}