{"id":325,"date":"2015-04-14T12:38:42","date_gmt":"2015-04-14T10:38:42","guid":{"rendered":"http:\/\/centcols.org\/backup\/?p=325"},"modified":"2015-06-09T11:27:58","modified_gmt":"2015-06-09T09:27:58","slug":"concentration-2013-col-cuvery","status":"publish","type":"post","link":"https:\/\/centcols.org\/backup\/concentration-2013-col-cuvery\/","title":{"rendered":"Concentration r\u00e9gionale Cent Cols Alpes du Nord \/ Jura Sud Col de Cuvery &#8211; Dimanche 30 juin 2013"},"content":{"rendered":"<h2>Les photos<\/h2>\n<p><a class=\"iframe-fancybox\" title=\"photos\" href=\"http:\/\/centcols.net\/util\/visuAlbum.php?album=05650-015\" target=\"_blank\">Voir les photos d&#8217;Alf\u00e9o Lotto<\/a><\/p>\n<p><a class=\"iframe-fancybox\" title=\"photos\" href=\"http:\/\/centcols.net\/util\/visuAlbum.php?album=6643-11\" target=\"_blank\">Voir les photos de Nathalie Mauret<\/a><\/p>\n<h2>Pr\u00e9sentation<\/h2>\n<p><strong>Attention : Cette concentration pr\u00e9vue pour le 26 mai a d\u00fb \u00eatre report\u00e9e au 30 juin \u00e0 cause des mauvaises conditions m\u00e9t\u00e9o \u00e0 la date d&#8217;origine.<\/strong><\/p>\n<p>Rassemblement \u00e0 11h30 au col de Cuvery (<a class=\"iframe-fancybox\" title=\"Col de Cuvery\" href=\"https:\/\/centcols.org\/backup\/util\/geo\/visuFR.php?code=FR-01-1178\">FR-01-1178<\/a>) pour partager le fromage et le verre de l&#8217;amiti\u00e9.<\/p>\n<p>Route : Beaucoup de cols\u00a0 et de multiples possibilit\u00e9s d\u2019enchainement de cols avant de rejoindre Cuvery (possibilit\u00e9 de pr\u00e9voir deux boucles). D\u00e9part conseill\u00e9 de Ruffieu ou du Petit Abergement pour les cyclos venant du sud<\/p>\n<p>V.T.T. : D\u00e9part de Brenod 9h. 17 \u00e0 19 cols pour 52 ou 59 km. Concentration au km 28<\/p>\n<p>Route : possibilit\u00e9 circuit accompagn\u00e9 : d\u00e9part 9h au Petit Abergement. 17 ou 18 cols pour 88 ou 95 km. Concentration au km 45.<\/p>\n<p><a href=\"https:\/\/centcols.org\/backup\/wp-content\/uploads\/2015\/04\/cuvery.jpg\"><img loading=\"lazy\" decoding=\"async\" class=\" size-medium wp-image-385 alignleft\" src=\"https:\/\/centcols.org\/backup\/wp-content\/uploads\/2015\/04\/cuvery-500x229.jpg\" alt=\"cuvery\" width=\"500\" height=\"229\" \/><\/a>Le col de Cuvery (Source <a title=\"Wikip\u00e9dia\" href=\"http:\/\/fr.wikipedia.org\/wiki\/Col_de_Cuvery\" target=\"_blank\">Wikip\u00e9dia<\/a>) est un col de montagne routier du massif du Jura, situ\u00e9 dans le d\u00e9partement de l&#8217;Ain en France. Il culmine \u00e0 1 178 m d&#8217;altitude et relie la vall\u00e9e de la Valserine \u00e0 la vall\u00e9e du S\u00e9ran. Il est situ\u00e9 sur le territoire de la commune de Ch\u00e2tillon-en-Michaille, au nord du plateau de Retord, dans la r\u00e9gion du Bugey. Il est domin\u00e9 \u00e0 1,5 km au nord par le cr\u00eat de Beauregard qui culmine \u00e0 1 249 m d&#8217;altitude. Le sous-bassement du col est constitu\u00e9 de calcaires lit\u00e9s datant de l&#8217;Oxfordien sup\u00e9rieur (Jurassique sup\u00e9rieur)<\/p>\n<p>Informations, acc\u00e8s : <a title=\"Plateau de Retord\" href=\"http:\/\/www.plateauderetord.fr\/acces.htm\" target=\"_blank\">http:\/\/www.plateauderetord.fr\/acces.htm<\/a><\/p>\n<h3>Contacts<\/h3>\n<p>Raymond Barbier <a href=\"mailt&#111;&#58;&#101;r.b&#97;&#114;b&#105;&#101;&#114;&#64;&#108;&#97;&#112;os&#116;e&#46;&#110;e&#116;\">&#101;r&#46;ba&#114;&#98;ie&#114;&#64;&#108;apo&#115;t&#101;.ne&#116;<\/a><br \/>\nGuy Harl\u00e9 <a href=\"mai&#108;&#116;o:&#104;ar&#108;e&#46;&#103;uy&#64;orange&#46;&#102;&#114;\">harle.gu&#121;&#64;&#111;r&#97;&#110;ge.&#102;r<\/a><br \/>\nBernard Vieillard <a href=\"m&#97;ilt&#111;:&#98;&#101;reg&#55;&#51;&#64;or&#97;&#110;g&#101;&#46;f&#114;\">b&#101;&#114;&#101;g&#55;&#51;&#64;ora&#110;ge&#46;&#102;r<\/a><\/p>\n<h2>Cols des circuits<\/h2>\n<h3>Circuit routier au d\u00e9part du Petit Abergement<\/h3>\n<p>17 ou 18 cols pour 88 ou 95 km<br \/>\nD\u00e9nivel\u00e9 1800 \u00e0 2000 m<\/p>\n<h4>Circuit de base<\/h4>\n<p><a class=\"iframe-fancybox\" href=\"https:\/\/centcols.org\/backup\/util\/geo\/visuFR.php?code=FR-01-0925\" target=\"_blank\"> FR-01-0925<\/a>\u00a0 Col de la Chemin\u00e9e<br \/>\n<a class=\"iframe-fancybox\" href=\"https:\/\/centcols.org\/backup\/util\/geo\/visuFR.php?code=FR-01-0995\" target=\"_blank\">FR-01-0995<\/a>\u00a0 Golet Brunet<br \/>\n<a class=\"iframe-fancybox\" href=\"https:\/\/centcols.org\/backup\/util\/geo\/visuFR.php?code=FR-01-0970\" target=\"_blank\">FR-01-0970<\/a>\u00a0 Golet du Bret<br \/>\n<a class=\"iframe-fancybox\" href=\"https:\/\/centcols.org\/backup\/util\/geo\/visuFR.php?code=FR-01-1000a\" target=\"_blank\">FR-01-1000a<\/a>\u00a0 Golet \u00e0 la Borne<br \/>\n<a class=\"iframe-fancybox\" href=\"https:\/\/centcols.org\/backup\/util\/geo\/visuFR.php?code=FR-01-0979\" target=\"_blank\">FR-01-0979<\/a>\u00a0 Col de Colliard<br \/>\n<a class=\"iframe-fancybox\" href=\"https:\/\/centcols.org\/backup\/util\/geo\/visuFR.php?code=FR-01-1056\" target=\"_blank\">FR-01-1056<\/a>\u00a0 Col de Belle Roche<br \/>\n<a class=\"iframe-fancybox\" href=\"https:\/\/centcols.org\/backup\/util\/geo\/visuFR.php?code=FR-01-1000c\" target=\"_blank\">FR-01-1000c<\/a>\u00a0 Golet Boquin<br \/>\n<a class=\"iframe-fancybox\" href=\"https:\/\/centcols.org\/backup\/util\/geo\/visuFR.php?code=FR-01-1081\" target=\"_blank\">FR-01-1081<\/a>\u00a0 Golet Blanchet<br \/>\n<a class=\"iframe-fancybox\" href=\"https:\/\/centcols.org\/backup\/util\/geo\/visuFR.php?code=FR-01-1070b\" target=\"_blank\">FR-01-1070b<\/a>\u00a0 Golet Sapin<br \/>\n<a class=\"iframe-fancybox\" href=\"https:\/\/centcols.org\/backup\/util\/geo\/visuFR.php?code=FR-01-0980\" target=\"_blank\">FR-01-0980<\/a>\u00a0 Golet Comment<br \/>\n<a class=\"iframe-fancybox\" href=\"https:\/\/centcols.org\/backup\/util\/geo\/visuFR.php?code=FR-01-0937\" target=\"_blank\">FR-01-0937<\/a>\u00a0 Golet G\u00e9la<br \/>\n<a class=\"iframe-fancybox\" href=\"https:\/\/centcols.org\/backup\/util\/geo\/visuFR.php?code=FR-01-1144\" target=\"_blank\">FR-01-1144<\/a>\u00a0 Col du B\u00e9rentin<br \/>\n<a class=\"iframe-fancybox\" href=\"https:\/\/centcols.org\/backup\/util\/geo\/visuFR.php?code=FR-01-1178\" target=\"_blank\">FR-01-1178<\/a>\u00a0 Col de Cuvery Rassemblement (km. 45)<\/p>\n<h4>variante en AR de 6km avec 200 m de d\u00e9nivel\u00e9<\/h4>\n<p><a class=\"iframe-fancybox\" href=\"https:\/\/centcols.org\/backup\/util\/geo\/visuFR.php?code=FR-01-1145a\" target=\"_blank\"> FR-01-1145a<\/a>\u00a0 Golet Belon<\/p>\n<h4>Continuation du circuit de base<\/h4>\n<p><a class=\"iframe-fancybox\" href=\"https:\/\/centcols.org\/backup\/util\/geo\/visuFR.php?code=FR-01-1073\" target=\"_blank\"> FR-01-1073<\/a>\u00a0 Col du Cuvillat<br \/>\n<a class=\"iframe-fancybox\" href=\"https:\/\/centcols.org\/backup\/util\/geo\/visuFR.php?code=FR-01-1099\" target=\"_blank\">FR-01-1099<\/a>\u00a0 Col de la Croix de l&#8217;Orme<br \/>\n<a class=\"iframe-fancybox\" href=\"https:\/\/centcols.org\/backup\/util\/geo\/visuFR.php?code=FR-01-1079\" target=\"_blank\">FR-01-1079<\/a>\u00a0 Col de Valorse<br \/>\n<a class=\"iframe-fancybox\" href=\"https:\/\/centcols.org\/backup\/util\/geo\/visuFR.php?code=FR-01-1112\" target=\"_blank\">FR-01-1112<\/a>\u00a0 Col de la Rochette<\/p>\n<h3>Circuit VTT au d\u00e9part de Br\u00e9nod<\/h3>\n<p>17 ou 19 cols pour 52 ou 59 km<br \/>\nD\u00e9nivel\u00e9 1200 \u00e0 1350 m<br \/>\n<a class=\"iframe-fancybox\" href=\"https:\/\/centcols.org\/backup\/util\/geo\/visuFR.php?code=FR-01-0995\" target=\"_blank\">FR-01-0995<\/a>\u00a0 Golet Brunet<br \/>\n<a class=\"iframe-fancybox\" href=\"https:\/\/centcols.org\/backup\/util\/geo\/visuFR.php?code=FR-01-1000b\" target=\"_blank\">FR-01-1000b<\/a>\u00a0 Golet \u00e0 la Ch\u00e8vre<br \/>\n<a class=\"iframe-fancybox\" href=\"https:\/\/centcols.org\/backup\/util\/geo\/visuFR.php?code=FR-01-0970\" target=\"_blank\">FR-01-0970<\/a>\u00a0 Golet du Bret<br \/>\n<a class=\"iframe-fancybox\" href=\"https:\/\/centcols.org\/backup\/util\/geo\/visuFR.php?code=FR-01-0950\" target=\"_blank\">FR-01-0950<\/a>\u00a0 Golet au Loup<br \/>\n<a class=\"iframe-fancybox\" href=\"https:\/\/centcols.org\/backup\/util\/geo\/visuFR.php?code=FR-01-1000a\" target=\"_blank\">FR-01-1000a<\/a>\u00a0 Golet \u00e0 la Borne<br \/>\n<a class=\"iframe-fancybox\" href=\"https:\/\/centcols.org\/backup\/util\/geo\/visuFR.php?code=FR-01-0979\" target=\"_blank\">FR-01-0979<\/a>\u00a0 Col de Colliard<br \/>\n<a class=\"iframe-fancybox\" href=\"https:\/\/centcols.org\/backup\/util\/geo\/visuFR.php?code=FR-01-1070a\" target=\"_blank\">FR-01-1070a<\/a>\u00a0 Golet de la Frasse<br \/>\n<a class=\"iframe-fancybox\" href=\"https:\/\/centcols.org\/backup\/util\/geo\/visuFR.php?code=FR-01-1056\" target=\"_blank\">FR-01-1056<\/a>\u00a0 Col de Belle Roche<br \/>\n<a class=\"iframe-fancybox\" href=\"https:\/\/centcols.org\/backup\/util\/geo\/visuFR.php?code=FR-01-1000c\" target=\"_blank\">FR-01-1000c<\/a>\u00a0 Golet Boquin<br \/>\n<a class=\"iframe-fancybox\" href=\"https:\/\/centcols.org\/backup\/util\/geo\/visuFR.php?code=FR-01-1081\" target=\"_blank\">FR-01-1081<\/a>\u00a0 Golet Blanchet<br \/>\n<a class=\"iframe-fancybox\" href=\"https:\/\/centcols.org\/backup\/util\/geo\/visuFR.php?code=FR-01-1070b\" target=\"_blank\">FR-01-1070b<\/a>\u00a0 Golet Sapin<br \/>\n<a class=\"iframe-fancybox\" href=\"https:\/\/centcols.org\/backup\/util\/geo\/visuFR.php?code=FR-01-1144\" target=\"_blank\">FR-01-1144<\/a>\u00a0 Col du B\u00e9rentin<br \/>\n<a class=\"iframe-fancybox\" href=\"https:\/\/centcols.org\/backup\/util\/geo\/visuFR.php?code=FR-01-1178\" target=\"_blank\">FR-01-1178<\/a>\u00a0 Col de Cuvery Rassemblement (km. 28)<br \/>\n<a class=\"iframe-fancybox\" href=\"https:\/\/centcols.org\/backup\/util\/geo\/visuFR.php?code=FR-01-1145a\" target=\"_blank\">FR-01-1145a<\/a>\u00a0 Golet Belon<br \/>\n<a class=\"iframe-fancybox\" href=\"https:\/\/centcols.org\/backup\/util\/geo\/visuFR.php?code=FR-01-0937\" target=\"_blank\">FR-01-0937<\/a>\u00a0 Golet G\u00e9la<br \/>\n<a class=\"iframe-fancybox\" href=\"https:\/\/centcols.org\/backup\/util\/geo\/visuFR.php?code=FR-01-0980\" target=\"_blank\">FR-01-0980<\/a>\u00a0 Golet Comment<br \/>\n<a class=\"iframe-fancybox\" href=\"https:\/\/centcols.org\/backup\/util\/geo\/visuFR.php?code=FR-01-0972\" target=\"_blank\">FR-01-0972<\/a>\u00a0 Golet Burgon<br \/>\n<a class=\"iframe-fancybox\" href=\"https:\/\/centcols.org\/backup\/util\/geo\/visuFR.php?code=FR-01-1010b\" target=\"_blank\">FR-01-1010b<\/a>\u00a0 Golet au Rouge<br \/>\n<a class=\"iframe-fancybox\" href=\"https:\/\/centcols.org\/backup\/util\/geo\/visuFR.php?code=FR-01-0925\" target=\"_blank\">FR-01-0925<\/a>\u00a0 Col de la Chemin\u00e9e<\/p>\n<h2>Fichiers de g\u00e9olocalisation<\/h2>\n<ul>\n<li>Fichier GPX &#8220;traces&#8221; contenant : <a title=\"fichier gpx de circuit\" href=\"http:\/\/centcols.net\/les_rendez-vous\/2013\/Regional\/AlpesNord\/cuvery.gpx\" target=\"_blank\">cuvery.gpx<\/a><br \/>\nCircuit routier boucle 1<br \/>\nCircuit routier boucle 2<br \/>\nAR au Golet Belon<br \/>\nCircuit VTT base<br \/>\nCircuit VTT variante 1<br \/>\nCircuit VTT variante 2<\/li>\n<li>Fichier KMZ contenant les m\u00eames traces : <a href=\"http:\/\/centcols.net\/les_rendez-vous\/2013\/Regional\/AlpesNord\/cuvery.kmz\" target=\"_blank\">cuvery.kmz<\/a><\/li>\n<\/ul>\n","protected":false},"excerpt":{"rendered":"<p>Les photos Voir les photos d&#8217;Alf\u00e9o Lotto Voir les photos de Nathalie Mauret Pr\u00e9sentation Attention : Cette concentration pr\u00e9vue pour le 26 mai a d\u00fb \u00eatre report\u00e9e au 30 juin \u00e0 cause des mauvaises conditions m\u00e9t\u00e9o \u00e0 la date d&#8217;origine. Rassemblement \u00e0 11h30 au col de Cuvery (FR-01-1178) pour partager le fromage et le verre [&hellip;]<\/p>\n","protected":false},"author":2001,"featured_media":0,"comment_status":"closed","ping_status":"closed","sticky":false,"template":"","format":"standard","meta":{"_acf_changed":false,"ub_ctt_via":"","_monsterinsights_skip_tracking":false,"_monsterinsights_sitenote_active":false,"_monsterinsights_sitenote_note":"","_monsterinsights_sitenote_category":0,"footnotes":""},"categories":[11,7],"tags":[],"acf":[],"featured_image_urls":{"full":"","thumbnail":"","medium":"","medium_large":"","large":"","1536x1536":"","2048x2048":"","woocommerce_thumbnail":"","woocommerce_single":"","woocommerce_gallery_thumbnail":""},"post_excerpt_stackable":"<p>Les photos Voir les photos d&#8217;Alf\u00e9o Lotto Voir les photos de Nathalie Mauret Pr\u00e9sentation Attention : Cette concentration pr\u00e9vue pour le 26 mai a d\u00fb \u00eatre report\u00e9e au 30 juin \u00e0 cause des mauvaises conditions m\u00e9t\u00e9o \u00e0 la date d&#8217;origine. Rassemblement \u00e0 11h30 au col de Cuvery (FR-01-1178) pour partager le fromage et le verre de l&#8217;amiti\u00e9. Route : Beaucoup de cols\u00a0 et de multiples possibilit\u00e9s d\u2019enchainement de cols avant de rejoindre Cuvery (possibilit\u00e9 de pr\u00e9voir deux boucles). D\u00e9part conseill\u00e9 de Ruffieu ou du Petit Abergement pour les cyclos venant du sud V.T.T. : D\u00e9part de Brenod 9h. 17 \u00e0\u2026<\/p>\n","category_list":"<a href=\"https:\/\/centcols.org\/backup\/categorie\/rassemblements\/rassemblements-2013\/\" rel=\"category tag\">Les rassemblements de 2013<\/a>, <a href=\"https:\/\/centcols.org\/backup\/categorie\/rassemblements\/\" rel=\"category tag\">Rencontres r\u00e9gionales<\/a>","author_info":{"display_name":"Webmestre","author_link":"https:\/\/centcols.org\/backup\/author\/webmestre\/"},"comments_num":"0 commentaire","featured_image_urls_v2":{"full":"","thumbnail":"","medium":"","medium_large":"","large":"","1536x1536":"","2048x2048":"","woocommerce_thumbnail":"","woocommerce_single":"","woocommerce_gallery_thumbnail":""},"post_excerpt_stackable_v2":"<p>Les photos Voir les photos d&#8217;Alf\u00e9o Lotto Voir les photos de Nathalie Mauret Pr\u00e9sentation Attention : Cette concentration pr\u00e9vue pour le 26 mai a d\u00fb \u00eatre report\u00e9e au 30 juin \u00e0 cause des mauvaises conditions m\u00e9t\u00e9o \u00e0 la date d&#8217;origine. Rassemblement \u00e0 11h30 au col de Cuvery (FR-01-1178) pour partager le fromage et le verre de l&#8217;amiti\u00e9. Route : Beaucoup de cols\u00a0 et de multiples possibilit\u00e9s d\u2019enchainement de cols avant de rejoindre Cuvery (possibilit\u00e9 de pr\u00e9voir deux boucles). D\u00e9part conseill\u00e9 de Ruffieu ou du Petit Abergement pour les cyclos venant du sud V.T.T. : D\u00e9part de Brenod 9h. 17 \u00e0\u2026<\/p>\n","category_list_v2":"<a href=\"https:\/\/centcols.org\/backup\/categorie\/rassemblements\/rassemblements-2013\/\" rel=\"category tag\">Les rassemblements de 2013<\/a>, <a href=\"https:\/\/centcols.org\/backup\/categorie\/rassemblements\/\" rel=\"category tag\">Rencontres r\u00e9gionales<\/a>","author_info_v2":{"name":"Webmestre","url":"https:\/\/centcols.org\/backup\/author\/webmestre\/"},"comments_num_v2":"0 commentaire","featured_image_src":null,"_links":{"self":[{"href":"https:\/\/centcols.org\/backup\/wp-json\/wp\/v2\/posts\/325"}],"collection":[{"href":"https:\/\/centcols.org\/backup\/wp-json\/wp\/v2\/posts"}],"about":[{"href":"https:\/\/centcols.org\/backup\/wp-json\/wp\/v2\/types\/post"}],"author":[{"embeddable":true,"href":"https:\/\/centcols.org\/backup\/wp-json\/wp\/v2\/users\/2001"}],"replies":[{"embeddable":true,"href":"https:\/\/centcols.org\/backup\/wp-json\/wp\/v2\/comments?post=325"}],"version-history":[{"count":0,"href":"https:\/\/centcols.org\/backup\/wp-json\/wp\/v2\/posts\/325\/revisions"}],"wp:attachment":[{"href":"https:\/\/centcols.org\/backup\/wp-json\/wp\/v2\/media?parent=325"}],"wp:term":[{"taxonomy":"category","embeddable":true,"href":"https:\/\/centcols.org\/backup\/wp-json\/wp\/v2\/categories?post=325"},{"taxonomy":"post_tag","embeddable":true,"href":"https:\/\/centcols.org\/backup\/wp-json\/wp\/v2\/tags?post=325"}],"curies":[{"name":"wp","href":"https:\/\/api.w.org\/{rel}","templated":true}]}}