{"id":327,"date":"2015-04-14T14:55:36","date_gmt":"2015-04-14T12:55:36","guid":{"rendered":"http:\/\/centcols.org\/backup\/?p=327"},"modified":"2015-06-09T11:27:40","modified_gmt":"2015-06-09T09:27:40","slug":"concentration-2013-col-jubeo","status":"publish","type":"post","link":"https:\/\/centcols.org\/backup\/concentration-2013-col-jubeo\/","title":{"rendered":"Concentration r\u00e9gionale des Cent Cols Alpes du Sud (38-04-05) \u00ab Souvenir Roland Grimaud \u00bb &#8211; Col de Jub\u00e9o &#8211; Dimanche 25 ao\u00fbt 2013"},"content":{"rendered":"<h2>Les photos<\/h2>\n<p><a class=\"iframe-fancybox\" title=\"photos\" href=\"http:\/\/centcols.net\/util\/visuAlbum.php?album=3011-1\" target=\"_blank\">Voir les photos<\/a><\/p>\n<h2>Pr\u00e9sentation<\/h2>\n<p>Pour cette ann\u00e9e 2013, retour dans les Hautes-Alpes de la Concentration r\u00e9gionale de la Confr\u00e9rie des Cent Cols Alpes du Sud, Souvenir Roland Grimaud.<\/p>\n<p><a href=\"https:\/\/centcols.org\/backup\/wp-content\/uploads\/2015\/04\/cpJubeo.jpg\"><img loading=\"lazy\" decoding=\"async\" class=\" size-full wp-image-328 alignleft\" src=\"https:\/\/centcols.org\/backup\/wp-content\/uploads\/2015\/04\/cpJubeo.jpg\" alt=\"cpJubeo\" width=\"400\" height=\"300\" \/><\/a><\/p>\n<p>Elle sera coupl\u00e9e avec le rassemblement du Comit\u00e9 D\u00e9partemental des Hautes-Alpes de la F\u00e9d\u00e9ration Fran\u00e7aise de Cyclotourisme. C\u2019est le Sud du d\u00e9partement, \u00e0 proximit\u00e9 de Laragne, qui nous accueillera. Plus pr\u00e9cis\u00e9ment, le Col de Jub\u00e9o (<a class=\"iframe-fancybox\" title=\"col de Jub\u00e9o\" href=\"https:\/\/centcols.org\/backup\/util\/geo\/visuFR.php?code=FR-05-0890\" target=\"_blank\">FR-05-0890<\/a>) accessible en voiture et situ\u00e9 sur la commune de Savournon (foire aux b\u00e9liers le 24 ao\u00fbt prochain). Comme l\u2019an dernier, les randonn\u00e9es seront propos\u00e9es en matin\u00e9e afin de mieux profiter du moment des retrouvailles \u00e0 partir de 12h00 au col.<\/p>\n<p>Des d\u00e9parts cyclo sur route sont organis\u00e9s \u00e0 partir de Gap, passage par Veynes, d\u00e9part \u00e0 8h00 du Rond point de l\u2019Europe (<a href=\"http:\/\/www.club-cyclo-gap.com\/\" target=\"_blank\">www.club-cyclo-gap.com<\/a>) et \u00e0 partir de Laragne (<a href=\"http:\/\/www.cclaragne.com\/\" target=\"_blank\">www.cclaragne.com<\/a>).<\/p>\n<p>Un d\u00e9part VTT est pr\u00e9vu \u00e0 partir de la mairie de Savournon (8h30 \u2013 9h00) en direction de la montagne de Saint-Genix. Randonn\u00e9es p\u00e9destres possibles.<\/p>\n<p>Au retour et apr\u00e8s les traditionnels mots d\u2019accueil et remises de dipl\u00f4mes, nous d\u00e9jeunerons ensemble : boissons offertes par l\u2019organisation, ainsi que pain et fromages, desserts surprises confectionn\u00e9s par les participant(e)s. Naturellement, les conjoint(e)s sont invit\u00e9s. Il existe des tables au Col de Jub\u00e9o mais il est conseill\u00e9 de compl\u00e9ter avec des si\u00e8ges et des tables de camping.<\/p>\n<p>Pour en savoir plus : Carte Top 25 3339 OT (Sisteron &#8211; Laragne)<\/p>\n<h3>Quelques cols \u00e0 (re-)d\u00e9couvrir :<\/h3>\n<h4><a href=\"https:\/\/centcols.org\/backup\/wp-content\/uploads\/2015\/04\/cJubeo.jpg\"><img loading=\"lazy\" decoding=\"async\" class=\" size-full wp-image-329 alignright\" src=\"https:\/\/centcols.org\/backup\/wp-content\/uploads\/2015\/04\/cJubeo.jpg\" alt=\"cJubeo\" width=\"400\" height=\"300\" \/><\/a><\/h4>\n<h4>Routiers<\/h4>\n<p>Col de Chaumiane (<a class=\"iframe-fancybox\" href=\"https:\/\/centcols.org\/backup\/util\/geo\/visuFR.php?code=FR-05-0810\" target=\"_blank\">FR-05-0810<\/a>)<br \/>\nCol la Croix (<a class=\"iframe-fancybox\" href=\"https:\/\/centcols.org\/backup\/util\/geo\/visuFR.php?code=FR-05-0838\" target=\"_blank\">FR-05-0838<\/a>)<br \/>\nCol de Jub\u00e9o (<a class=\"iframe-fancybox\" href=\"https:\/\/centcols.org\/backup\/util\/geo\/visuFR.php?code=FR-05-0890\" target=\"_blank\">FR-05-0890<\/a>)<br \/>\nCol de Faye (<a class=\"iframe-fancybox\" href=\"https:\/\/centcols.org\/backup\/util\/geo\/visuFR.php?code=FR-05-0930\" target=\"_blank\">FR-05-0930<\/a>)<br \/>\nCol de la Bachassette (<a class=\"iframe-fancybox\" href=\"https:\/\/centcols.org\/backup\/util\/geo\/visuFR.php?code=FR-05-0940\" target=\"_blank\">FR-05-0940<\/a>)<br \/>\nCol des Verniers (<a class=\"iframe-fancybox\" href=\"https:\/\/centcols.org\/backup\/util\/geo\/visuFR.php?code=FR-05-1042b\" target=\"_blank\">FR-05-1042b<\/a>)<\/p>\n<h4>Muletiers<a href=\"https:\/\/centcols.org\/backup\/wp-content\/uploads\/2015\/04\/bartharasse_s.jpg\"><img loading=\"lazy\" decoding=\"async\" class=\" size-full wp-image-330 alignright\" src=\"https:\/\/centcols.org\/backup\/wp-content\/uploads\/2015\/04\/bartharasse_s.jpg\" alt=\"bartharasse_s\" width=\"400\" height=\"300\" \/><\/a><\/h4>\n<p>Col de Revuaire (<a class=\"iframe-fancybox\" href=\"https:\/\/centcols.org\/backup\/util\/geo\/visuFR.php?code=FR-05-1054\" target=\"_blank\">FR-05-1054<\/a>)<br \/>\nPas de Jub\u00e9o (<a class=\"iframe-fancybox\" href=\"https:\/\/centcols.org\/backup\/util\/geo\/visuFR.php?code=FR-05-0955\" target=\"_blank\">FR-05-0955<\/a><\/p>\n<p>Col de Font-fr\u00e8de (<a class=\"iframe-fancybox\" href=\"https:\/\/centcols.org\/backup\/util\/geo\/visuFR.php?code=FR-05-0994\" target=\"_blank\">FR-05-0994<\/a>)<\/p>\n<p>Porte Sereine (<a class=\"iframe-fancybox\" href=\"https:\/\/centcols.org\/backup\/util\/geo\/visuFR.php?code=FR-05-1135b\" target=\"_blank\">FR-05-1135b<\/a>)<\/p>\n<p>Pas d\u2019Arzeliers (<a class=\"iframe-fancybox\" href=\"https:\/\/centcols.org\/backup\/util\/geo\/visuFR.php?code=FR-05-1163\" target=\"_blank\">FR-05-1163<\/a>)<br \/>\nCol D\u00e9voluy (<a class=\"iframe-fancybox\" href=\"https:\/\/centcols.org\/backup\/util\/geo\/visuFR.php?code=FR-05-0967\" target=\"_blank\">FR-05-0967<\/a>)<br \/>\nCol du Lazer (<a class=\"iframe-fancybox\" href=\"https:\/\/centcols.org\/backup\/util\/geo\/visuFR.php?code=FR-05-1198\" target=\"_blank\">FR-05-1198<\/a>)<\/p>\n<p>Col des Clots (<a class=\"iframe-fancybox\" href=\"https:\/\/centcols.org\/backup\/util\/geo\/visuFR.php?code=FR-05-1164\" target=\"_blank\">FR-05-1164<\/a>)<br \/>\nCol du Colombier (<a class=\"iframe-fancybox\" href=\"https:\/\/centcols.org\/backup\/util\/geo\/visuFR.php?code=FR-05-1151b\" target=\"_blank\">FR-05-1151b<\/a>)<br \/>\nPas de l\u2019Aup (<a class=\"iframe-fancybox\" href=\"https:\/\/centcols.org\/backup\/util\/geo\/visuFR.php?code=FR-05-1413\" target=\"_blank\">FR-05-1413<\/a>)<br \/>\nPas de Z\u00e8gues (<a class=\"iframe-fancybox\" href=\"https:\/\/centcols.org\/backup\/util\/geo\/visuFR.php?code=FR-05-1402b\" target=\"_blank\">FR-05-1402b<\/a>)<br \/>\nCol La Croix (<a class=\"iframe-fancybox\" href=\"https:\/\/centcols.org\/backup\/util\/geo\/visuFR.php?code=FR-05-1029\" target=\"_blank\">FR-05-1029<\/a>)<br \/>\nCol de Bartharasse (<a class=\"iframe-fancybox\" href=\"https:\/\/centcols.org\/backup\/util\/geo\/visuFR.php?code=FR-05-1203\" target=\"_blank\">FR-05-1203<\/a>)<\/p>\n<p>Pour une meilleure organisation et pour nous faire une id\u00e9e de la quantit\u00e9 adapt\u00e9e de nourriture et boissons \u00e0 monter au col, merci \u00e0 ceux qui comptent participer de se faire conna\u00eetre.<\/p>\n<p><strong>Attention : La concentration ne sera maintenue que si la m\u00e9t\u00e9o consult\u00e9e la veille est fiable. Consultez cette page pour vous informer de tout changement.<\/strong><\/p>\n<h3>Contacts<\/h3>\n<p>Bernard HENRY (CC 4363) : +33 (0)4.92.44.09.02 \/ <a href=\"&#109;ai&#108;t&#111;:be&#114;n&#97;rd&#46;&#104;&#101;n&#114;&#121;&#64;l&#97;p&#111;&#115;&#116;e.n&#101;t\">&#98;&#101;r&#110;&#97;r&#100;.&#104;&#101;nry&#64;lap&#111;st&#101;&#46;n&#101;t<\/a><\/p>\n<p>Jean-Paul ZUANON (CC 1724) :\u00a0 <a href=\"&#109;&#97;&#105;&#108;&#116;&#111;:jpmn.zu&#97;&#110;&#111;n&#64;o&#114;&#97;nge.&#102;&#114;\">&#106;&#112;m&#110;&#46;&#122;uan&#111;&#110;&#64;o&#114;&#97;&#110;g&#101;.&#102;&#114;<\/a><\/p>\n<p>Jean BERNAUER (CC 6407) : <a href=\"&#109;&#97;i&#108;&#116;o:&#106;e&#97;&#110;.&#98;e&#114;n&#97;&#117;&#101;r&#64;&#111;ran&#103;e.fr\">j&#101;&#97;&#110;&#46;bernauer&#64;&#111;&#114;ange&#46;fr<\/a><\/p>\n<h2>Compte-rendu<\/h2>\n<p>Par Bernard Henry<\/p>\n<p>Bonjour \u00e0 tous,<\/p>\n<p>Apr\u00e8s les orages de la veille, la journ\u00e9e \u00ab CODEP 05 \u00bb et \u00ab Concentration Alpes du Sud des Cent Cols \u00bb s\u2019est d\u00e9roul\u00e9e sous les meilleures auspices. Plus de cinquante personnes y participaient : des membres des clubs de Veynes avec leur pr\u00e9sident Jean-Pierre Giraud, le pr\u00e9sident du club de Laragne, Ren\u00e9 Foucher, des membres du Club de Gap venus en nombre dont 2 futurs nouveaux adh\u00e9rents et des membres du Club des Cent Cols venus des d\u00e9partements voisins, la Savoie avec R\u00e9gis Paraz , la Dr\u00f4me avec Alf\u00e9o Lotto , le Rh\u00f4ne avec Philippe Chazottier, l\u2019Is\u00e8re avec Jean-Paul Zuanon, les Alpes de Haute-Provence avec le club de Ch\u00e2teau-Arnoux\/Saint-Auban, Jean Bernauer et son \u00e9quipe , le CC Ubaye, Barcelonnette et ses fid\u00e8les Cent-Cols, l\u2019Italie et son d\u00e9l\u00e9gu\u00e9 National, Enrico Alberini &#8212; merci \u00e0 ce dernier d\u2019\u00eatre venu depuis Mantoue.<\/p>\n<p>Une vingtaine de cyclo routiers ont rejoint le col de Jub\u00e9o depuis Gap (groupe men\u00e9 par Robert Rambaud), Veynes et Laragne. Une\u00a0 bonne quinzaine de v\u00e9t\u00e9tistes ont parcouru le massif de Saint Genis sous la houlette de Roger Tardieu.<\/p>\n<p>Apr\u00e8s le discours de bienvenue et de pr\u00e9sentation de Bernard Henry, pr\u00e9sident du CODEP 05 et animateur Cent Cols Alpes du Sud, le maire de Savournon, Michel Rolland, nous a pr\u00e9sent\u00e9 sa commune, ses particularit\u00e9s et ses atouts; il a offert plusieurs exemplaires d\u2019un livre bien document\u00e9 sur la commune de Savournon, et nous a invit\u00e9 \u00e0 fr\u00e9quenter la nouvelle auberge qui est soutenue par les collectivit\u00e9s locales. Ensuite, R\u00e9gis Paraz, pr\u00e9sident de la Confr\u00e9rie des Cent Cols, a \u00e9voqu\u00e9 la philosophie du cyclotourisme : le v\u00e9lo, oui, mais aussi, toute la convivialit\u00e9 et l\u2019esprit de d\u00e9couverte des milieux qui doivent l\u2019accompagner. Ainsi, il saluait l\u2019initiative de regrouper dans ce rassemblement, Cent Cols et Clubs de v\u00e9lo des Hautes-Alpes, l\u2019\u00e9vocation pleine d\u2019int\u00e9r\u00eat par Ren\u00e9 Foucher de la g\u00e9ographie et de la botanique particuli\u00e8re au massif de Saint Genis (ses gen\u00e9vriers thurif\u00e9raires). Il a aussi rappel\u00e9 la m\u00e9moire de Roland Grimaud dont l\u2019\u00e9pouse Fran\u00e7oise \u00e9tait pr\u00e9sente, un digne d\u00e9fenseur des valeurs cyclotouristiques. Les interventions se sont termin\u00e9es par la remise du dipl\u00f4me \u00ab 500 cols \u00bb \u00e0 Marie-Fran\u00e7oise Narjoux.<\/p>\n<p>L\u2019esprit de convivialit\u00e9 s\u2019est largement manifest\u00e9 autour de l\u2019ap\u00e9ritif, des repas partag\u00e9s sur les tables et du foisonnement de desserts apport\u00e9s par chacun, tout ceci arros\u00e9 comme il se doit par jus de fruits et autres &#8230;<\/p>\n<p>Les participants se sont s\u00e9par\u00e9s, tard dans l\u2019apr\u00e8s-midi pour certains, heureux d\u2019avoir partag\u00e9 de fa\u00e7on aussi amicale cette journ\u00e9e.<\/p>\n<p>Merci \u00e0 tous de votre participation et RDV l\u2019an prochain dans les Alpes de Haute Provence avec Jean Bernauer; une indiscr\u00e9tion aurait \u00e9voqu\u00e9 les environs de Saint-Andr\u00e9-les-Alpes, mais \u00ab chut \u00bb !.<\/p>\n","protected":false},"excerpt":{"rendered":"<p>Les photos Voir les photos Pr\u00e9sentation Pour cette ann\u00e9e 2013, retour dans les Hautes-Alpes de la Concentration r\u00e9gionale de la Confr\u00e9rie des Cent Cols Alpes du Sud, Souvenir Roland Grimaud. Elle sera coupl\u00e9e avec le rassemblement du Comit\u00e9 D\u00e9partemental des Hautes-Alpes de la F\u00e9d\u00e9ration Fran\u00e7aise de Cyclotourisme. C\u2019est le Sud du d\u00e9partement, \u00e0 proximit\u00e9 de [&hellip;]<\/p>\n","protected":false},"author":2001,"featured_media":0,"comment_status":"closed","ping_status":"closed","sticky":false,"template":"","format":"standard","meta":{"_acf_changed":false,"ub_ctt_via":"","_monsterinsights_skip_tracking":false,"_monsterinsights_sitenote_active":false,"_monsterinsights_sitenote_note":"","_monsterinsights_sitenote_category":0,"footnotes":""},"categories":[11,7],"tags":[],"acf":[],"featured_image_urls":{"full":"","thumbnail":"","medium":"","medium_large":"","large":"","1536x1536":"","2048x2048":"","woocommerce_thumbnail":"","woocommerce_single":"","woocommerce_gallery_thumbnail":""},"post_excerpt_stackable":"<p>Les photos Voir les photos Pr\u00e9sentation Pour cette ann\u00e9e 2013, retour dans les Hautes-Alpes de la Concentration r\u00e9gionale de la Confr\u00e9rie des Cent Cols Alpes du Sud, Souvenir Roland Grimaud. Elle sera coupl\u00e9e avec le rassemblement du Comit\u00e9 D\u00e9partemental des Hautes-Alpes de la F\u00e9d\u00e9ration Fran\u00e7aise de Cyclotourisme. C\u2019est le Sud du d\u00e9partement, \u00e0 proximit\u00e9 de Laragne, qui nous accueillera. Plus pr\u00e9cis\u00e9ment, le Col de Jub\u00e9o (FR-05-0890) accessible en voiture et situ\u00e9 sur la commune de Savournon (foire aux b\u00e9liers le 24 ao\u00fbt prochain). Comme l\u2019an dernier, les randonn\u00e9es seront propos\u00e9es en matin\u00e9e afin de mieux profiter du moment des retrouvailles\u2026<\/p>\n","category_list":"<a href=\"https:\/\/centcols.org\/backup\/categorie\/rassemblements\/rassemblements-2013\/\" rel=\"category tag\">Les rassemblements de 2013<\/a>, <a href=\"https:\/\/centcols.org\/backup\/categorie\/rassemblements\/\" rel=\"category tag\">Rencontres r\u00e9gionales<\/a>","author_info":{"display_name":"Webmestre","author_link":"https:\/\/centcols.org\/backup\/author\/webmestre\/"},"comments_num":"0 commentaire","featured_image_urls_v2":{"full":"","thumbnail":"","medium":"","medium_large":"","large":"","1536x1536":"","2048x2048":"","woocommerce_thumbnail":"","woocommerce_single":"","woocommerce_gallery_thumbnail":""},"post_excerpt_stackable_v2":"<p>Les photos Voir les photos Pr\u00e9sentation Pour cette ann\u00e9e 2013, retour dans les Hautes-Alpes de la Concentration r\u00e9gionale de la Confr\u00e9rie des Cent Cols Alpes du Sud, Souvenir Roland Grimaud. Elle sera coupl\u00e9e avec le rassemblement du Comit\u00e9 D\u00e9partemental des Hautes-Alpes de la F\u00e9d\u00e9ration Fran\u00e7aise de Cyclotourisme. C\u2019est le Sud du d\u00e9partement, \u00e0 proximit\u00e9 de Laragne, qui nous accueillera. Plus pr\u00e9cis\u00e9ment, le Col de Jub\u00e9o (FR-05-0890) accessible en voiture et situ\u00e9 sur la commune de Savournon (foire aux b\u00e9liers le 24 ao\u00fbt prochain). Comme l\u2019an dernier, les randonn\u00e9es seront propos\u00e9es en matin\u00e9e afin de mieux profiter du moment des retrouvailles\u2026<\/p>\n","category_list_v2":"<a href=\"https:\/\/centcols.org\/backup\/categorie\/rassemblements\/rassemblements-2013\/\" rel=\"category tag\">Les rassemblements de 2013<\/a>, <a href=\"https:\/\/centcols.org\/backup\/categorie\/rassemblements\/\" rel=\"category tag\">Rencontres r\u00e9gionales<\/a>","author_info_v2":{"name":"Webmestre","url":"https:\/\/centcols.org\/backup\/author\/webmestre\/"},"comments_num_v2":"0 commentaire","featured_image_src":null,"_links":{"self":[{"href":"https:\/\/centcols.org\/backup\/wp-json\/wp\/v2\/posts\/327"}],"collection":[{"href":"https:\/\/centcols.org\/backup\/wp-json\/wp\/v2\/posts"}],"about":[{"href":"https:\/\/centcols.org\/backup\/wp-json\/wp\/v2\/types\/post"}],"author":[{"embeddable":true,"href":"https:\/\/centcols.org\/backup\/wp-json\/wp\/v2\/users\/2001"}],"replies":[{"embeddable":true,"href":"https:\/\/centcols.org\/backup\/wp-json\/wp\/v2\/comments?post=327"}],"version-history":[{"count":0,"href":"https:\/\/centcols.org\/backup\/wp-json\/wp\/v2\/posts\/327\/revisions"}],"wp:attachment":[{"href":"https:\/\/centcols.org\/backup\/wp-json\/wp\/v2\/media?parent=327"}],"wp:term":[{"taxonomy":"category","embeddable":true,"href":"https:\/\/centcols.org\/backup\/wp-json\/wp\/v2\/categories?post=327"},{"taxonomy":"post_tag","embeddable":true,"href":"https:\/\/centcols.org\/backup\/wp-json\/wp\/v2\/tags?post=327"}],"curies":[{"name":"wp","href":"https:\/\/api.w.org\/{rel}","templated":true}]}}