{"id":33093,"date":"2018-03-06T10:04:06","date_gmt":"2018-03-06T09:04:06","guid":{"rendered":"http:\/\/centcols.org\/backup\/?p=33093"},"modified":"2023-06-04T13:24:37","modified_gmt":"2023-06-04T11:24:37","slug":"ag-2018-bedoin","status":"publish","type":"post","link":"https:\/\/centcols.org\/backup\/ag-2018-bedoin\/","title":{"rendered":"Assembl\u00e9e G\u00e9n\u00e9rale du Club des Cent Cols \u00e0 B\u00e9doin (Vaucluse) le 10 novembre 2018"},"content":{"rendered":"<h2>Pr\u00e9sentation<\/h2>\n<p>AG 2018, B\u00e9doin, samedi 10 novembre 2018 \u00e0 14 h 30<\/p>\n<p>Vous pourrez vous inscrire pour l\u2019h\u00e9bergement \u00e0 partir de juin 2018 :<\/p>\n<p>T\u00e9l\u00e9charger le bulletin d\u2019inscription :\u00a0<a href=\"https:\/\/centcols.org\/backup\/wp-content\/uploads\/2018\/03\/Bulletin-dinscription-AG-des-10-et-11nov-2018.pdf\">Bulletin d&#8217;inscription AG des 10 et 11nov 2018<\/a><\/p>\n<p>Download the booking form in English :\u00a0\u00a0<a href=\"https:\/\/centcols.org\/backup\/wp-content\/uploads\/2018\/03\/Booking-Form-GA-Bedoin-10-to-11nov-2018-EN.pdf\">Booking Form GA Bedoin 10 to 11nov 2018 EN<\/a><\/p>\n<p>Scarica il modulo di registrazione :\u00a0<a href=\"https:\/\/centcols.org\/backup\/wp-content\/uploads\/2018\/03\/Bulletin-dinscription-AG-des-10-et-11nov-2018-IT.pdf\">Bulletin d&#8217;inscription AG des 10 et 11nov 2018 IT<\/a><\/p>\n<p>C&#8217;est dans ce sympathique village, au pied du G\u00e9ant de Provence, \u00e0 50 km \u00e0 l&#8217;est d&#8217;Avignon et 15 km de Carpentras, que nous tiendrons notre assembl\u00e9e g\u00e9n\u00e9rale 2018. L&#8217;ensemble des activit\u00e9s, sauf le v\u00e9lo, bien s\u00fbr, (assembl\u00e9e g\u00e9n\u00e9rale elle-m\u00eame, votes sur place, repas et h\u00e9bergement) se d\u00e9roulera au village de vacances &#8220;Les Florans&#8221; \u00e0 B\u00e9doin, dans le d\u00e9partement de Vaucluse. Cet \u00e9tablissement est g\u00e9r\u00e9 par l&#8217;entreprise VTF et il restera exceptionnellement ouvert apr\u00e8s les vacances scolaires d&#8217;automne, pour nous accueillir.<br \/>\n<img loading=\"lazy\" decoding=\"async\" class=\"aligncenter wp-image-33271 size-large\" style=\"font-size: 1.4em;\" src=\"https:\/\/centcols.org\/backup\/wp-content\/uploads\/2018\/03\/T-Labour-Ventoux-130725-NIK_4765-1200x797.jpg\" alt=\"\" width=\"1200\" height=\"797\" srcset=\"https:\/\/centcols.org\/backup\/wp-content\/uploads\/2018\/03\/T-Labour-Ventoux-130725-NIK_4765-1200x797.jpg 1200w, https:\/\/centcols.org\/backup\/wp-content\/uploads\/2018\/03\/T-Labour-Ventoux-130725-NIK_4765-600x398.jpg 600w, https:\/\/centcols.org\/backup\/wp-content\/uploads\/2018\/03\/T-Labour-Ventoux-130725-NIK_4765-500x332.jpg 500w, https:\/\/centcols.org\/backup\/wp-content\/uploads\/2018\/03\/T-Labour-Ventoux-130725-NIK_4765-768x510.jpg 768w, https:\/\/centcols.org\/backup\/wp-content\/uploads\/2018\/03\/T-Labour-Ventoux-130725-NIK_4765.jpg 1542w\" sizes=\"(max-width: 1200px) 100vw, 1200px\" \/>Le Mont Ventoux (photo T Labour)<\/p>\n<p>Nombreux sont les centcolistes qui connaissent bien ce village, point de d\u00e9part de la mont\u00e9e du Mont Ventoux par son versant sud, itin\u00e9raire r\u00e9put\u00e9 le plus difficile. Bien que notre s\u00e9jour se situe en novembre, il n&#8217;est pas du tout impossible que certains puissent en faire l&#8217;ascension s&#8217;ils en ont envie, au soleil et avec une temp\u00e9rature cl\u00e9mente.<br \/>\nComme d&#8217;habitude, nous proposerons deux <a href=\"\/membres\/cctours\/tours.php?lieu=B\u00e9doin&amp;an=2018&amp;genre=R\">circuits route<\/a> et deux <a href=\"\/membres\/cctours\/tours.php?lieu=B\u00e9doin&amp;an=2018&amp;genre=V\">circuits VTT<\/a> dans les environs, vraisemblablement au d\u00e9part du centre, pour les matin\u00e9es du samedi et du dimanche.<\/p>\n<div id=\"attachment_33269\" style=\"width: 581px\" class=\"wp-caption alignright\"><img loading=\"lazy\" decoding=\"async\" aria-describedby=\"caption-attachment-33269\" class=\" wp-image-33269\" src=\"https:\/\/centcols.org\/backup\/wp-content\/uploads\/2018\/03\/T-Labour-Gorges-de-la-Nesque-130725-NIK_4812-500x332.jpg\" alt=\"\" width=\"571\" height=\"379\" srcset=\"https:\/\/centcols.org\/backup\/wp-content\/uploads\/2018\/03\/T-Labour-Gorges-de-la-Nesque-130725-NIK_4812-500x332.jpg 500w, https:\/\/centcols.org\/backup\/wp-content\/uploads\/2018\/03\/T-Labour-Gorges-de-la-Nesque-130725-NIK_4812-600x398.jpg 600w, https:\/\/centcols.org\/backup\/wp-content\/uploads\/2018\/03\/T-Labour-Gorges-de-la-Nesque-130725-NIK_4812-768x510.jpg 768w, https:\/\/centcols.org\/backup\/wp-content\/uploads\/2018\/03\/T-Labour-Gorges-de-la-Nesque-130725-NIK_4812-1200x797.jpg 1200w, https:\/\/centcols.org\/backup\/wp-content\/uploads\/2018\/03\/T-Labour-Gorges-de-la-Nesque-130725-NIK_4812.jpg 1542w\" sizes=\"(max-width: 571px) 100vw, 571px\" \/><p id=\"caption-attachment-33269\" class=\"wp-caption-text\">Gorges de la Nesque (photo T Labour)<\/p><\/div>\n<p>Les environs de B\u00e9doin sont tr\u00e8s riches en sites et paysages magnifiques m\u00e9ritant notre attention, d&#8217;autant plus que les cols ne manquent pas. Alors, Dentelles de Montmirail, Gorges de la Nesque, etc., nous verrons bien ce que proposeront nos amis du Club Vaison Cyclo Nature (VCN), que nous pouvons d\u00e9j\u00e0 chaleureusement remercier pour l&#8217;aide qu&#8217;ils nous apportent dans la pr\u00e9paration de l&#8217;AG et du s\u00e9jour.<\/p>\n<p>BEDOIN<br \/>\nC&#8217;est un charmant village agricole du Mont Ventoux. Etendu sur un large territoire, il regroupe plusieurs hameaux, qui ont tous en commun ce climat m\u00e9diterran\u00e9en illumin\u00e9 d&#8217;un soleil quasi quotidien.\u00a0On y produit un\u00a0<a href=\"https:\/\/www.provenceweb.fr\/f\/mag\/terroir\/vin\/vignobles\/ventoux.htm\">vin class\u00e9 AOC<\/a>\u00a0d&#8217;excellente qualit\u00e9, ainsi que fruits et asperges.\u00a0B\u00e9doin a la chance d&#8217;abriter une des plus grandes for\u00eats communales de France. Elle s&#8217;\u00e9tale sur plus de 6 300 hectares, soit le tiers de la couverture foresti\u00e8re du Mont Ventoux. Elle est sans conteste la for\u00eat la plus vari\u00e9e du Vaucluse, avec plus de 1 200 esp\u00e8ces v\u00e9g\u00e9tales diff\u00e9rentes!\u00a0Le village a une tr\u00e8s longue histoire qui remonte jusqu&#8217;\u00e0 la pr\u00e9histoire. Les curieux pourront lire avec int\u00e9r\u00eat<a href=\"http:\/\/BEDOIN C'est un charmant village agricole du Mont Ventoux. Etendu sur un large territoire, il regroupe plusieurs hameaux, qui ont tous en commun ce climat m\u00e9diterran\u00e9en illumin\u00e9 d'un soleil quasi quotidien. On y produit un vin class\u00e9 AOC d'excellente qualit\u00e9, ainsi que fruits et asperges. B\u00e9doin a la chance d'abriter une des plus grandes for\u00eats communales de France. Elle s'\u00e9tale sur plus de 6 300 hectares, soit le tiers de la couverture foresti\u00e8re du Mont Ventoux. Elle est sans conteste la for\u00eat la plus vari\u00e9e du Vaucluse, avec plus de 1 200 esp\u00e8ces v\u00e9g\u00e9tales diff\u00e9rentes! Le village a une tr\u00e8s longue histoire qui remonte jusqu'\u00e0 la pr\u00e9histoire. Les curieux pourront lire avec int\u00e9r\u00eat l'article de Wikipedia sur Internet.\"> l&#8217;article de Wikipedia<\/a> sur Internet.<\/p>\n<p>HEBERGEMENT, RESTAURATION et lieu de l&#8217;AG<\/p>\n<div id=\"attachment_33268\" style=\"width: 512px\" class=\"wp-caption alignnone\"><img loading=\"lazy\" decoding=\"async\" aria-describedby=\"caption-attachment-33268\" class=\" wp-image-33268\" src=\"https:\/\/centcols.org\/backup\/wp-content\/uploads\/2018\/03\/Bedoin-les-florans2-500x314.jpg\" alt=\"\" width=\"502\" height=\"315\" srcset=\"https:\/\/centcols.org\/backup\/wp-content\/uploads\/2018\/03\/Bedoin-les-florans2-500x314.jpg 500w, https:\/\/centcols.org\/backup\/wp-content\/uploads\/2018\/03\/Bedoin-les-florans2-600x377.jpg 600w, https:\/\/centcols.org\/backup\/wp-content\/uploads\/2018\/03\/Bedoin-les-florans2-768x483.jpg 768w, https:\/\/centcols.org\/backup\/wp-content\/uploads\/2018\/03\/Bedoin-les-florans2-1200x755.jpg 1200w, https:\/\/centcols.org\/backup\/wp-content\/uploads\/2018\/03\/Bedoin-les-florans2.jpg 1628w\" sizes=\"(max-width: 502px) 100vw, 502px\" \/><p id=\"caption-attachment-33268\" class=\"wp-caption-text\">B\u00e9doin Les Florans (photo VTF)<\/p><\/div>\n<p>Village de vacances VTF &#8220;Les Florans&#8221;<br \/>\nChemin des Florans<br \/>\nBP 02, 84410 B\u00c9DOIN<br \/>\nTel : +33 4 90 65 60 10<br \/>\n<a href=\"https:\/\/www.vtf-vacances.com\/fr\/village-vacances-familles\/provence-alpes-cote-d-azur\/vaucluse\/bedoin\/417\" target=\"_blank\" rel=\"noopener\">Site Internet<\/a><\/p>\n<h2>Balades \u00e0 v\u00e9lo<\/h2>\n<p>Quatre circuits ont \u00e9t\u00e9 pr\u00e9par\u00e9s.<\/p>\n<p>Pour le samedi matin, le circuit routier (environ 45 km) et le circuit VTT (27 km, avec de la route,du R1\/R2 et un passage S3) partent de M\u00e9thamis situ\u00e9 \u00e0 environ 25 minutes en voiture de B\u00e9doin. Le d\u00e9part de M\u00e9thamis est pr\u00e9vu \u00e0 8h30 avec un d\u00e9part en voiture de B\u00e9doin \u00e0 8h. Les deux circuits seront accompagn\u00e9s par des cyclos locaux.<\/p>\n<p>Pour le dimanche matin, le circuit routier (environ 45 km) part du centre de vacances. Le rendez-vous est fix\u00e9 \u00e0 8h. Le circuit VTT\u00a0 (23 km, avec de la route et essentiellement du R1\/R2 et un passage R3) vous fera d\u00e9couvrir les Dentelles de Montmirail au d\u00e9part de Lafare. Le rendez-vous sur place est fix\u00e9 \u00e0 8h30 (d\u00e9part de B\u00e9doin en voiture \u00e0 7h50). Ces deux circuits seront \u00e9galement accompagn\u00e9s par des cyclos locaux.<\/p>\n<h3>Circuits route<\/h3>\n<p>Deux <a href=\"\/membres\/cctours\/tours.php?lieu=B\u00e9doin&amp;an=2018&amp;genre=R\">parcours routiers<\/a> vont sont propos\u00e9s, un pour le samedi et un pour le dimanche.<\/p>\n<h3>Circuits VTT<\/h3>\n<p>Ce sont aussi deux <a href=\"\/membres\/cctours\/tours.php?lieu=B\u00e9doin&amp;an=2018&amp;genre=V\">parcours \u00e0 VTT<\/a> qui sont propos\u00e9s pour le samedi et le dimanche.<\/p>\n<p>&nbsp;<\/p>\n","protected":false},"excerpt":{"rendered":"<p>Pr\u00e9sentation AG 2018, B\u00e9doin, samedi 10 novembre 2018 \u00e0 14 h 30 Vous pourrez vous inscrire pour l\u2019h\u00e9bergement \u00e0 partir de juin 2018 : T\u00e9l\u00e9charger le bulletin d\u2019inscription :\u00a0Bulletin d&#8217;inscription AG des 10 et 11nov 2018 Download the booking form in English :\u00a0\u00a0Booking Form GA Bedoin 10 to 11nov 2018 EN Scarica il modulo di [&hellip;]<\/p>\n","protected":false},"author":282,"featured_media":0,"comment_status":"closed","ping_status":"closed","sticky":false,"template":"","format":"standard","meta":{"_acf_changed":false,"ub_ctt_via":"","_monsterinsights_skip_tracking":false,"_monsterinsights_sitenote_active":false,"_monsterinsights_sitenote_note":"","_monsterinsights_sitenote_category":0,"footnotes":""},"categories":[14],"tags":[],"acf":[],"featured_image_urls":{"full":"","thumbnail":"","medium":"","medium_large":"","large":"","1536x1536":"","2048x2048":"","woocommerce_thumbnail":"","woocommerce_single":"","woocommerce_gallery_thumbnail":""},"post_excerpt_stackable":"<p>Pr\u00e9sentation AG 2018, B\u00e9doin, samedi 10 novembre 2018 \u00e0 14 h 30 Vous pourrez vous inscrire pour l\u2019h\u00e9bergement \u00e0 partir de juin 2018 : T\u00e9l\u00e9charger le bulletin d\u2019inscription :\u00a0Bulletin d&#8217;inscription AG des 10 et 11nov 2018 Download the booking form in English :\u00a0\u00a0Booking Form GA Bedoin 10 to 11nov 2018 EN Scarica il modulo di registrazione :\u00a0Bulletin d&#8217;inscription AG des 10 et 11nov 2018 IT C&#8217;est dans ce sympathique village, au pied du G\u00e9ant de Provence, \u00e0 50 km \u00e0 l&#8217;est d&#8217;Avignon et 15 km de Carpentras, que nous tiendrons notre assembl\u00e9e g\u00e9n\u00e9rale 2018. L&#8217;ensemble des activit\u00e9s, sauf le v\u00e9lo,\u2026<\/p>\n","category_list":"<a href=\"https:\/\/centcols.org\/backup\/categorie\/assemblees-generales\/\" rel=\"category tag\">Assembl\u00e9es g\u00e9n\u00e9rales<\/a>","author_info":{"display_name":"Thierry Labour","author_link":"https:\/\/centcols.org\/backup\/author\/5925\/"},"comments_num":"0 commentaire","featured_image_urls_v2":{"full":"","thumbnail":"","medium":"","medium_large":"","large":"","1536x1536":"","2048x2048":"","woocommerce_thumbnail":"","woocommerce_single":"","woocommerce_gallery_thumbnail":""},"post_excerpt_stackable_v2":"<p>Pr\u00e9sentation AG 2018, B\u00e9doin, samedi 10 novembre 2018 \u00e0 14 h 30 Vous pourrez vous inscrire pour l\u2019h\u00e9bergement \u00e0 partir de juin 2018 : T\u00e9l\u00e9charger le bulletin d\u2019inscription :\u00a0Bulletin d&#8217;inscription AG des 10 et 11nov 2018 Download the booking form in English :\u00a0\u00a0Booking Form GA Bedoin 10 to 11nov 2018 EN Scarica il modulo di registrazione :\u00a0Bulletin d&#8217;inscription AG des 10 et 11nov 2018 IT C&#8217;est dans ce sympathique village, au pied du G\u00e9ant de Provence, \u00e0 50 km \u00e0 l&#8217;est d&#8217;Avignon et 15 km de Carpentras, que nous tiendrons notre assembl\u00e9e g\u00e9n\u00e9rale 2018. L&#8217;ensemble des activit\u00e9s, sauf le v\u00e9lo,\u2026<\/p>\n","category_list_v2":"<a href=\"https:\/\/centcols.org\/backup\/categorie\/assemblees-generales\/\" rel=\"category tag\">Assembl\u00e9es g\u00e9n\u00e9rales<\/a>","author_info_v2":{"name":"Thierry Labour","url":"https:\/\/centcols.org\/backup\/author\/5925\/"},"comments_num_v2":"0 commentaire","featured_image_src":null,"_links":{"self":[{"href":"https:\/\/centcols.org\/backup\/wp-json\/wp\/v2\/posts\/33093"}],"collection":[{"href":"https:\/\/centcols.org\/backup\/wp-json\/wp\/v2\/posts"}],"about":[{"href":"https:\/\/centcols.org\/backup\/wp-json\/wp\/v2\/types\/post"}],"author":[{"embeddable":true,"href":"https:\/\/centcols.org\/backup\/wp-json\/wp\/v2\/users\/282"}],"replies":[{"embeddable":true,"href":"https:\/\/centcols.org\/backup\/wp-json\/wp\/v2\/comments?post=33093"}],"version-history":[{"count":0,"href":"https:\/\/centcols.org\/backup\/wp-json\/wp\/v2\/posts\/33093\/revisions"}],"wp:attachment":[{"href":"https:\/\/centcols.org\/backup\/wp-json\/wp\/v2\/media?parent=33093"}],"wp:term":[{"taxonomy":"category","embeddable":true,"href":"https:\/\/centcols.org\/backup\/wp-json\/wp\/v2\/categories?post=33093"},{"taxonomy":"post_tag","embeddable":true,"href":"https:\/\/centcols.org\/backup\/wp-json\/wp\/v2\/tags?post=33093"}],"curies":[{"name":"wp","href":"https:\/\/api.w.org\/{rel}","templated":true}]}}