{"id":33104,"date":"2018-02-27T17:30:02","date_gmt":"2018-02-27T16:30:02","guid":{"rendered":"http:\/\/centcols.org\/backup\/?p=33104"},"modified":"2023-05-21T10:14:35","modified_gmt":"2023-05-21T08:14:35","slug":"sejour-ete-2018-saint-maurice","status":"publish","type":"post","link":"https:\/\/centcols.org\/backup\/sejour-ete-2018-saint-maurice\/","title":{"rendered":"S\u00e9jour estival \u00e0 Saint-Maurice (Suisse) du 13 au 19 ao\u00fbt 2018"},"content":{"rendered":"<p>Ont contribu\u00e9 \u00e0 cette page de pr\u00e9sentation du s\u00e9jour toute l&#8217;\u00e9quipe suisse, les responsables informatique et s\u00e9jour.<\/p>\n<p>\u00c0 voir: <a href=\"https:\/\/centcols.org\/backup\/video-st-maurice-2018\/\">vid\u00e9o de la T\u00e9l\u00e9vision Suisse Romande<\/a> tourn\u00e9e avant et \u00e0 l&#8217;occasion de ce s\u00e9jour.<\/p>\n<div id=\"attachment_33105\" style=\"width: 486px\" class=\"wp-caption aligncenter\"><img loading=\"lazy\" decoding=\"async\" aria-describedby=\"caption-attachment-33105\" class=\"wp-image-33105\" src=\"https:\/\/centcols.org\/backup\/wp-content\/uploads\/2018\/02\/\u00a9nicolassedlatchek.ch_ville-ST-MAURICE-375x500.jpg\" alt=\"\" width=\"476\" height=\"633\" srcset=\"https:\/\/centcols.org\/backup\/wp-content\/uploads\/2018\/02\/\u00a9nicolassedlatchek.ch_ville-ST-MAURICE-375x500.jpg 375w, https:\/\/centcols.org\/backup\/wp-content\/uploads\/2018\/02\/\u00a9nicolassedlatchek.ch_ville-ST-MAURICE.jpg 1280w\" sizes=\"(max-width: 476px) 100vw, 476px\" \/><p id=\"caption-attachment-33105\" class=\"wp-caption-text\">La ville de Saint-Maurice (\u00a9nicolassedlatchek.ch)<\/p><\/div>\n<p>&nbsp;<\/p>\n<p>Une nouvelle fois, le Club propose un s\u00e9jour hors de France, apr\u00e8s l&#8217;Espagne et l&#8217;Italie. Cette fois-ci c&#8217;est dans le <strong>Valais francophone<\/strong> que nos amis suisses nous accueillent l&#8217;\u00e9t\u00e9 prochain.<br \/>\nIl est programm\u00e9 \u00e0 <strong>Saint-Maurice<\/strong>, ville de 4500 habitants \u00e0 418m d&#8217;altitude du lundi 13 (<strong>accueil entre 16h et 17h45<\/strong>) au dimanche 19 ao\u00fbt 2018 (<strong>apr\u00e8s le petit d\u00e9jeuner<\/strong>).<br \/>\nCe s\u00e9jour, pr\u00e9par\u00e9 par toute une \u00e9quipe de membres suisses, vous permettra de d\u00e9couvrir des cols du bas-Valais ainsi que ceux des cantons de Vaud et Fribourg. Le col le plus \u00e9lev\u00e9 du s\u00e9jour est le col de Chassoure CH-VS-2739a et le col le plus bas est celui du Prion CH-VS-915.<br \/>\n<strong>Le rassemblement annuel du Club se tiendra \u00e0 Morgins \u00e0 la fronti\u00e8re franco-suisse, au Pas de Morgins CH-VS-1369a le samedi 18 ao\u00fbt 2018.<\/strong><\/p>\n<div id=\"attachment_33165\" style=\"width: 601px\" class=\"wp-caption alignnone\"><img loading=\"lazy\" decoding=\"async\" aria-describedby=\"caption-attachment-33165\" class=\" wp-image-33165\" src=\"https:\/\/centcols.org\/backup\/wp-content\/uploads\/2018\/02\/P1020103-LIEU-CONCENTRATION-500x375.jpg\" alt=\"\" width=\"591\" height=\"443\" srcset=\"https:\/\/centcols.org\/backup\/wp-content\/uploads\/2018\/02\/P1020103-LIEU-CONCENTRATION-500x375.jpg 500w, https:\/\/centcols.org\/backup\/wp-content\/uploads\/2018\/02\/P1020103-LIEU-CONCENTRATION-600x450.jpg 600w, https:\/\/centcols.org\/backup\/wp-content\/uploads\/2018\/02\/P1020103-LIEU-CONCENTRATION-768x576.jpg 768w, https:\/\/centcols.org\/backup\/wp-content\/uploads\/2018\/02\/P1020103-LIEU-CONCENTRATION-1200x900.jpg 1200w, https:\/\/centcols.org\/backup\/wp-content\/uploads\/2018\/02\/P1020103-LIEU-CONCENTRATION.jpg 1365w\" sizes=\"(max-width: 591px) 100vw, 591px\" \/><p id=\"caption-attachment-33165\" class=\"wp-caption-text\">(Lieu du rassemblement)<\/p><\/div>\n<p>Vous trouverez ci-dessous les rubriques :<\/p>\n<ul>\n<li>Pr\u00e9sentation de la r\u00e9gion<\/li>\n<li>Les <a href=\"\/membres\/cctours\/tours.php?lieu=St-Maurice&amp;an=2018\">circuits<\/a><\/li>\n<li>H\u00e9bergement<\/li>\n<li>Note du Conseil d&#8217;Administration<\/li>\n<li>Inscription, avec une carte de situation<\/li>\n<li>Autres activit\u00e9s ou visites<\/li>\n<li>Culture et questions pratiques<\/li>\n<\/ul>\n<p>Voir aussi un <a href=\"https:\/\/centcols.org\/backup\/les_rendez-vous\/2018\/StMaurice\/InfoSt-Maurice.pdf\">cahier d&#8217;information pour les participants<\/a>. Il s&#8217;agit d&#8217;un extrait de la brochure qui sera distribu\u00e9es lors du s\u00e9jour et qui contient, outre les messages de bienvenue, des informations sur la r\u00e9gion, sur l&#8217;acc\u00e8s et sur la s\u00e9curit\u00e9.<\/p>\n","protected":false},"excerpt":{"rendered":"<p>Ont contribu\u00e9 \u00e0 cette page de pr\u00e9sentation du s\u00e9jour toute l&#8217;\u00e9quipe suisse, les responsables informatique et s\u00e9jour. \u00c0 voir: vid\u00e9o de la T\u00e9l\u00e9vision Suisse Romande tourn\u00e9e avant et \u00e0 l&#8217;occasion de ce s\u00e9jour. &nbsp; Une nouvelle fois, le Club propose un s\u00e9jour hors de France, apr\u00e8s l&#8217;Espagne et l&#8217;Italie. Cette fois-ci c&#8217;est dans le Valais [&hellip;]<\/p>\n","protected":false},"author":282,"featured_media":0,"comment_status":"closed","ping_status":"closed","sticky":false,"template":"","format":"standard","meta":{"_acf_changed":false,"ub_ctt_via":"","_monsterinsights_skip_tracking":false,"_monsterinsights_sitenote_active":false,"_monsterinsights_sitenote_note":"","_monsterinsights_sitenote_category":0,"footnotes":""},"categories":[35],"tags":[],"acf":[],"featured_image_urls":{"full":"","thumbnail":"","medium":"","medium_large":"","large":"","1536x1536":"","2048x2048":"","woocommerce_thumbnail":"","woocommerce_single":"","woocommerce_gallery_thumbnail":""},"post_excerpt_stackable":"<p>Ont contribu\u00e9 \u00e0 cette page de pr\u00e9sentation du s\u00e9jour toute l&#8217;\u00e9quipe suisse, les responsables informatique et s\u00e9jour. \u00c0 voir: vid\u00e9o de la T\u00e9l\u00e9vision Suisse Romande tourn\u00e9e avant et \u00e0 l&#8217;occasion de ce s\u00e9jour. La ville de Saint-Maurice (\u00a9nicolassedlatchek.ch) &nbsp; Une nouvelle fois, le Club propose un s\u00e9jour hors de France, apr\u00e8s l&#8217;Espagne et l&#8217;Italie. Cette fois-ci c&#8217;est dans le Valais francophone que nos amis suisses nous accueillent l&#8217;\u00e9t\u00e9 prochain. Il est programm\u00e9 \u00e0 Saint-Maurice, ville de 4500 habitants \u00e0 418m d&#8217;altitude du lundi 13 (accueil entre 16h et 17h45) au dimanche 19 ao\u00fbt 2018 (apr\u00e8s le petit d\u00e9jeuner). Ce s\u00e9jour,\u2026<\/p>\n","category_list":"<a href=\"https:\/\/centcols.org\/backup\/categorie\/sejours\/\" rel=\"category tag\">S\u00e9jours<\/a>","author_info":{"display_name":"Thierry Labour","author_link":"https:\/\/centcols.org\/backup\/author\/5925\/"},"comments_num":"0 commentaire","featured_image_urls_v2":{"full":"","thumbnail":"","medium":"","medium_large":"","large":"","1536x1536":"","2048x2048":"","woocommerce_thumbnail":"","woocommerce_single":"","woocommerce_gallery_thumbnail":""},"post_excerpt_stackable_v2":"<p>Ont contribu\u00e9 \u00e0 cette page de pr\u00e9sentation du s\u00e9jour toute l&#8217;\u00e9quipe suisse, les responsables informatique et s\u00e9jour. \u00c0 voir: vid\u00e9o de la T\u00e9l\u00e9vision Suisse Romande tourn\u00e9e avant et \u00e0 l&#8217;occasion de ce s\u00e9jour. La ville de Saint-Maurice (\u00a9nicolassedlatchek.ch) &nbsp; Une nouvelle fois, le Club propose un s\u00e9jour hors de France, apr\u00e8s l&#8217;Espagne et l&#8217;Italie. Cette fois-ci c&#8217;est dans le Valais francophone que nos amis suisses nous accueillent l&#8217;\u00e9t\u00e9 prochain. Il est programm\u00e9 \u00e0 Saint-Maurice, ville de 4500 habitants \u00e0 418m d&#8217;altitude du lundi 13 (accueil entre 16h et 17h45) au dimanche 19 ao\u00fbt 2018 (apr\u00e8s le petit d\u00e9jeuner). Ce s\u00e9jour,\u2026<\/p>\n","category_list_v2":"<a href=\"https:\/\/centcols.org\/backup\/categorie\/sejours\/\" rel=\"category tag\">S\u00e9jours<\/a>","author_info_v2":{"name":"Thierry Labour","url":"https:\/\/centcols.org\/backup\/author\/5925\/"},"comments_num_v2":"0 commentaire","featured_image_src":null,"_links":{"self":[{"href":"https:\/\/centcols.org\/backup\/wp-json\/wp\/v2\/posts\/33104"}],"collection":[{"href":"https:\/\/centcols.org\/backup\/wp-json\/wp\/v2\/posts"}],"about":[{"href":"https:\/\/centcols.org\/backup\/wp-json\/wp\/v2\/types\/post"}],"author":[{"embeddable":true,"href":"https:\/\/centcols.org\/backup\/wp-json\/wp\/v2\/users\/282"}],"replies":[{"embeddable":true,"href":"https:\/\/centcols.org\/backup\/wp-json\/wp\/v2\/comments?post=33104"}],"version-history":[{"count":0,"href":"https:\/\/centcols.org\/backup\/wp-json\/wp\/v2\/posts\/33104\/revisions"}],"wp:attachment":[{"href":"https:\/\/centcols.org\/backup\/wp-json\/wp\/v2\/media?parent=33104"}],"wp:term":[{"taxonomy":"category","embeddable":true,"href":"https:\/\/centcols.org\/backup\/wp-json\/wp\/v2\/categories?post=33104"},{"taxonomy":"post_tag","embeddable":true,"href":"https:\/\/centcols.org\/backup\/wp-json\/wp\/v2\/tags?post=33104"}],"curies":[{"name":"wp","href":"https:\/\/api.w.org\/{rel}","templated":true}]}}