{"id":332,"date":"2015-04-14T15:05:55","date_gmt":"2015-04-14T13:05:55","guid":{"rendered":"http:\/\/centcols.org\/backup\/?p=332"},"modified":"2015-06-09T11:27:22","modified_gmt":"2015-06-09T09:27:22","slug":"concentration-2013-languedoc-roussillon","status":"publish","type":"post","link":"https:\/\/centcols.org\/backup\/concentration-2013-languedoc-roussillon\/","title":{"rendered":"Concentration r\u00e9gionale des Cent Cols du Languedoc-Roussillon \u00ab Sortie Michel Bernardini \u00bb &#8211; Dimanche 25 ao\u00fbt 2013"},"content":{"rendered":"<h2>Les photos<\/h2>\n<p><a class=\"iframe-fancybox\" href=\"http:\/\/centcols.net\/util\/visuAlbum.php?album=06028-010\" target=\"_blank\">Photos de Jean-Pierre Lambert<\/a><\/p>\n<p><a class=\"iframe-fancybox\" href=\"http:\/\/centcols.net\/util\/visuAlbum.php?album=05173-005\" target=\"_blank\">Photos de Fred Singla<\/a><\/p>\n<h2>Pr\u00e9sentation et parcours<\/h2>\n<p>La traditionnelle sortie Michel\u00a0 Bernardini des Cent Cols du Languedoc-Roussillon aura lieu le dimanche 25 ao\u00fbt 2013.<\/p>\n<p>D\u00e9part d&#8217;Arties (6 km \u00e0 l&#8217;est de Vielha, dans le\u00a0 Val\u00a0 d&#8217;Aran) \u00e0 09h00 sur le<a href=\"https:\/\/www.google.com\/maps\/place\/42%C2%B042%2704.5%22N+0%C2%B052%2726.5%22E\/@42.700447,0.873767,411m\/data=!3m1!1e3!4m2!3m1!1s0x0:0x0\" target=\"_blank\"> grand parking<\/a> situ\u00e9 c\u00f4t\u00e9 sud de la C28 \u00e0 la sortie est du village, pour 3 \u00e0 5 cols de plus de 2000 m\u00e8tres.<\/p>\n<p>Coret de Pru\u00ebdo (2 010 m) <a class=\"iframe-fancybox\" title=\"Coret de Pr\u00fcedo\" href=\"https:\/\/centcols.org\/backup\/util\/geo\/visuES.php?code=ES-L-2010b\" target=\"_blank\">ES-L-2010b<\/a><br \/>\nCoret d&#8217;Arties (2 110 m) <a class=\"iframe-fancybox\" title=\"Coret d'Arties\" href=\"https:\/\/centcols.org\/backup\/util\/geo\/visuES.php?code=ES-L-2110\" target=\"_blank\">ES-L-2110<\/a><br \/>\nCoret Roi (2 068 m) <a class=\"iframe-fancybox\" title=\"Coret Roi\" href=\"https:\/\/centcols.org\/backup\/util\/geo\/visuES.php?code=ES-L-2070b\" target=\"_blank\">ES-L-2070b<\/a><\/p>\n<p>On pourra ajouter en option, en aller-retour, le Coret deth Cl\u00f2to (2190 m) <a class=\"iframe-fancybox\" title=\"Coret deth Cl\u00f2to\" href=\"https:\/\/centcols.org\/backup\/util\/geo\/visuES.php?code=ES-L-2190\" target=\"_blank\">ES-L-2190<\/a> apr\u00e8s le Coret de Pru\u00ebdo, et Era Passada de Ribereta (<a class=\"iframe-fancybox\" title=\"C\u00f2lh de Ribereta\" href=\"https:\/\/centcols.org\/backup\/util\/geo\/visuES.php?code=ES-L-2338\" target=\"_blank\">ES-L-2338<\/a>)<\/p>\n<h3>Description (Alain Gillodes)<\/h3>\n<p>Arties est un joli village o\u00f9 l&#8217;on peut admirer l&#8217;une des remarquables \u00e9glises romanes du Vall d&#8217;Aran, vers Salard\u00f9. A Salard\u00f9 , remonter le Val d&#8217;Aiguam\u00f2g jusqu&#8217;aux Bains de Tred\u00f2s (fin du goudron). Passer le pont et prendre la piste de droite qui conduit au Coret de Pru\u00ebdo (2010 m). Au fond de la vall\u00e9e on peut aller chercher,en aller et retour, direction le refuge de Colom\u00e8rs (le cirque de Colom\u00e8rs m\u00e9rite largement le d\u00e9tour) le Coret deth Cl\u00f2to (2190 m) (S2-3). Apr\u00e8s ce col, prendre la premi\u00e8re piste \u00e0 droite qui se termine dans l&#8217;alpage. Poursuivre a vue jusqu&#8217;au Coret d&#8217;Arties (2110 m) puis jusqu&#8217;au Coret Roi (2050 m) (Du Coret d&#8217;Arties au Coret Roi tr\u00e8s encaiss\u00e9, mont\u00e9e puis forte descente). Revenir \u00e0 proximit\u00e9 du Coret de Pru\u00ebdo et descendre la piste conduisant au pont de Loseron, puis au pont de Ressec o\u00f9 on retrouve le goudron et la direction d&#8217;Arties.<\/p>\n<p>Au moins 46 km pour 1 450 m de d\u00e9nivel\u00e9 positif.<\/p>\n<h3>Contacts<\/h3>\n<p>Ren\u00e9 Marty : +33 (0)6.48.38.96.72\u00a0 <a href=\"mail&#116;o&#58;ren&#101;-&#109;&#97;r&#116;&#121;&#49;&#49;&#64;h&#111;&#116;ma&#105;l.&#102;r&#32;\">r&#101;n&#101;-&#109;arty1&#49;&#64;hot&#109;&#97;&#105;&#108;&#46;f&#114;&#32;<\/a><\/p>\n<p>Jean-Pierre Lambert <a href=\"m&#97;i&#108;&#116;&#111;&#58;hi&#103;hla&#110;d.&#102;&#108;&#111;w&#101;r&#64;&#102;re&#101;.f&#114;&#32;\">h&#105;&#103;hland.&#102;lowe&#114;&#64;free&#46;f&#114; <\/a><\/p>\n<p>P.S. Pour des raisons bien ind\u00e9pendantes de sa volont\u00e9, Ren\u00e9 ne pourra pas participer \u00e0 cette sortie, et remercie Jean-Pierre Lambert d\u2019avoir accept\u00e9 tr\u00e8s aimablement de pallier son absence.<\/p>\n","protected":false},"excerpt":{"rendered":"<p>Les photos Photos de Jean-Pierre Lambert Photos de Fred Singla Pr\u00e9sentation et parcours La traditionnelle sortie Michel\u00a0 Bernardini des Cent Cols du Languedoc-Roussillon aura lieu le dimanche 25 ao\u00fbt 2013. D\u00e9part d&#8217;Arties (6 km \u00e0 l&#8217;est de Vielha, dans le\u00a0 Val\u00a0 d&#8217;Aran) \u00e0 09h00 sur le grand parking situ\u00e9 c\u00f4t\u00e9 sud de la C28 \u00e0 [&hellip;]<\/p>\n","protected":false},"author":2001,"featured_media":0,"comment_status":"closed","ping_status":"closed","sticky":false,"template":"","format":"standard","meta":{"_acf_changed":false,"ub_ctt_via":"","_monsterinsights_skip_tracking":false,"_monsterinsights_sitenote_active":false,"_monsterinsights_sitenote_note":"","_monsterinsights_sitenote_category":0,"footnotes":""},"categories":[11,7],"tags":[],"acf":[],"featured_image_urls":{"full":"","thumbnail":"","medium":"","medium_large":"","large":"","1536x1536":"","2048x2048":"","woocommerce_thumbnail":"","woocommerce_single":"","woocommerce_gallery_thumbnail":""},"post_excerpt_stackable":"<p>Les photos Photos de Jean-Pierre Lambert Photos de Fred Singla Pr\u00e9sentation et parcours La traditionnelle sortie Michel\u00a0 Bernardini des Cent Cols du Languedoc-Roussillon aura lieu le dimanche 25 ao\u00fbt 2013. D\u00e9part d&#8217;Arties (6 km \u00e0 l&#8217;est de Vielha, dans le\u00a0 Val\u00a0 d&#8217;Aran) \u00e0 09h00 sur le grand parking situ\u00e9 c\u00f4t\u00e9 sud de la C28 \u00e0 la sortie est du village, pour 3 \u00e0 5 cols de plus de 2000 m\u00e8tres. Coret de Pru\u00ebdo (2 010 m) ES-L-2010b Coret d&#8217;Arties (2 110 m) ES-L-2110 Coret Roi (2 068 m) ES-L-2070b On pourra ajouter en option, en aller-retour, le Coret deth Cl\u00f2to\u2026<\/p>\n","category_list":"<a href=\"https:\/\/centcols.org\/backup\/categorie\/rassemblements\/rassemblements-2013\/\" rel=\"category tag\">Les rassemblements de 2013<\/a>, <a href=\"https:\/\/centcols.org\/backup\/categorie\/rassemblements\/\" rel=\"category tag\">Rencontres r\u00e9gionales<\/a>","author_info":{"display_name":"Webmestre","author_link":"https:\/\/centcols.org\/backup\/author\/webmestre\/"},"comments_num":"0 commentaire","featured_image_urls_v2":{"full":"","thumbnail":"","medium":"","medium_large":"","large":"","1536x1536":"","2048x2048":"","woocommerce_thumbnail":"","woocommerce_single":"","woocommerce_gallery_thumbnail":""},"post_excerpt_stackable_v2":"<p>Les photos Photos de Jean-Pierre Lambert Photos de Fred Singla Pr\u00e9sentation et parcours La traditionnelle sortie Michel\u00a0 Bernardini des Cent Cols du Languedoc-Roussillon aura lieu le dimanche 25 ao\u00fbt 2013. D\u00e9part d&#8217;Arties (6 km \u00e0 l&#8217;est de Vielha, dans le\u00a0 Val\u00a0 d&#8217;Aran) \u00e0 09h00 sur le grand parking situ\u00e9 c\u00f4t\u00e9 sud de la C28 \u00e0 la sortie est du village, pour 3 \u00e0 5 cols de plus de 2000 m\u00e8tres. Coret de Pru\u00ebdo (2 010 m) ES-L-2010b Coret d&#8217;Arties (2 110 m) ES-L-2110 Coret Roi (2 068 m) ES-L-2070b On pourra ajouter en option, en aller-retour, le Coret deth Cl\u00f2to\u2026<\/p>\n","category_list_v2":"<a href=\"https:\/\/centcols.org\/backup\/categorie\/rassemblements\/rassemblements-2013\/\" rel=\"category tag\">Les rassemblements de 2013<\/a>, <a href=\"https:\/\/centcols.org\/backup\/categorie\/rassemblements\/\" rel=\"category tag\">Rencontres r\u00e9gionales<\/a>","author_info_v2":{"name":"Webmestre","url":"https:\/\/centcols.org\/backup\/author\/webmestre\/"},"comments_num_v2":"0 commentaire","featured_image_src":null,"_links":{"self":[{"href":"https:\/\/centcols.org\/backup\/wp-json\/wp\/v2\/posts\/332"}],"collection":[{"href":"https:\/\/centcols.org\/backup\/wp-json\/wp\/v2\/posts"}],"about":[{"href":"https:\/\/centcols.org\/backup\/wp-json\/wp\/v2\/types\/post"}],"author":[{"embeddable":true,"href":"https:\/\/centcols.org\/backup\/wp-json\/wp\/v2\/users\/2001"}],"replies":[{"embeddable":true,"href":"https:\/\/centcols.org\/backup\/wp-json\/wp\/v2\/comments?post=332"}],"version-history":[{"count":0,"href":"https:\/\/centcols.org\/backup\/wp-json\/wp\/v2\/posts\/332\/revisions"}],"wp:attachment":[{"href":"https:\/\/centcols.org\/backup\/wp-json\/wp\/v2\/media?parent=332"}],"wp:term":[{"taxonomy":"category","embeddable":true,"href":"https:\/\/centcols.org\/backup\/wp-json\/wp\/v2\/categories?post=332"},{"taxonomy":"post_tag","embeddable":true,"href":"https:\/\/centcols.org\/backup\/wp-json\/wp\/v2\/tags?post=332"}],"curies":[{"name":"wp","href":"https:\/\/api.w.org\/{rel}","templated":true}]}}