{"id":33264,"date":"2018-02-26T16:11:41","date_gmt":"2018-02-26T15:11:41","guid":{"rendered":"http:\/\/centcols.org\/backup\/?p=33264"},"modified":"2023-05-21T10:40:23","modified_gmt":"2023-05-21T08:40:23","slug":"sejour-printemps-2018-argeles","status":"publish","type":"post","link":"https:\/\/centcols.org\/backup\/sejour-printemps-2018-argeles\/","title":{"rendered":"S\u00e9jour de printemps, Argel\u00e8s-sur-Mer, 14 &#8211; 22 avril 2018"},"content":{"rendered":"<p style=\"text-align: justify;\">Apr\u00e8s avoir effectu\u00e9 en quelque sorte une reconnaissance du terrain lors de l&#8217;assembl\u00e9e g\u00e9n\u00e9rale de 2011, le club retourne cette ann\u00e9e dans ce secteur des Pyr\u00e9n\u00e9es Orientales pour son s\u00e9jour de printemps, sur une proposition du r\u00e9gional de l&#8217;\u00e9tape, Jean-Pierre Lambert.<\/p>\n<h2>Pr\u00e9sentation<\/h2>\n<p><a href=\"https:\/\/centcols.org\/backup\/wp-content\/uploads\/2018\/03\/argeles-blason.gif\"><img loading=\"lazy\" decoding=\"async\" class=\"alignnone size-full wp-image-33265\" src=\"https:\/\/centcols.org\/backup\/wp-content\/uploads\/2018\/03\/argeles-blason.gif\" alt=\"\" width=\"158\" height=\"203\" \/><\/a>\u00a0 \u00a0 \u00a0 \u00a0 \u00a0 \u00a0 \u00a0 \u00a0 \u00a0 \u00a0 \u00a0 \u00a0 \u00a0 \u00a0 \u00a0 \u00a0 \u00a0 \u00a0 \u00a0 \u00a0 \u00a0 \u00a0\u00a0<a href=\"https:\/\/centcols.org\/backup\/wp-content\/uploads\/2018\/03\/argeles-vue-mer-e1520325311202.jpg\"><img loading=\"lazy\" decoding=\"async\" class=\"alignnone size-full wp-image-33267\" src=\"https:\/\/centcols.org\/backup\/wp-content\/uploads\/2018\/03\/argeles-vue-mer-e1520325311202.jpg\" alt=\"\" width=\"310\" height=\"163\" \/><\/a>\u00a0 \u00a0 \u00a0 \u00a0 \u00a0 \u00a0 \u00a0 \u00a0 \u00a0 \u00a0 \u00a0 \u00a0 \u00a0 \u00a0 \u00a0 \u00a0 \u00a0 \u00a0 \u00a0 \u00a0 \u00a0 \u00a0 \u00a0<a href=\"https:\/\/centcols.org\/backup\/wp-content\/uploads\/2018\/03\/argeles-blason1.jpg\"><img loading=\"lazy\" decoding=\"async\" class=\"alignnone wp-image-33266\" src=\"https:\/\/centcols.org\/backup\/wp-content\/uploads\/2018\/03\/argeles-blason1.jpg\" alt=\"\" width=\"148\" height=\"173\" \/><\/a><\/p>\n<p>Argel\u00e8s-sur-Mer, commune d&#8217;un peu plus de 10 000 habitants, en Pyr\u00e9n\u00e9es Orientales, r\u00e9gion d&#8217;Occitanie est surtout connue pour son activit\u00e9 estivale avec ses plages tr\u00e8s fr\u00e9quent\u00e9es et la montagne toute proche.<\/p>\n<p>&nbsp;<\/p>\n<h2 style=\"text-align: justify;\">H\u00e9bergement<\/h2>\n<h4>\u00a0<em>Village vacance AZUREVA, Argel\u00e8s-sur-Mer<\/em><\/h4>\n<div><\/div>\n<div>\n<div id='gallery-1' class='gallery galleryid-33264 gallery-columns-3 gallery-size-medium'><dl class='gallery-item'>\n\t\t\t<dt class='gallery-icon landscape'>\n\t\t\t\t<a href='https:\/\/centcols.org\/backup\/sejour-printemps-2018-argeles\/chambre14\/'><img loading=\"lazy\" decoding=\"async\" width=\"500\" height=\"311\" src=\"https:\/\/centcols.org\/backup\/wp-content\/uploads\/2018\/03\/chambre14-500x311.jpg\" class=\"attachment-medium size-medium\" alt=\"\" aria-describedby=\"gallery-1-33276\" srcset=\"https:\/\/centcols.org\/backup\/wp-content\/uploads\/2018\/03\/chambre14-500x311.jpg 500w, https:\/\/centcols.org\/backup\/wp-content\/uploads\/2018\/03\/chambre14-600x373.jpg 600w, https:\/\/centcols.org\/backup\/wp-content\/uploads\/2018\/03\/chambre14.jpg 740w\" sizes=\"(max-width: 500px) 100vw, 500px\" \/><\/a>\n\t\t\t<\/dt>\n\t\t\t\t<dd class='wp-caption-text gallery-caption' id='gallery-1-33276'>\n\t\t\t\tPhoto Azureva\n\t\t\t\t<\/dd><\/dl><dl class='gallery-item'>\n\t\t\t<dt class='gallery-icon landscape'>\n\t\t\t\t<a href='https:\/\/centcols.org\/backup\/sejour-printemps-2018-argeles\/piscine\/'><img loading=\"lazy\" decoding=\"async\" width=\"500\" height=\"333\" src=\"https:\/\/centcols.org\/backup\/wp-content\/uploads\/2018\/03\/piscine-500x333.jpg\" class=\"attachment-medium size-medium\" alt=\"\" aria-describedby=\"gallery-1-33278\" srcset=\"https:\/\/centcols.org\/backup\/wp-content\/uploads\/2018\/03\/piscine-500x333.jpg 500w, https:\/\/centcols.org\/backup\/wp-content\/uploads\/2018\/03\/piscine-600x400.jpg 600w, https:\/\/centcols.org\/backup\/wp-content\/uploads\/2018\/03\/piscine.jpg 690w\" sizes=\"(max-width: 500px) 100vw, 500px\" \/><\/a>\n\t\t\t<\/dt>\n\t\t\t\t<dd class='wp-caption-text gallery-caption' id='gallery-1-33278'>\n\t\t\t\tPhoto Azureva\n\t\t\t\t<\/dd><\/dl><dl class='gallery-item'>\n\t\t\t<dt class='gallery-icon landscape'>\n\t\t\t\t<a href='https:\/\/centcols.org\/backup\/sejour-printemps-2018-argeles\/chambre28\/'><img loading=\"lazy\" decoding=\"async\" width=\"500\" height=\"311\" src=\"https:\/\/centcols.org\/backup\/wp-content\/uploads\/2018\/03\/chambre28-500x311.jpg\" class=\"attachment-medium size-medium\" alt=\"\" aria-describedby=\"gallery-1-33277\" srcset=\"https:\/\/centcols.org\/backup\/wp-content\/uploads\/2018\/03\/chambre28-500x311.jpg 500w, https:\/\/centcols.org\/backup\/wp-content\/uploads\/2018\/03\/chambre28-600x373.jpg 600w, https:\/\/centcols.org\/backup\/wp-content\/uploads\/2018\/03\/chambre28.jpg 740w\" sizes=\"(max-width: 500px) 100vw, 500px\" \/><\/a>\n\t\t\t<\/dt>\n\t\t\t\t<dd class='wp-caption-text gallery-caption' id='gallery-1-33277'>\n\t\t\t\tPhoto Azureva\n\t\t\t\t<\/dd><\/dl><br style=\"clear: both\" \/>\n\t\t<\/div>\n\n<\/div>\n<div>Azureva Argel\u00e8s-sur-Mer<br \/>\nRoute de Valmy<br \/>\n66702\u00a0ARGELES SUR MER<\/div>\n<div class=\"heading-7 js-done\"><small class=\"js-done\">Coordonn\u00e9es GPS<span class=\"narrow no-break space\">\u00a0<\/span>:\u00a0<\/small>N 42\u00b0 32&#8242; 19&#8243; &#8211; E 3\u00b0 02&#8242; 13&#8243;<\/div>\n<div><a href=\"https:\/\/www.azureva-vacances.com\/fr\/village-vacances\/argeles-sur-mer\">Site web<\/a><\/div>\n<p style=\"text-align: justify;\"><a class=\"link-obtrusive\" href=\"mailto:%20argeles@azureva-vacances.com\" target=\"_blank\" rel=\"noopener\"><a href=\"m&#97;&#105;l&#116;o:a&#114;g&#101;&#108;es&#64;a&#122;u&#114;ev&#97;&#45;v&#97;can&#99;es.c&#111;m\">&#97;rg&#101;&#108;&#101;s&#64;a&#122;u&#114;e&#118;&#97;-v&#97;&#99;&#97;&#110;c&#101;s.&#99;&#111;&#109;<\/a><br \/>\n<\/a><span class=\"title \">T\u00e9l\u00e9phone :<\/span>\u00a004 68 81 02 75<br \/>\n<span class=\"title \">Fax :<\/span>\u00a004 68 39 30 44<\/p>\n<h2 style=\"text-align: justify;\">Les parcours et les cols<\/h2>\n<p>Sept <a href=\"\/membres\/cctours\/tours.php?lieu=Argel\u00e8s&amp;an=2018&amp;genre=R\">parcours routiers<\/a> et sept <a href=\"\/membres\/cctours\/tours.php?lieu=Argel\u00e8s&amp;an=2018&amp;genre=V\">parcours pour VTT<\/a> vous sont propos\u00e9s.<\/p>\n<h2>Inscriptions<\/h2>\n<p>Bulletin d&#8217;inscription \u00e0 t\u00e9l\u00e9charger <a href=\"https:\/\/centcols.org\/backup\/wp-content\/uploads\/2017\/10\/Biargeles2018-1.pdf\" target=\"_blank\" rel=\"noopener\">ici<\/a><\/p>\n<h2>Informations utiles<\/h2>\n<p><em>Centre AZUREVA:\u00a0\u00a0\u00a0\u00a0\u00a0 + 33 04 68 81 02 75<br \/>\n<\/em><em>Gendarmerie:\u00a0\u00a0\u00a0\u00a0\u00a0\u00a0\u00a0\u00a0\u00a0\u00a0\u00a0\u00a0 + 33 04 68 81 03 96<br \/>\n<\/em><em>Jean-Pierre Lambert:\u00a0\u00a0\u00a0\u00a0 06 74 63 27 42<br \/>\n<\/em><em>V\u00e9lociste: Albera Bike, 22, chemin de Palau, ZAC, Argel\u00e8s-sur-Mer\u00a0\u00a0 09 81 28 36 00 (ferm\u00e9 le lundi)<\/em><\/p>\n<h2>Tourisme, et pour les accompagnants<\/h2>\n<p><em>De nombreuses activit\u00e9s et excursions sont propos\u00e9es par le centre. Elles sont en g\u00e9n\u00e9ral payantes.<br \/>\n<\/em>Journ\u00e9e Collioure<em> (bateau navette, petit train, visite de la conserverie d&#8217;Anchois)<br \/>\n<\/em>Journ\u00e9e Thuir<em> (Caves Byrrh,Castelnou)<br \/>\n<\/em>Journ\u00e9e Vallespir<em> (Mus\u00e9e Art Moderne \u00e0 C\u00e9ret, clo\u00eetre d&#8217;Arles -sur-Tech, abbaye Ste Marie, gorges de la Fou)<br \/>\n<\/em>Journ\u00e9e Costa Brava<em> (promenade en mer, visite mus\u00e9e Dali \u00e0 Figu\u00e9ras, temps libre \u00e0 la Jonquera)<br \/>\n<\/em>Journ\u00e9e Elne<em> (clo\u00eetre et son mus\u00e9e, visite de la Maternit\u00e9 suisse)<br \/>\n<\/em>Journ\u00e9e Perpignan<em> (palais des rois de Majorque, visite de la confiserie du Tech)<br \/>\n<\/em><em>A voir absolument: <strong>Collioure<\/strong>\u00a0 \u00a0 \u00a0 \u00a0 \u00a0<a href=\"http:\/\/www.tourisme.fr\/253\/office-de-tourisme-collioure.htm\" target=\"_blank\" rel=\"noopener\"><img loading=\"lazy\" decoding=\"async\" class=\"alignnone wp-image-33285\" src=\"https:\/\/centcols.org\/backup\/wp-content\/uploads\/2018\/02\/collioure.jpg\" alt=\"\" width=\"48\" height=\"63\" \/><\/a> \u00a0 \u00a0 \u00a0et\u00a0 \u00a0 \u00a0<strong>Cadaqu\u00e9s\u00a0 \u00a0 \u00a0 \u00a0<a href=\"http:\/\/www.spain.info\/fr_FR\/que-quieres\/ciudades-pueblos\/otros-destinos\/cadaques.html\" target=\"_blank\" rel=\"noopener\"><img loading=\"lazy\" decoding=\"async\" class=\"alignnone wp-image-33286\" src=\"https:\/\/centcols.org\/backup\/wp-content\/uploads\/2018\/02\/cadaques.jpg\" alt=\"\" width=\"87\" height=\"58\" \/><\/a><br \/>\n<\/strong><\/em><\/p>\n<p><em>De nombreuses balades sont possibles dans les environs proches avec la mer et la montagne qui entourent le centre Azur\u00e9va :<br \/>\n<\/em><em>Citons en vrac, le Racou, hameau en bord de plage, le bocal du Tech, le ch\u00e2teau de Valmy, les tours de la Madeloc et de la Massane, le sentier litto<\/em><\/p>\n<h3>Sites de renseignements :<\/h3>\n<p><a href=\"http:\/\/www.argeles-sur-mer.com\/decouvrir\" target=\"_blank\" rel=\"noopener\">Office du tourisme d&#8217;Agrgel\u00e8s<\/a><br \/>\n<a href=\"https:\/\/fr.wikipedia.org\/wiki\/Argel%C3%A8s-sur-Mer\" target=\"_blank\" rel=\"noopener\">Argeles-wikipedia<br \/>\n<\/a><a href=\"https:\/\/www.laregion.fr\/-La-nouvelle-Region-30875-\" target=\"_blank\" rel=\"noopener\">La nouvelle r\u00e9gion d&#8217;Occitanie<br \/>\n<\/a><a href=\"http:\/\/www.argeles-sur-mer.com\/decouvrir\/montagne-les-alberes\" target=\"_blank\" rel=\"noopener\">Les Alb\u00e8res<\/a><\/p>\n<p>Jean-Pierre Lambert<\/p>\n","protected":false},"excerpt":{"rendered":"<p>Apr\u00e8s avoir effectu\u00e9 en quelque sorte une reconnaissance du terrain lors de l&#8217;assembl\u00e9e g\u00e9n\u00e9rale de 2011, le club retourne cette ann\u00e9e dans ce secteur des Pyr\u00e9n\u00e9es Orientales pour son s\u00e9jour de printemps, sur une proposition du r\u00e9gional de l&#8217;\u00e9tape, Jean-Pierre Lambert. Pr\u00e9sentation \u00a0 \u00a0 \u00a0 \u00a0 \u00a0 \u00a0 \u00a0 \u00a0 \u00a0 \u00a0 \u00a0 \u00a0 \u00a0 [&hellip;]<\/p>\n","protected":false},"author":147,"featured_media":0,"comment_status":"closed","ping_status":"closed","sticky":false,"template":"","format":"standard","meta":{"_acf_changed":false,"ub_ctt_via":"","_monsterinsights_skip_tracking":false,"_monsterinsights_sitenote_active":false,"_monsterinsights_sitenote_note":"","_monsterinsights_sitenote_category":0,"footnotes":""},"categories":[35],"tags":[],"acf":[],"featured_image_urls":{"full":"","thumbnail":"","medium":"","medium_large":"","large":"","1536x1536":"","2048x2048":"","woocommerce_thumbnail":"","woocommerce_single":"","woocommerce_gallery_thumbnail":""},"post_excerpt_stackable":"<p>Apr\u00e8s avoir effectu\u00e9 en quelque sorte une reconnaissance du terrain lors de l&#8217;assembl\u00e9e g\u00e9n\u00e9rale de 2011, le club retourne cette ann\u00e9e dans ce secteur des Pyr\u00e9n\u00e9es Orientales pour son s\u00e9jour de printemps, sur une proposition du r\u00e9gional de l&#8217;\u00e9tape, Jean-Pierre Lambert. Pr\u00e9sentation \u00a0 \u00a0 \u00a0 \u00a0 \u00a0 \u00a0 \u00a0 \u00a0 \u00a0 \u00a0 \u00a0 \u00a0 \u00a0 \u00a0 \u00a0 \u00a0 \u00a0 \u00a0 \u00a0 \u00a0 \u00a0 \u00a0\u00a0\u00a0 \u00a0 \u00a0 \u00a0 \u00a0 \u00a0 \u00a0 \u00a0 \u00a0 \u00a0 \u00a0 \u00a0 \u00a0 \u00a0 \u00a0 \u00a0 \u00a0 \u00a0 \u00a0 \u00a0 \u00a0 \u00a0 \u00a0 Argel\u00e8s-sur-Mer, commune d&#8217;un peu plus de 10 000 habitants, en Pyr\u00e9n\u00e9es Orientales, r\u00e9gion d&#8217;Occitanie\u2026<\/p>\n","category_list":"<a href=\"https:\/\/centcols.org\/backup\/categorie\/sejours\/\" rel=\"category tag\">S\u00e9jours<\/a>","author_info":{"display_name":"Guy Harl\u00e9","author_link":"https:\/\/centcols.org\/backup\/author\/5193\/"},"comments_num":"0 commentaire","featured_image_urls_v2":{"full":"","thumbnail":"","medium":"","medium_large":"","large":"","1536x1536":"","2048x2048":"","woocommerce_thumbnail":"","woocommerce_single":"","woocommerce_gallery_thumbnail":""},"post_excerpt_stackable_v2":"<p>Apr\u00e8s avoir effectu\u00e9 en quelque sorte une reconnaissance du terrain lors de l&#8217;assembl\u00e9e g\u00e9n\u00e9rale de 2011, le club retourne cette ann\u00e9e dans ce secteur des Pyr\u00e9n\u00e9es Orientales pour son s\u00e9jour de printemps, sur une proposition du r\u00e9gional de l&#8217;\u00e9tape, Jean-Pierre Lambert. Pr\u00e9sentation \u00a0 \u00a0 \u00a0 \u00a0 \u00a0 \u00a0 \u00a0 \u00a0 \u00a0 \u00a0 \u00a0 \u00a0 \u00a0 \u00a0 \u00a0 \u00a0 \u00a0 \u00a0 \u00a0 \u00a0 \u00a0 \u00a0\u00a0\u00a0 \u00a0 \u00a0 \u00a0 \u00a0 \u00a0 \u00a0 \u00a0 \u00a0 \u00a0 \u00a0 \u00a0 \u00a0 \u00a0 \u00a0 \u00a0 \u00a0 \u00a0 \u00a0 \u00a0 \u00a0 \u00a0 \u00a0 Argel\u00e8s-sur-Mer, commune d&#8217;un peu plus de 10 000 habitants, en Pyr\u00e9n\u00e9es Orientales, r\u00e9gion d&#8217;Occitanie\u2026<\/p>\n","category_list_v2":"<a href=\"https:\/\/centcols.org\/backup\/categorie\/sejours\/\" rel=\"category tag\">S\u00e9jours<\/a>","author_info_v2":{"name":"Guy Harl\u00e9","url":"https:\/\/centcols.org\/backup\/author\/5193\/"},"comments_num_v2":"0 commentaire","featured_image_src":null,"_links":{"self":[{"href":"https:\/\/centcols.org\/backup\/wp-json\/wp\/v2\/posts\/33264"}],"collection":[{"href":"https:\/\/centcols.org\/backup\/wp-json\/wp\/v2\/posts"}],"about":[{"href":"https:\/\/centcols.org\/backup\/wp-json\/wp\/v2\/types\/post"}],"author":[{"embeddable":true,"href":"https:\/\/centcols.org\/backup\/wp-json\/wp\/v2\/users\/147"}],"replies":[{"embeddable":true,"href":"https:\/\/centcols.org\/backup\/wp-json\/wp\/v2\/comments?post=33264"}],"version-history":[{"count":0,"href":"https:\/\/centcols.org\/backup\/wp-json\/wp\/v2\/posts\/33264\/revisions"}],"wp:attachment":[{"href":"https:\/\/centcols.org\/backup\/wp-json\/wp\/v2\/media?parent=33264"}],"wp:term":[{"taxonomy":"category","embeddable":true,"href":"https:\/\/centcols.org\/backup\/wp-json\/wp\/v2\/categories?post=33264"},{"taxonomy":"post_tag","embeddable":true,"href":"https:\/\/centcols.org\/backup\/wp-json\/wp\/v2\/tags?post=33264"}],"curies":[{"name":"wp","href":"https:\/\/api.w.org\/{rel}","templated":true}]}}