{"id":333,"date":"2015-04-14T15:15:15","date_gmt":"2015-04-14T13:15:15","guid":{"rendered":"http:\/\/centcols.org\/backup\/?p=333"},"modified":"2015-06-09T11:27:02","modified_gmt":"2015-06-09T09:27:02","slug":"concentration-2013-col-echarasson","status":"publish","type":"post","link":"https:\/\/centcols.org\/backup\/concentration-2013-col-echarasson\/","title":{"rendered":"Concentration r\u00e9gionale des Cent Cols Dr\u00f4me-Ard\u00e8che-Vaucluse Col de l\u2019Echarasson &#8211; Dimanche 1er septembre 2013"},"content":{"rendered":"<h2>Les photos<\/h2>\n<p><a class=\"iframe-fancybox\" title=\"photos\" href=\"http:\/\/centcols.net\/util\/visuAlbum.php?album=5663-1\" target=\"_blank\">Voir les photos d&#8217;Alain Benoist<\/a><\/p>\n<p><a class=\"iframe-fancybox\" title=\"photos\" href=\"http:\/\/centcols.net\/util\/visuAlbum.php?album=5650-17\" target=\"_blank\">Voir les photos d&#8217;Alfeo Lotto<\/a><\/p>\n<h2>Pr\u00e9sentation<\/h2>\n<p>C\u2019est en Dr\u00f4me, au col de l\u2019Echarasson (<a class=\"iframe-fancybox\" title=\"Col de l'Echarasson\" href=\"https:\/\/centcols.org\/backup\/util\/geo\/visuFR.php?code=FR-26-1146\" target=\"_blank\">FR-26-1146<\/a>) dans le massif du Vercors que les Cent Cols se retrouveront pour la concentration r\u00e9gionale.<\/p>\n<p>Lieu de m\u00e9moire et symbole de la R\u00e9sistance, le Vercors est un massif calcaire form\u00e9 de plateaux et de vertigineuses gorges; on peut y observer une flore \u00e9clatante et une faune nombreuse, et d\u00e9couvrir une multitude de cols routiers et muletiers : dans un rayon de 6 km \u00e0 vol d&#8217;oiseau:<\/p>\n<p><a class=\"iframe-fancybox\" href=\"https:\/\/centcols.org\/backup\/util\/geo\/visuFR.php?code=FR-26-0889a\" target=\"_blank\">FR-26-0889a<\/a> : Col Gaudissart<br \/>\n<a class=\"iframe-fancybox\" href=\"https:\/\/centcols.org\/backup\/util\/geo\/visuFR.php?code=FR-26-0904\" target=\"_blank\">FR-26-0904<\/a> : Pas de la S\u00e8re<br \/>\n<a class=\"iframe-fancybox\" href=\"https:\/\/centcols.org\/backup\/util\/geo\/visuFR.php?code=FR-26-1011\" target=\"_blank\">FR-26-1011<\/a> : Col de la Machine<br \/>\n<a class=\"iframe-fancybox\" href=\"https:\/\/centcols.org\/backup\/util\/geo\/visuFR.php?code=FR-26-1014b\" target=\"_blank\">FR-26-1014b<\/a> : Col de la Rochette<br \/>\n<a class=\"iframe-fancybox\" href=\"https:\/\/centcols.org\/backup\/util\/geo\/visuFR.php?code=FR-26-1029c\" target=\"_blank\">FR-26-1029c<\/a> : Col du Pionnier<br \/>\n<a class=\"iframe-fancybox\" href=\"https:\/\/centcols.org\/backup\/util\/geo\/visuFR.php?code=FR-26-1040b\" target=\"_blank\">FR-26-1040b<\/a> : Pas du Geai<br \/>\n<a class=\"iframe-fancybox\" href=\"https:\/\/centcols.org\/backup\/util\/geo\/visuFR.php?code=FR-26-1100d\" target=\"_blank\">FR-26-1100d<\/a> : Pas du Merle<br \/>\n<a class=\"iframe-fancybox\" href=\"https:\/\/centcols.org\/backup\/util\/geo\/visuFR.php?code=FR-26-1165a\" target=\"_blank\">FR-26-1165a<\/a> : Col de Taillebourse<br \/>\n<a class=\"iframe-fancybox\" href=\"https:\/\/centcols.org\/backup\/util\/geo\/visuFR.php?code=FR-26-1175\" target=\"_blank\">FR-26-1175<\/a> : Col de la Portette<br \/>\n<a class=\"iframe-fancybox\" href=\"https:\/\/centcols.org\/backup\/util\/geo\/visuFR.php?code=FR-26-1195c\" target=\"_blank\">FR-26-1195c<\/a> : Col de Rioupeysson<br \/>\n<a class=\"iframe-fancybox\" href=\"https:\/\/centcols.org\/backup\/util\/geo\/visuFR.php?code=FR-26-1202\" target=\"_blank\">FR-26-1202<\/a> : Col de Carri<br \/>\n<a class=\"iframe-fancybox\" href=\"https:\/\/centcols.org\/backup\/util\/geo\/visuFR.php?code=FR-26-1279\" target=\"_blank\">FR-26-1279<\/a> : Col de la Rama<\/p>\n<p>Vous \u00eates aimablement invit\u00e9s \u00e0 venir partager pain, saucisson, tomme et un verre de vin \u00e0 partir de 11h00; cl\u00f4ture 15h00.<\/p>\n<p>Pour une meilleure organisation et pour nous faire une id\u00e9e de la quantit\u00e9 adapt\u00e9e de nourriture et boissons \u00e0 monter au col, merci \u00e0 ceux qui comptent participer de se faire conna\u00eetre.<\/p>\n<p>Attention : La concentration ne sera maintenue que si la m\u00e9t\u00e9o consult\u00e9e la veille est fiable. Consultez cette page pour vous informer de tout changement.<\/p>\n<h3>Contact<\/h3>\n<p>Alfeo Lotto : <a href=\"&#109;&#97;il&#116;o:al&#102;&#101;&#111;&#64;&#111;&#114;&#97;&#110;ge.&#102;&#114;\">&#97;l&#102;e&#111;&#64;ora&#110;&#103;&#101;&#46;&#102;r<\/a><\/p>\n<h2>Compte-rendu<\/h2>\n<p>Par Alfeo Lotto &#8211; le 5 septembre 2013<\/p>\n<p>Bonjour et bienvenue \u00e0 toutes et tous.<\/p>\n<p>Je vous remercie d\u2019avoir r\u00e9pondu pr\u00e9sent \u00e0 l\u2019invitation du CCC pour cette 6\u00b0 concentration Dr\u00f4me-Ard\u00e8che, nous avions d\u00e9but\u00e9 en 2008 au col de la Grande Limite, devenue Dr\u00f4me-Ard\u00e8che-Vaucluse depuis 2011 (col de Champ Paga).<\/p>\n<p>Un \u00e9charassonUn \u00e9charasson, parfois appel\u00e9 charasson, est une \u00e9chelle triangulaire, dont les montants sont dispos\u00e9s de part et d&#8217;autre d&#8217;un barreau unique. Elle est principalement utilis\u00e9e pour la cueillette des fruits.<br \/>\nLa racine du mot \u00e9charasson est la m\u00eame que celle du mot \u00e9chelle ; le mot provient du bas latin scala. Il aurait ensuite \u00e9t\u00e9 utilis\u00e9 en nord-occitan sous la forme eschala, et eichara, qui se serait transform\u00e9 en eicharasson.<br \/>\nLe mot est encore utilis\u00e9 aujourd&#8217;hui, surtout dans certains patois et dans la r\u00e9gion lyonnaise.<\/p>\n<p>La tradition veut que nos concentrations se fassent au passage d\u2019un col, j&#8217;ai choisi celui-ci pour sa discr\u00e9tion, j&#8217;ose dire son humilit\u00e9, sa beaut\u00e9 aussi mais surtout parce qu&#8217;il est \u00e0 l&#8217;\u00e9cart des lieux fr\u00e9quent\u00e9s, comme l&#8217;extraordinaire route en corniche de Combe Laval et le col de la Machine qui sont tout proches.<br \/>\nLe col de l&#8217;Echarasson a \u00e9t\u00e9 sous les projecteurs en 2004, lors du passage du tour, et c&#8217;est Richard Virenque qui \u00e9tait pass\u00e9 en t\u00eate au sommet.<br \/>\nMais ce col est surtout connu des amoureux du rallye de Monte Carlo pour ses\u00a0 fameuses sp\u00e9ciales du Vercors.<\/p>\n<p>Pour nous avoir fait l&#8217;honneur de leur pr\u00e9sence ici aujourd&#8217;hui je remercie chaleureusement:<br \/>\nNotre pr\u00e9sident R\u00e9gis Paraz qui malgr\u00e9 un probl\u00e8me physique a tenu a \u00eatre pr\u00e9sent, jeudi il s&#8217;est bloqu\u00e9 le dos en rangeant un verre dans le lave vaisselle&#8230; tu aurais mieux fait de le boire ce verre !<\/p>\n<p>Mikael Vialle notre D\u00e9l\u00e9gu\u00e9 Territorial zone 04W et Animateur Ard\u00e8che.<\/p>\n<p>Bernard Vieillard D\u00e9l\u00e9gu\u00e9 territorial Zone 04E.<\/p>\n<p>Bernard Henry Animateur R\u00e9gional Alpes du Sud (04-05-38 Sud), qui nous a\u00a0 accueilli dimanche dernier au col de Jub\u00e9o pour la concentration souvenir Roland Grimaud.<\/p>\n<p>Philippe Chazottier, Animateur R\u00e9gional Massif Central Est (38 Nord-42-69-71), c&#8217;est son \u00e9quipier Innocent Fernandez alias Grenouille qui organise pour cette ann\u00e9e 2013 la concentration du 22 septembre au col de Burdignes FR-42-0891.<\/p>\n<p>Ren\u00e9 et Nicole Poty qu&#8217;on ne pr\u00e9sente plus, mais qui sont des piliers du CCC.<\/p>\n<p>Mikael Bouchet l&#8217;enfant du pays pour son aide et pour m&#8217;avoir accompagn\u00e9 lors de la reconnaissance.<\/p>\n<p>Je vous invite \u00e0 signer le livre d\u2019or, pour ceux qui ne l\u2019ont pas fait, et vous souhaite un bon app\u00e9tit, ainsi qu\u2019une bonne journ\u00e9e.<br \/>\nApr\u00e8s le repas tir\u00e9 du sac, le CCC vous offre le caf\u00e9 et une douceur maison.<br \/>\nA l\u2019ann\u00e9e prochaine dans le Vaucluse, le choix du col n&#8217;est encore pas fait. Ce sera mon successeur qui s&#8217;en chargera puisque j&#8217;ai d\u00e9cid\u00e9 de passer le relais&#8230;<br \/>\nJe passe la parole \u00e0 R\u00e9gis et ceux qui veulent la prendre&#8230;<\/p>\n<p>Alf\u00e9o Lotto Animateur Dr\u00f4me.<\/p>\n","protected":false},"excerpt":{"rendered":"<p>Les photos Voir les photos d&#8217;Alain Benoist Voir les photos d&#8217;Alfeo Lotto Pr\u00e9sentation C\u2019est en Dr\u00f4me, au col de l\u2019Echarasson (FR-26-1146) dans le massif du Vercors que les Cent Cols se retrouveront pour la concentration r\u00e9gionale. Lieu de m\u00e9moire et symbole de la R\u00e9sistance, le Vercors est un massif calcaire form\u00e9 de plateaux et de [&hellip;]<\/p>\n","protected":false},"author":2001,"featured_media":0,"comment_status":"closed","ping_status":"closed","sticky":false,"template":"","format":"standard","meta":{"_acf_changed":false,"ub_ctt_via":"","_monsterinsights_skip_tracking":false,"_monsterinsights_sitenote_active":false,"_monsterinsights_sitenote_note":"","_monsterinsights_sitenote_category":0,"footnotes":""},"categories":[11,7],"tags":[],"acf":[],"featured_image_urls":{"full":"","thumbnail":"","medium":"","medium_large":"","large":"","1536x1536":"","2048x2048":"","woocommerce_thumbnail":"","woocommerce_single":"","woocommerce_gallery_thumbnail":""},"post_excerpt_stackable":"<p>Les photos Voir les photos d&#8217;Alain Benoist Voir les photos d&#8217;Alfeo Lotto Pr\u00e9sentation C\u2019est en Dr\u00f4me, au col de l\u2019Echarasson (FR-26-1146) dans le massif du Vercors que les Cent Cols se retrouveront pour la concentration r\u00e9gionale. Lieu de m\u00e9moire et symbole de la R\u00e9sistance, le Vercors est un massif calcaire form\u00e9 de plateaux et de vertigineuses gorges; on peut y observer une flore \u00e9clatante et une faune nombreuse, et d\u00e9couvrir une multitude de cols routiers et muletiers : dans un rayon de 6 km \u00e0 vol d&#8217;oiseau: FR-26-0889a : Col Gaudissart FR-26-0904 : Pas de la S\u00e8re FR-26-1011 : Col\u2026<\/p>\n","category_list":"<a href=\"https:\/\/centcols.org\/backup\/categorie\/rassemblements\/rassemblements-2013\/\" rel=\"category tag\">Les rassemblements de 2013<\/a>, <a href=\"https:\/\/centcols.org\/backup\/categorie\/rassemblements\/\" rel=\"category tag\">Rencontres r\u00e9gionales<\/a>","author_info":{"display_name":"Webmestre","author_link":"https:\/\/centcols.org\/backup\/author\/webmestre\/"},"comments_num":"0 commentaire","featured_image_urls_v2":{"full":"","thumbnail":"","medium":"","medium_large":"","large":"","1536x1536":"","2048x2048":"","woocommerce_thumbnail":"","woocommerce_single":"","woocommerce_gallery_thumbnail":""},"post_excerpt_stackable_v2":"<p>Les photos Voir les photos d&#8217;Alain Benoist Voir les photos d&#8217;Alfeo Lotto Pr\u00e9sentation C\u2019est en Dr\u00f4me, au col de l\u2019Echarasson (FR-26-1146) dans le massif du Vercors que les Cent Cols se retrouveront pour la concentration r\u00e9gionale. Lieu de m\u00e9moire et symbole de la R\u00e9sistance, le Vercors est un massif calcaire form\u00e9 de plateaux et de vertigineuses gorges; on peut y observer une flore \u00e9clatante et une faune nombreuse, et d\u00e9couvrir une multitude de cols routiers et muletiers : dans un rayon de 6 km \u00e0 vol d&#8217;oiseau: FR-26-0889a : Col Gaudissart FR-26-0904 : Pas de la S\u00e8re FR-26-1011 : Col\u2026<\/p>\n","category_list_v2":"<a href=\"https:\/\/centcols.org\/backup\/categorie\/rassemblements\/rassemblements-2013\/\" rel=\"category tag\">Les rassemblements de 2013<\/a>, <a href=\"https:\/\/centcols.org\/backup\/categorie\/rassemblements\/\" rel=\"category tag\">Rencontres r\u00e9gionales<\/a>","author_info_v2":{"name":"Webmestre","url":"https:\/\/centcols.org\/backup\/author\/webmestre\/"},"comments_num_v2":"0 commentaire","featured_image_src":null,"_links":{"self":[{"href":"https:\/\/centcols.org\/backup\/wp-json\/wp\/v2\/posts\/333"}],"collection":[{"href":"https:\/\/centcols.org\/backup\/wp-json\/wp\/v2\/posts"}],"about":[{"href":"https:\/\/centcols.org\/backup\/wp-json\/wp\/v2\/types\/post"}],"author":[{"embeddable":true,"href":"https:\/\/centcols.org\/backup\/wp-json\/wp\/v2\/users\/2001"}],"replies":[{"embeddable":true,"href":"https:\/\/centcols.org\/backup\/wp-json\/wp\/v2\/comments?post=333"}],"version-history":[{"count":0,"href":"https:\/\/centcols.org\/backup\/wp-json\/wp\/v2\/posts\/333\/revisions"}],"wp:attachment":[{"href":"https:\/\/centcols.org\/backup\/wp-json\/wp\/v2\/media?parent=333"}],"wp:term":[{"taxonomy":"category","embeddable":true,"href":"https:\/\/centcols.org\/backup\/wp-json\/wp\/v2\/categories?post=333"},{"taxonomy":"post_tag","embeddable":true,"href":"https:\/\/centcols.org\/backup\/wp-json\/wp\/v2\/tags?post=333"}],"curies":[{"name":"wp","href":"https:\/\/api.w.org\/{rel}","templated":true}]}}