{"id":335,"date":"2015-04-14T15:35:11","date_gmt":"2015-04-14T13:35:11","guid":{"rendered":"http:\/\/centcols.org\/backup\/?p=335"},"modified":"2015-06-09T11:26:23","modified_gmt":"2015-06-09T09:26:23","slug":"concentration-2013-pyrenees","status":"publish","type":"post","link":"https:\/\/centcols.org\/backup\/concentration-2013-pyrenees\/","title":{"rendered":"Concentration r\u00e9gionale des Cent Cols en Pyr\u00e9n\u00e9es jumel\u00e9e avec l&#8217;Ordre des Cols Durs &#8211; Col des Ares (31) Dimanche 6 octobre 2013"},"content":{"rendered":"<h2>Les photos<\/h2>\n<p><a class=\"iframe-fancybox\" title=\"photos\" href=\"http:\/\/centcols.net\/util\/visuAlbum.php?album=00396-004\" target=\"_blank\">Les photos de Daniel Beaujoin<\/a><\/p>\n<p><a class=\"iframe-fancybox\" title=\"photos\" href=\"http:\/\/centcols.net\/util\/visuAlbum.php?album=01420-008\" target=\"_blank\">Les photos de Guy Cambess\u00e8d\u00e8s<\/a><\/p>\n<h2>Pr\u00e9sentation<\/h2>\n<p>C&#8217;est au Col des Ares (<a class=\"iframe-fancybox\" title=\"Col des Ares\" href=\"https:\/\/centcols.org\/backup\/util\/geo\/visuFR.php?code=FR-31-0797\" target=\"_blank\">FR-31-0797<\/a>), situ\u00e9 dans la Haute Garonne, que les deux Confr\u00e9ries Club des Cent Cols et Ordre des Cols Durs vous accueilleront ce Dimanche 6 octobre de 10 h \u00e0 13 h pour vous offrir le sandwich et le verre de l&#8217;amiti\u00e9.<\/p>\n<p>Repas (15 \u20ac par personne) servi \u00e0 l&#8217;Auberge du Col uniquement sur r\u00e9servation (t\u00e9l: 05.61.88.14.87). Menu : salades &#8211; Pasta carbonade et paella &#8211; dessert (tarte, fruits) &#8211; caf\u00e9 ou th\u00e9 &#8211; vin compris.<\/p>\n<p><a href=\"https:\/\/centcols.org\/backup\/wp-content\/uploads\/2015\/04\/stPe.jpg\"><img loading=\"lazy\" decoding=\"async\" class=\"alignnone size-medium wp-image-336\" src=\"https:\/\/centcols.org\/backup\/wp-content\/uploads\/2015\/04\/stPe-500x300.jpg\" alt=\"stPe\" width=\"500\" height=\"300\" srcset=\"https:\/\/centcols.org\/backup\/wp-content\/uploads\/2015\/04\/stPe-500x300.jpg 500w, https:\/\/centcols.org\/backup\/wp-content\/uploads\/2015\/04\/stPe-600x360.jpg 600w, https:\/\/centcols.org\/backup\/wp-content\/uploads\/2015\/04\/stPe.jpg 900w\" sizes=\"(max-width: 500px) 100vw, 500px\" \/><\/a><\/p>\n<h3>V\u00e9lo de route<\/h3>\n<p>A l&#8217;occasion de cette journ\u00e9e, qui nous l&#8217;esp\u00e9rons sera ensoleill\u00e9e aucune obligation quant au choix de l&#8217;itin\u00e9raire, l&#8217;essentiel \u00e9tant de se retrouver entre amis passionn\u00e9s de montagne.<\/p>\n<h3>VTT<\/h3>\n<p>(Accompagnateurs : Jean-Marc Cl\u00e9ment et Denis Wunschel)<\/p>\n<p>D\u00e9part d&#8217;Ilhan \u00e0 08h30. Circuit de 33 km et 1025 m de d\u00e9nivel\u00e9.<\/p>\n<p>Au programme : Col des Bernets (<a class=\"iframe-fancybox\" title=\"Col des Bernets\" href=\"https:\/\/centcols.org\/backup\/util\/geo\/visuFR.php?code=FR-31-0690\" target=\"_blank\">FR-31-0690<\/a>), Col de Pru\u00e9s (<a class=\"iframe-fancybox\" title=\"Col de Pru\u00e9s\" href=\"https:\/\/centcols.org\/backup\/util\/geo\/visuFR.php?code=FR-31-0705\" target=\"_blank\">FR-31-0705<\/a>), Col des Bruis (<a class=\"iframe-fancybox\" title=\"Col des Bruis\" href=\"https:\/\/centcols.org\/backup\/util\/geo\/visuFR.php?code=FR-31-0715b\" target=\"_blank\">FR-31-0715b<\/a>), Col des Ares (<a class=\"iframe-fancybox\" title=\"Col des Ares\" href=\"https:\/\/centcols.org\/backup\/util\/geo\/visuFR.php?code=FR-31-0797\" target=\"_blank\">FR-31-0797<\/a>), Col du H\u00f4 (<a class=\"iframe-fancybox\" title=\"Col du H\u00f4\" href=\"https:\/\/centcols.org\/backup\/util\/geo\/visuFR.php?code=FR-31-0938\" target=\"_blank\">FR-31-0938<\/a>), Passage du Pontet (<a class=\"iframe-fancybox\" title=\"Passage de Pontet\" href=\"https:\/\/centcols.org\/backup\/util\/geo\/visuFR.php?code=FR-31-1230\" target=\"_blank\">FR-31-1230<\/a>), Portail de Bardachine (<a class=\"iframe-fancybox\" title=\"Portail de Bardachine\" href=\"https:\/\/centcols.org\/backup\/util\/geo\/visuFR.php?code=FR-31-1000\" target=\"_blank\">FR-31-1000<\/a>), Col de la Serre (<a class=\"iframe-fancybox\" title=\"Col de la Serre\" href=\"https:\/\/centcols.org\/backup\/util\/geo\/visuFR.php?code=FR-31-0905\" target=\"_blank\">FR-31-0905<\/a>), Pas du Bouchet (<a class=\"iframe-fancybox\" title=\"Pas du Bouchet\" href=\"https:\/\/centcols.org\/backup\/util\/geo\/visuFR.php?code=FR-31-0608\" target=\"_blank\">FR-31-0608<\/a>).<\/p>\n<p><a href=\"https:\/\/centcols.org\/backup\/wp-content\/uploads\/2015\/04\/voieRomaine.jpg\"><img loading=\"lazy\" decoding=\"async\" class=\"alignnone size-full wp-image-387\" src=\"https:\/\/centcols.org\/backup\/wp-content\/uploads\/2015\/04\/voieRomaine.jpg\" alt=\"voieRomaine\" width=\"460\" height=\"345\" \/><\/a> <a href=\"https:\/\/centcols.org\/backup\/wp-content\/uploads\/2015\/04\/antichan.jpg\"><img loading=\"lazy\" decoding=\"async\" class=\"alignnone size-medium wp-image-388\" src=\"https:\/\/centcols.org\/backup\/wp-content\/uploads\/2015\/04\/antichan.jpg\" alt=\"antichan\" width=\"453\" height=\"345\" \/><\/a> <a href=\"https:\/\/centcols.org\/backup\/wp-content\/uploads\/2015\/04\/bernets.jpg\"><img loading=\"lazy\" decoding=\"async\" class=\"alignnone size-medium wp-image-389\" src=\"https:\/\/centcols.org\/backup\/wp-content\/uploads\/2015\/04\/bernets.jpg\" alt=\"bernets\" width=\"460\" height=\"345\" \/><\/a> <a href=\"https:\/\/centcols.org\/backup\/wp-content\/uploads\/2015\/04\/piste.jpg\"><img loading=\"lazy\" decoding=\"async\" class=\"alignnone size-medium wp-image-390\" src=\"https:\/\/centcols.org\/backup\/wp-content\/uploads\/2015\/04\/piste.jpg\" alt=\"piste\" width=\"460\" height=\"345\" \/><\/a> <a href=\"https:\/\/centcols.org\/backup\/wp-content\/uploads\/2015\/04\/panneaux.jpg\"><img loading=\"lazy\" decoding=\"async\" class=\"alignnone size-full wp-image-391\" src=\"https:\/\/centcols.org\/backup\/wp-content\/uploads\/2015\/04\/panneaux.jpg\" alt=\"panneaux\" width=\"460\" height=\"345\" \/><\/a> <a href=\"https:\/\/centcols.org\/backup\/wp-content\/uploads\/2015\/04\/pano.jpg\"><img loading=\"lazy\" decoding=\"async\" class=\"alignnone size-full wp-image-392\" src=\"https:\/\/centcols.org\/backup\/wp-content\/uploads\/2015\/04\/pano.jpg\" alt=\"pano\" width=\"460\" height=\"345\" \/><\/a> <a href=\"https:\/\/centcols.org\/backup\/wp-content\/uploads\/2015\/04\/ho.jpg\"><img loading=\"lazy\" decoding=\"async\" class=\"alignnone size-full wp-image-393\" src=\"https:\/\/centcols.org\/backup\/wp-content\/uploads\/2015\/04\/ho.jpg\" alt=\"ho\" width=\"460\" height=\"345\" \/><\/a><\/p>\n<h3>Contact<\/h3>\n<p>Alain Gillodes<\/p>\n<p>10 impasse Joseph Delteil, 31600 MURET<\/p>\n<a href=\"&#109;&#97;&#105;l&#116;o&#58;a&#108;&#97;&#105;n.gillo&#100;&#101;s&#64;o&#114;&#97;n&#103;e.&#102;r\">&#97;lai&#110;&#46;&#103;&#105;&#108;&#108;&#111;d&#101;&#115;&#64;ora&#110;ge.fr<\/a>\n","protected":false},"excerpt":{"rendered":"<p>Les photos Les photos de Daniel Beaujoin Les photos de Guy Cambess\u00e8d\u00e8s Pr\u00e9sentation C&#8217;est au Col des Ares (FR-31-0797), situ\u00e9 dans la Haute Garonne, que les deux Confr\u00e9ries Club des Cent Cols et Ordre des Cols Durs vous accueilleront ce Dimanche 6 octobre de 10 h \u00e0 13 h pour vous offrir le sandwich et [&hellip;]<\/p>\n","protected":false},"author":2001,"featured_media":0,"comment_status":"closed","ping_status":"closed","sticky":false,"template":"","format":"standard","meta":{"_acf_changed":false,"ub_ctt_via":"","_monsterinsights_skip_tracking":false,"_monsterinsights_sitenote_active":false,"_monsterinsights_sitenote_note":"","_monsterinsights_sitenote_category":0,"footnotes":""},"categories":[11,7],"tags":[],"acf":[],"featured_image_urls":{"full":"","thumbnail":"","medium":"","medium_large":"","large":"","1536x1536":"","2048x2048":"","woocommerce_thumbnail":"","woocommerce_single":"","woocommerce_gallery_thumbnail":""},"post_excerpt_stackable":"<p>Les photos Les photos de Daniel Beaujoin Les photos de Guy Cambess\u00e8d\u00e8s Pr\u00e9sentation C&#8217;est au Col des Ares (FR-31-0797), situ\u00e9 dans la Haute Garonne, que les deux Confr\u00e9ries Club des Cent Cols et Ordre des Cols Durs vous accueilleront ce Dimanche 6 octobre de 10 h \u00e0 13 h pour vous offrir le sandwich et le verre de l&#8217;amiti\u00e9. Repas (15 \u20ac par personne) servi \u00e0 l&#8217;Auberge du Col uniquement sur r\u00e9servation (t\u00e9l: 05.61.88.14.87). Menu : salades &#8211; Pasta carbonade et paella &#8211; dessert (tarte, fruits) &#8211; caf\u00e9 ou th\u00e9 &#8211; vin compris. V\u00e9lo de route A l&#8217;occasion de cette\u2026<\/p>\n","category_list":"<a href=\"https:\/\/centcols.org\/backup\/categorie\/rassemblements\/rassemblements-2013\/\" rel=\"category tag\">Les rassemblements de 2013<\/a>, <a href=\"https:\/\/centcols.org\/backup\/categorie\/rassemblements\/\" rel=\"category tag\">Rencontres r\u00e9gionales<\/a>","author_info":{"display_name":"Webmestre","author_link":"https:\/\/centcols.org\/backup\/author\/webmestre\/"},"comments_num":"0 commentaire","featured_image_urls_v2":{"full":"","thumbnail":"","medium":"","medium_large":"","large":"","1536x1536":"","2048x2048":"","woocommerce_thumbnail":"","woocommerce_single":"","woocommerce_gallery_thumbnail":""},"post_excerpt_stackable_v2":"<p>Les photos Les photos de Daniel Beaujoin Les photos de Guy Cambess\u00e8d\u00e8s Pr\u00e9sentation C&#8217;est au Col des Ares (FR-31-0797), situ\u00e9 dans la Haute Garonne, que les deux Confr\u00e9ries Club des Cent Cols et Ordre des Cols Durs vous accueilleront ce Dimanche 6 octobre de 10 h \u00e0 13 h pour vous offrir le sandwich et le verre de l&#8217;amiti\u00e9. Repas (15 \u20ac par personne) servi \u00e0 l&#8217;Auberge du Col uniquement sur r\u00e9servation (t\u00e9l: 05.61.88.14.87). Menu : salades &#8211; Pasta carbonade et paella &#8211; dessert (tarte, fruits) &#8211; caf\u00e9 ou th\u00e9 &#8211; vin compris. V\u00e9lo de route A l&#8217;occasion de cette\u2026<\/p>\n","category_list_v2":"<a href=\"https:\/\/centcols.org\/backup\/categorie\/rassemblements\/rassemblements-2013\/\" rel=\"category tag\">Les rassemblements de 2013<\/a>, <a href=\"https:\/\/centcols.org\/backup\/categorie\/rassemblements\/\" rel=\"category tag\">Rencontres r\u00e9gionales<\/a>","author_info_v2":{"name":"Webmestre","url":"https:\/\/centcols.org\/backup\/author\/webmestre\/"},"comments_num_v2":"0 commentaire","featured_image_src":null,"_links":{"self":[{"href":"https:\/\/centcols.org\/backup\/wp-json\/wp\/v2\/posts\/335"}],"collection":[{"href":"https:\/\/centcols.org\/backup\/wp-json\/wp\/v2\/posts"}],"about":[{"href":"https:\/\/centcols.org\/backup\/wp-json\/wp\/v2\/types\/post"}],"author":[{"embeddable":true,"href":"https:\/\/centcols.org\/backup\/wp-json\/wp\/v2\/users\/2001"}],"replies":[{"embeddable":true,"href":"https:\/\/centcols.org\/backup\/wp-json\/wp\/v2\/comments?post=335"}],"version-history":[{"count":0,"href":"https:\/\/centcols.org\/backup\/wp-json\/wp\/v2\/posts\/335\/revisions"}],"wp:attachment":[{"href":"https:\/\/centcols.org\/backup\/wp-json\/wp\/v2\/media?parent=335"}],"wp:term":[{"taxonomy":"category","embeddable":true,"href":"https:\/\/centcols.org\/backup\/wp-json\/wp\/v2\/categories?post=335"},{"taxonomy":"post_tag","embeddable":true,"href":"https:\/\/centcols.org\/backup\/wp-json\/wp\/v2\/tags?post=335"}],"curies":[{"name":"wp","href":"https:\/\/api.w.org\/{rel}","templated":true}]}}