{"id":33825,"date":"2018-10-10T07:11:43","date_gmt":"2018-10-10T05:11:43","guid":{"rendered":"http:\/\/centcols.org\/backup\/?p=33825"},"modified":"2023-05-21T09:57:17","modified_gmt":"2023-05-21T07:57:17","slug":"sejour-printemps-2019-propriano","status":"publish","type":"post","link":"https:\/\/centcols.org\/backup\/sejour-printemps-2019-propriano\/","title":{"rendered":"S\u00e9jour de printemps \u00e0 Propriano 11 au 18 mai 2019"},"content":{"rendered":"<p><span style=\"color: #808080;\">Ont contribu\u00e9 \u00e0 cette page de pr\u00e9sentation du s\u00e9jour Nadine et Bernard Giraudeau, les responsables informatique et s\u00e9jours.<\/span><\/p>\n<div id=\"attachment_33839\" style=\"width: 847px\" class=\"wp-caption aligncenter\"><img loading=\"lazy\" decoding=\"async\" aria-describedby=\"caption-attachment-33839\" class=\"wp-image-33839\" src=\"https:\/\/centcols.org\/backup\/wp-content\/uploads\/2018\/10\/Image2-500x331.jpg\" alt=\"\" width=\"837\" height=\"554\" srcset=\"https:\/\/centcols.org\/backup\/wp-content\/uploads\/2018\/10\/Image2-500x331.jpg 500w, https:\/\/centcols.org\/backup\/wp-content\/uploads\/2018\/10\/Image2-600x398.jpg 600w, https:\/\/centcols.org\/backup\/wp-content\/uploads\/2018\/10\/Image2-768x509.jpg 768w, https:\/\/centcols.org\/backup\/wp-content\/uploads\/2018\/10\/Image2-1200x795.jpg 1200w, https:\/\/centcols.org\/backup\/wp-content\/uploads\/2018\/10\/Image2.jpg 1545w\" sizes=\"(max-width: 837px) 100vw, 837px\" \/><p id=\"caption-attachment-33839\" class=\"wp-caption-text\">Sart\u00e8ne sous ciel d&#8217;orage. Photo B&amp;N Giraudeau<\/p><\/div>\n<p><span style=\"color: #000000;\">Apr\u00e8s trois s\u00e9jours tout \u00e0 fait r\u00e9ussis et qui ont s\u00e9duit un grand nombre de nos membres, Nadine et Bernard Giraudeau nous proposent de passer une semaine sur la c\u00f4te sud ouest de l&#8217;<strong>Ile de Beaut\u00e9<\/strong>.<\/span><\/p>\n<p><span style=\"color: #000000;\">Propriano est \u00e0 une soixantaine de kilom\u00e8tres au sud d&#8217;Ajaccio, au fond du profond golfe du Valinco. Les premi\u00e8res pentes pouvant nous mener vers une nu\u00e9e de charmants petits villages et, bien entendu, des cols \u00e0 franchir, commencent d\u00e8s la sortie de la ville. Il faut donc s&#8217;attendre \u00e0 de belles mont\u00e9es au cours du s\u00e9jour. Sart\u00e8ne est \u00e0 une dizaine de kilom\u00e8tre et \u00e9tend son urbanisation sur les pentes raides de la montagne, offrant une vue magnifique sur la Grande Bleue. On trouve \u00e9galement \u00e0 proximit\u00e9 de Propriano quelques sites pr\u00e9historiques qui m\u00e9ritent le d\u00e9tour. Pour les accompagnants peu sensibles aux charmes de la petite reine, des sentiers de pays et celui le long du littoral pourront satisfaire les marcheurs.<\/span><\/p>\n<p><span style=\"color: #000000;\">Nous s\u00e9journerons dans un tr\u00e8s bel \u00e9tablissement situ\u00e9 au bord de l&#8217;eau \u00e0 un kilom\u00e8tre de la ville. Il s&#8217;agit de l&#8217;h\u00f4tel Arena Bianca\u00a0qui appartient \u00e0 la chaine Belambra Clubs (qui nous avait accueillis lors du s\u00e9jour \u00e0 Lozari).<\/span><\/p>\n<p><span style=\"color: #000000;\">Il convient de noter que la compagnie &#8220;La M\u00e9ridionale&#8221; dispose d&#8217;un ferry au d\u00e9part de Marseille qui dessert directement Propriano :<\/span><\/p>\n<p style=\"padding-left: 60px;\"><span style=\"color: #000000;\">D\u00e9part de Marseille le vendredi soir, arriv\u00e9e \u00e0 Propriano le samedi matin, et pour le retour, le d\u00e9part se fait le samedi soir pour arriver \u00e0 Marseille le dimanche matin. Chacun fera son affaire de son voyage. Cette opportunit\u00e9 permettra d&#8217;avoir des circuits d\u00e8s le jour de l&#8217;arriv\u00e9e ainsi que le dernier jour.<\/span><\/p>\n<div id=\"attachment_33917\" style=\"width: 850px\" class=\"wp-caption alignright\"><img loading=\"lazy\" decoding=\"async\" aria-describedby=\"caption-attachment-33917\" class=\"wp-image-33917\" src=\"https:\/\/centcols.org\/backup\/wp-content\/uploads\/2018\/10\/NIK_2453r-500x332.jpg\" alt=\"\" width=\"840\" height=\"558\" srcset=\"https:\/\/centcols.org\/backup\/wp-content\/uploads\/2018\/10\/NIK_2453r-500x332.jpg 500w, https:\/\/centcols.org\/backup\/wp-content\/uploads\/2018\/10\/NIK_2453r-600x398.jpg 600w, https:\/\/centcols.org\/backup\/wp-content\/uploads\/2018\/10\/NIK_2453r-768x510.jpg 768w, https:\/\/centcols.org\/backup\/wp-content\/uploads\/2018\/10\/NIK_2453r-1200x797.jpg 1200w, https:\/\/centcols.org\/backup\/wp-content\/uploads\/2018\/10\/NIK_2453r.jpg 1542w\" sizes=\"(max-width: 840px) 100vw, 840px\" \/><p id=\"caption-attachment-33917\" class=\"wp-caption-text\">Golfe du Valinco et Propriano. Photo Ch Labour<\/p><\/div>\n<p><span style=\"color: #000000;\">Vous trouverez ci-dessous les rubriques :<\/span><\/p>\n<ul>\n<li><span style=\"color: #000000;\">Pr\u00e9sentation de la r\u00e9gion<\/span><\/li>\n<li><span style=\"color: #000000;\">Les <a href=\"\/membres\/cctours\/tours.php?lieu=Propriano&amp;an=2019\">circuits<\/a><\/span><\/li>\n<li><span style=\"color: #000000;\">H\u00e9bergement<\/span><\/li>\n<li><span style=\"color: #000000;\">Note du Conseil d&#8217;Administration<\/span><\/li>\n<li><span style=\"color: #000000;\">Inscription, avec une carte de situation<\/span><\/li>\n<li><span style=\"color: #000000;\">Autres activit\u00e9s ou visites\u00a0 \u00a0<\/span><\/li>\n<\/ul>\n","protected":false},"excerpt":{"rendered":"<p>Ont contribu\u00e9 \u00e0 cette page de pr\u00e9sentation du s\u00e9jour Nadine et Bernard Giraudeau, les responsables informatique et s\u00e9jours. Apr\u00e8s trois s\u00e9jours tout \u00e0 fait r\u00e9ussis et qui ont s\u00e9duit un grand nombre de nos membres, Nadine et Bernard Giraudeau nous proposent de passer une semaine sur la c\u00f4te sud ouest de l&#8217;Ile de Beaut\u00e9. Propriano [&hellip;]<\/p>\n","protected":false},"author":282,"featured_media":0,"comment_status":"closed","ping_status":"closed","sticky":false,"template":"","format":"standard","meta":{"_acf_changed":false,"ub_ctt_via":"","_monsterinsights_skip_tracking":false,"_monsterinsights_sitenote_active":false,"_monsterinsights_sitenote_note":"","_monsterinsights_sitenote_category":0,"footnotes":""},"categories":[35],"tags":[],"acf":[],"featured_image_urls":{"full":"","thumbnail":"","medium":"","medium_large":"","large":"","1536x1536":"","2048x2048":"","woocommerce_thumbnail":"","woocommerce_single":"","woocommerce_gallery_thumbnail":""},"post_excerpt_stackable":"<p>Ont contribu\u00e9 \u00e0 cette page de pr\u00e9sentation du s\u00e9jour Nadine et Bernard Giraudeau, les responsables informatique et s\u00e9jours. Sart\u00e8ne sous ciel d&#8217;orage. Photo B&amp;N Giraudeau Apr\u00e8s trois s\u00e9jours tout \u00e0 fait r\u00e9ussis et qui ont s\u00e9duit un grand nombre de nos membres, Nadine et Bernard Giraudeau nous proposent de passer une semaine sur la c\u00f4te sud ouest de l&#8217;Ile de Beaut\u00e9. Propriano est \u00e0 une soixantaine de kilom\u00e8tres au sud d&#8217;Ajaccio, au fond du profond golfe du Valinco. Les premi\u00e8res pentes pouvant nous mener vers une nu\u00e9e de charmants petits villages et, bien entendu, des cols \u00e0 franchir, commencent d\u00e8s\u2026<\/p>\n","category_list":"<a href=\"https:\/\/centcols.org\/backup\/categorie\/sejours\/\" rel=\"category tag\">S\u00e9jours<\/a>","author_info":{"display_name":"Thierry Labour","author_link":"https:\/\/centcols.org\/backup\/author\/5925\/"},"comments_num":"0 commentaire","featured_image_urls_v2":{"full":"","thumbnail":"","medium":"","medium_large":"","large":"","1536x1536":"","2048x2048":"","woocommerce_thumbnail":"","woocommerce_single":"","woocommerce_gallery_thumbnail":""},"post_excerpt_stackable_v2":"<p>Ont contribu\u00e9 \u00e0 cette page de pr\u00e9sentation du s\u00e9jour Nadine et Bernard Giraudeau, les responsables informatique et s\u00e9jours. Sart\u00e8ne sous ciel d&#8217;orage. Photo B&amp;N Giraudeau Apr\u00e8s trois s\u00e9jours tout \u00e0 fait r\u00e9ussis et qui ont s\u00e9duit un grand nombre de nos membres, Nadine et Bernard Giraudeau nous proposent de passer une semaine sur la c\u00f4te sud ouest de l&#8217;Ile de Beaut\u00e9. Propriano est \u00e0 une soixantaine de kilom\u00e8tres au sud d&#8217;Ajaccio, au fond du profond golfe du Valinco. Les premi\u00e8res pentes pouvant nous mener vers une nu\u00e9e de charmants petits villages et, bien entendu, des cols \u00e0 franchir, commencent d\u00e8s\u2026<\/p>\n","category_list_v2":"<a href=\"https:\/\/centcols.org\/backup\/categorie\/sejours\/\" rel=\"category tag\">S\u00e9jours<\/a>","author_info_v2":{"name":"Thierry Labour","url":"https:\/\/centcols.org\/backup\/author\/5925\/"},"comments_num_v2":"0 commentaire","featured_image_src":null,"_links":{"self":[{"href":"https:\/\/centcols.org\/backup\/wp-json\/wp\/v2\/posts\/33825"}],"collection":[{"href":"https:\/\/centcols.org\/backup\/wp-json\/wp\/v2\/posts"}],"about":[{"href":"https:\/\/centcols.org\/backup\/wp-json\/wp\/v2\/types\/post"}],"author":[{"embeddable":true,"href":"https:\/\/centcols.org\/backup\/wp-json\/wp\/v2\/users\/282"}],"replies":[{"embeddable":true,"href":"https:\/\/centcols.org\/backup\/wp-json\/wp\/v2\/comments?post=33825"}],"version-history":[{"count":0,"href":"https:\/\/centcols.org\/backup\/wp-json\/wp\/v2\/posts\/33825\/revisions"}],"wp:attachment":[{"href":"https:\/\/centcols.org\/backup\/wp-json\/wp\/v2\/media?parent=33825"}],"wp:term":[{"taxonomy":"category","embeddable":true,"href":"https:\/\/centcols.org\/backup\/wp-json\/wp\/v2\/categories?post=33825"},{"taxonomy":"post_tag","embeddable":true,"href":"https:\/\/centcols.org\/backup\/wp-json\/wp\/v2\/tags?post=33825"}],"curies":[{"name":"wp","href":"https:\/\/api.w.org\/{rel}","templated":true}]}}