{"id":343,"date":"2015-04-14T16:07:44","date_gmt":"2015-04-14T14:07:44","guid":{"rendered":"http:\/\/centcols.org\/backup\/?p=343"},"modified":"2016-01-31T11:16:18","modified_gmt":"2016-01-31T10:16:18","slug":"concentration-2014-col-montclard","status":"publish","type":"post","link":"https:\/\/centcols.org\/backup\/concentration-2014-col-montclard\/","title":{"rendered":"Concentration r\u00e9gionale Cent Cols Auvergne Col de Montclard &#8211; Samedi 24 mai 2014 (Initialement pr\u00e9vue le 25 mai)"},"content":{"rendered":"<h2>Les photos<\/h2>\n<p><a class=\"iframe-fancybox\" title=\"photos\" href=\"http:\/\/centcols.net\/les_rendez-vous\/2014\/Regional\/Auvergne\/presse-auvergne-2014.html\" target=\"_blank\">Voir les photos de Claude Mabillot<\/a><\/p>\n<p><a class=\"iframe-fancybox\" title=\"photos\" href=\"http:\/\/centcols.net\/util\/visuAlbum.php?album=05193-007\" target=\"_blank\">Voir les photos de Guy Harl\u00e9<\/a><\/p>\n<h2>Pr\u00e9sentation<\/h2>\n<p><a href=\"https:\/\/centcols.org\/backup\/wp-content\/uploads\/2015\/04\/montclard1.jpg\"><img loading=\"lazy\" decoding=\"async\" class=\"alignnone size-medium wp-image-344\" src=\"https:\/\/centcols.org\/backup\/wp-content\/uploads\/2015\/04\/montclard1-500x375.jpg\" alt=\"montclard1\" width=\"500\" height=\"375\" srcset=\"https:\/\/centcols.org\/backup\/wp-content\/uploads\/2015\/04\/montclard1-500x375.jpg 500w, https:\/\/centcols.org\/backup\/wp-content\/uploads\/2015\/04\/montclard1-600x450.jpg 600w, https:\/\/centcols.org\/backup\/wp-content\/uploads\/2015\/04\/montclard1.jpg 800w\" sizes=\"(max-width: 500px) 100vw, 500px\" \/><\/a><\/p>\n<p>La concentration 15-43-63 aura lieu le samedi 24 mai 2014 au col de Montclard <a href=\"https:\/\/centcols.org\/backup\/util\/geo\/visuFR.php?code=FR-43-0860\" target=\"_blank\">FR-43-0860<\/a> dans l&#8217;ouest du d\u00e9partement<br \/>\nElle s&#8217;inscrit dans un triptyque altilig\u00e9rien apr\u00e8s Pozedonne (au centre) en 2012 et avant un col de l&#8217;est en 2016 avant de repartir en zones plus \u00e9lev\u00e9es dans le futur. Comme en 2012, un accueil chez l&#8217;animateur territorial (ou pr\u00e8s de chez lui, selon le nombre de pr\u00e9sents et le niveau de confort souhait\u00e9) sera possible d\u00e8s le 24 avec repas le soir \u00e0 base de mets locaux et boissons traditionnelles . On ne change pas un protocole gagnant. Quelques cols pourront \u00eatre engrang\u00e9s en se rendant au point de rencontre du samedi<br \/>\nCerise sur le g\u00e2teau : 2 BPF 43 de part et d&#8217;autre du col de Montclard<\/p>\n<p>Plus de pr\u00e9cisions \u00e0 Digne-Les-Bains<\/p>\n<p><a href=\"https:\/\/centcols.org\/backup\/wp-content\/uploads\/2015\/04\/montclard2.jpg\"><img loading=\"lazy\" decoding=\"async\" class=\"alignnone size-medium wp-image-345\" src=\"https:\/\/centcols.org\/backup\/wp-content\/uploads\/2015\/04\/montclard2-500x375.jpg\" alt=\"montclard2\" width=\"500\" height=\"375\" srcset=\"https:\/\/centcols.org\/backup\/wp-content\/uploads\/2015\/04\/montclard2-500x375.jpg 500w, https:\/\/centcols.org\/backup\/wp-content\/uploads\/2015\/04\/montclard2-600x450.jpg 600w, https:\/\/centcols.org\/backup\/wp-content\/uploads\/2015\/04\/montclard2.jpg 800w\" sizes=\"(max-width: 500px) 100vw, 500px\" \/><\/a><\/p>\n<h3>Contact<\/h3>\n<p>Claude Mabillot : <a href=\"m&#97;ilt&#111;:&#109;a&#98;i&#108;lot&#64;&#102;r&#101;&#101;.fr\">&#109;&#97;&#98;ill&#111;&#116;&#64;&#102;r&#101;e.&#102;r<\/a><\/p>\n<h2>Compte-rendu<\/h2>\n<p>Le 24 mai, les centcolistes ont rendez vous au col de Montclard en Haute Loire, \u00e0 l&#8217;invitation de Claude et Francine MABILLOT.<\/p>\n<p>D\u00e8s la veille, nous nous retrouvons une dizaine, aux pr\u00e9s. C&#8217;est le domicile de nos invitants. Retrouvailles, pr\u00e9parations du mat\u00e9riel pour le lendemain, repas de l&#8217;amiti\u00e9 sont le programme. Puis nuit au gite Mabillot.<\/p>\n<p>Le lendemain matin, le thermom\u00e8tre affiche un petit 6\u00b0. Le ciel est couvert avec de belles fen\u00eatres bleut\u00e9es.<br \/>\nClaude et Francine partent s&#8217;installer au col pour l&#8217;accueil. Un groupe part de La Chaise Dieu, et un autre d&#8217;Yssingeaux. Seules directives, \u00eatre \u00e0 midi au rendez-vous.<\/p>\n<p>Par des petites routes bucoliques, en sous-bois, Guy et Marie-No\u00eblle Harl\u00e9, Nathalie Mauret, et le tandem Bernard et R\u00e9gine Vieillard, rejoignent le col de Montclard. Est d\u00e9j\u00e0 pr\u00e9sent Claude Benistrand, venu avec un ami clermontois, qu&#8217;il vient de contaminer avec le virus CCC.<br \/>\nA 13 heures, nous sommes une trentaine de cyclos rassembl\u00e9s, \u00e0 d\u00e9guster les produits locaux offerts par Claude et Francine Mabillot avec des boissons remontantes.<\/p>\n<p>Les maires de Montclard et Paulhaguet, ainsi que le pr\u00e9sident de la communaut\u00e9 de communes, nous honorent de leurs pr\u00e9sences. Claude Mabillot prend la parole, et profite de cette ann\u00e9e 2014, pour rappeler le souvenir d&#8217;un jeune homme de Montclard mort d\u00e8s le d\u00e9but de la guerre de 1914, paroles qui nous enseignent surtout la chance que nous avons aujourd&#8217;hui de vivre dans une \u00e8re de paix. Merci \u00e0 Claude pour cet interm\u00e8de qu&#8217;il a su traiter avec un humour l\u00e9ger malgr\u00e9 la gravit\u00e9 des faits. Son discours est suivi de la remise d&#8217;un dipl\u00f4me 100 cols \u00e0 un nouvel admis, et un dipl\u00f4me de 1000 cols franchis. Et c&#8217;est le verre de l&#8217;amiti\u00e9 \u00e0 la main que chacun \u00e9change sur tout sujet v\u00e9locip\u00e9dique.<\/p>\n<p>Le retour se fait \u00e0 la convenance de chacun. Notre groupe, au retour, visite La Chaise Dieu, et dans l&#8217;abbaye a un entretien avec un moine donnant des d\u00e9tails sur le lieu. Le v\u00e9lo peut \u00eatre compl\u00e9t\u00e9 par le culturel.<\/p>\n<p>En bon gaulois, que nous sommes, nous ne pouvions nous s\u00e9parer sans un banquet. Nous sommes donc presqu&#8217;une trentaine, le soir, chez Claude et Francine, qui nous ont pr\u00e9par\u00e9 les tripes. Le barde n&#8217;ayant pas \u00e9t\u00e9 b\u00e2illonn\u00e9, il a chant\u00e9 pour Claude et Francine, \u00ab vous \u00eates formidables \u00bb et les rires trou\u00e8rent la nuit jusqu&#8217;\u00e0 une heure avanc\u00e9e. Cette concentration a donn\u00e9 l&#8217;envie de revenir bient\u00f4t.<\/p>\n","protected":false},"excerpt":{"rendered":"<p>Les photos Voir les photos de Claude Mabillot Voir les photos de Guy Harl\u00e9 Pr\u00e9sentation La concentration 15-43-63 aura lieu le samedi 24 mai 2014 au col de Montclard FR-43-0860 dans l&#8217;ouest du d\u00e9partement Elle s&#8217;inscrit dans un triptyque altilig\u00e9rien apr\u00e8s Pozedonne (au centre) en 2012 et avant un col de l&#8217;est en 2016 avant [&hellip;]<\/p>\n","protected":false},"author":2001,"featured_media":0,"comment_status":"closed","ping_status":"closed","sticky":false,"template":"","format":"standard","meta":{"_acf_changed":false,"ub_ctt_via":"","_monsterinsights_skip_tracking":false,"_monsterinsights_sitenote_active":false,"_monsterinsights_sitenote_note":"","_monsterinsights_sitenote_category":0,"footnotes":""},"categories":[12,7],"tags":[],"acf":[],"featured_image_urls":{"full":"","thumbnail":"","medium":"","medium_large":"","large":"","1536x1536":"","2048x2048":"","woocommerce_thumbnail":"","woocommerce_single":"","woocommerce_gallery_thumbnail":""},"post_excerpt_stackable":"<p>Les photos Voir les photos de Claude Mabillot Voir les photos de Guy Harl\u00e9 Pr\u00e9sentation La concentration 15-43-63 aura lieu le samedi 24 mai 2014 au col de Montclard FR-43-0860 dans l&#8217;ouest du d\u00e9partement Elle s&#8217;inscrit dans un triptyque altilig\u00e9rien apr\u00e8s Pozedonne (au centre) en 2012 et avant un col de l&#8217;est en 2016 avant de repartir en zones plus \u00e9lev\u00e9es dans le futur. Comme en 2012, un accueil chez l&#8217;animateur territorial (ou pr\u00e8s de chez lui, selon le nombre de pr\u00e9sents et le niveau de confort souhait\u00e9) sera possible d\u00e8s le 24 avec repas le soir \u00e0 base de\u2026<\/p>\n","category_list":"<a href=\"https:\/\/centcols.org\/backup\/categorie\/rassemblements\/rassemblements-2014\/\" rel=\"category tag\">Les rassemblements de 2014<\/a>, <a href=\"https:\/\/centcols.org\/backup\/categorie\/rassemblements\/\" rel=\"category tag\">Rencontres r\u00e9gionales<\/a>","author_info":{"display_name":"Webmestre","author_link":"https:\/\/centcols.org\/backup\/author\/webmestre\/"},"comments_num":"0 commentaire","featured_image_urls_v2":{"full":"","thumbnail":"","medium":"","medium_large":"","large":"","1536x1536":"","2048x2048":"","woocommerce_thumbnail":"","woocommerce_single":"","woocommerce_gallery_thumbnail":""},"post_excerpt_stackable_v2":"<p>Les photos Voir les photos de Claude Mabillot Voir les photos de Guy Harl\u00e9 Pr\u00e9sentation La concentration 15-43-63 aura lieu le samedi 24 mai 2014 au col de Montclard FR-43-0860 dans l&#8217;ouest du d\u00e9partement Elle s&#8217;inscrit dans un triptyque altilig\u00e9rien apr\u00e8s Pozedonne (au centre) en 2012 et avant un col de l&#8217;est en 2016 avant de repartir en zones plus \u00e9lev\u00e9es dans le futur. Comme en 2012, un accueil chez l&#8217;animateur territorial (ou pr\u00e8s de chez lui, selon le nombre de pr\u00e9sents et le niveau de confort souhait\u00e9) sera possible d\u00e8s le 24 avec repas le soir \u00e0 base de\u2026<\/p>\n","category_list_v2":"<a href=\"https:\/\/centcols.org\/backup\/categorie\/rassemblements\/rassemblements-2014\/\" rel=\"category tag\">Les rassemblements de 2014<\/a>, <a href=\"https:\/\/centcols.org\/backup\/categorie\/rassemblements\/\" rel=\"category tag\">Rencontres r\u00e9gionales<\/a>","author_info_v2":{"name":"Webmestre","url":"https:\/\/centcols.org\/backup\/author\/webmestre\/"},"comments_num_v2":"0 commentaire","featured_image_src":null,"_links":{"self":[{"href":"https:\/\/centcols.org\/backup\/wp-json\/wp\/v2\/posts\/343"}],"collection":[{"href":"https:\/\/centcols.org\/backup\/wp-json\/wp\/v2\/posts"}],"about":[{"href":"https:\/\/centcols.org\/backup\/wp-json\/wp\/v2\/types\/post"}],"author":[{"embeddable":true,"href":"https:\/\/centcols.org\/backup\/wp-json\/wp\/v2\/users\/2001"}],"replies":[{"embeddable":true,"href":"https:\/\/centcols.org\/backup\/wp-json\/wp\/v2\/comments?post=343"}],"version-history":[{"count":0,"href":"https:\/\/centcols.org\/backup\/wp-json\/wp\/v2\/posts\/343\/revisions"}],"wp:attachment":[{"href":"https:\/\/centcols.org\/backup\/wp-json\/wp\/v2\/media?parent=343"}],"wp:term":[{"taxonomy":"category","embeddable":true,"href":"https:\/\/centcols.org\/backup\/wp-json\/wp\/v2\/categories?post=343"},{"taxonomy":"post_tag","embeddable":true,"href":"https:\/\/centcols.org\/backup\/wp-json\/wp\/v2\/tags?post=343"}],"curies":[{"name":"wp","href":"https:\/\/api.w.org\/{rel}","templated":true}]}}