{"id":346,"date":"2015-04-14T16:21:03","date_gmt":"2015-04-14T14:21:03","guid":{"rendered":"http:\/\/centcols.org\/backup\/?p=346"},"modified":"2015-06-09T11:24:54","modified_gmt":"2015-06-09T09:24:54","slug":"concentration-2014-vosges","status":"publish","type":"post","link":"https:\/\/centcols.org\/backup\/concentration-2014-vosges\/","title":{"rendered":"Concentration Vosges, 29 mai 2014"},"content":{"rendered":"<h2>Les photos<\/h2>\n<p><a class=\"iframe-fancybox\" title=\"photos\" href=\"http:\/\/centcols.net\/util\/visuAlbum.php?album=02637-001\" target=\"_blank\">Voir les photos de Gilles Gallois<\/a><\/p>\n<h2>Pr\u00e9sentation de la Concentration r\u00e9gionale des cent cols de l\u2019est<br \/>\nAu col de Geroldseck<\/h2>\n<p>Saverne, ville fronti\u00e8re entre l\u2019Alsace et la Lorraine, au c\u0153ur des Vosges du Nord, vous donne rendez-vous \u00e0 9 heures du matin sur le parking situ\u00e9 derri\u00e8re le ch\u00e2teau des Rohan.<br \/>\nEn groupe ou seul, en v\u00e9lo route ou en VTT, un casse-cro\u00fbte dans le sac \u00e0 dos, vous irez \u00e0 la d\u00e9couverte d\u2019une splendide r\u00e9gion creus\u00e9e de vall\u00e9es profondes et couverte de for\u00eats, v\u00e9ritables cath\u00e9drales de verdure.<\/p>\n<p>Routiers, vous longerez dans la fra\u00eecheur du matin le canal de la Marne au Rhin, Lutzelbourg vous accueillera, puis vous monterez au Dabo pour aller cueillir le col de\u00a0 Valsberg \u00e0 652 m.<br \/>\nDe l\u00e0, vous vous engagez dans la plaine d\u2019Alsace pour mieux remonter sur l\u2019imposante barre de gr\u00e8s rose (Buntsandstein) sur laquelle vous serez impressionn\u00e9s par les ruines du Petit et du Grand Geroldseck pour enfin arriver au col de Geroldseck \u00e0 445m d\u2019altitude (<a class=\"iframe-fancybox\" title=\"Col de Geroldseck\" href=\"https:\/\/centcols.org\/backup\/util\/geo\/visuFR.php?code=FR-67-0445\" target=\"_blank\">FR-67-0445<\/a>), apr\u00e8s une boucle d\u2019une cinquantaine de Km<br \/>\nLes v\u00e9t\u00e9tistes, longeront, eux aussi, le canal mais s\u2019engageront tr\u00e8s rapidement sur les pistes\u00a0 du massif. Apr\u00e8s avoir franchi le col du Krappenfels (486m) et du Rudersberg(463m), ils arriveront eux aussi, apr\u00e8s un boucle de 32 Km au col de Geroldseck, tout pr\u00e8s de l\u2019imposante ruine du Haut-Barr o\u00f9 Marie Fran\u00e7oise vous accueillera avec le sourire pour partager vins, pains et fromages dans la plus pure tradition du club<\/p>\n<p><strong>Nous ne chercherons pas la quantit\u00e9, mais le plaisir, celui de se rencontrer, de faire connaissance, de partager au col un grand moment de convivialit\u00e9<\/strong>.<\/p>\n<h3>Contact<\/h3>\n<p>Ars\u00e8ne Bickel<\/p>\n<p><a href=\"mailto&#58;b&#99;&#121;cl&#111;&#46;&#97;pis&#64;o&#114;ange.&#102;r\">&#98;cy&#99;&#108;&#111;.a&#112;&#105;&#115;&#64;oran&#103;&#101;.fr<\/a><br \/>\nTel : 06 80 73 51 75<\/p>\n<h3>Le ch\u00e2teau de Rohan<\/h3>\n<p><a href=\"https:\/\/centcols.org\/backup\/wp-content\/uploads\/2015\/04\/Photo4.jpg\"><img loading=\"lazy\" decoding=\"async\" class=\" size-full wp-image-347 alignleft\" src=\"https:\/\/centcols.org\/backup\/wp-content\/uploads\/2015\/04\/Photo4.jpg\" alt=\"Photo4\" width=\"123\" height=\"82\" \/><\/a>Ancien ch\u00e2teau \u00e9piscopal il a \u00e9t\u00e9 construit \u00e0 la fin du XVIII\u00e8me si\u00e8cle, en 1780 dans un style n\u00e9oclassique. Le propri\u00e9taire \u00e9tait le cardinal Louis, Ren\u00e9, Edouard de Rohan qui s\u2019est fait conna\u00eetre par l\u2019affaire des colliers. Napol\u00e9on III\u00a0 fit achever le ch\u00e2teau pour y loger les veuves des hauts fonctionnaires. En 1871 il devint une caserne allemande puis fran\u00e7aise en 1918.<br \/>\nEn 1952, il devient une institution municipale culturelle<\/p>\n<h3>Le grand Geroldseck<\/h3>\n<p><a href=\"https:\/\/centcols.org\/backup\/wp-content\/uploads\/2015\/04\/Photo5.jpg\"><img loading=\"lazy\" decoding=\"async\" class=\" size-full wp-image-348 alignleft\" src=\"https:\/\/centcols.org\/backup\/wp-content\/uploads\/2015\/04\/Photo5.jpg\" alt=\"Photo5\" width=\"162\" height=\"109\" \/><\/a>C&#8217;est un des plus anciens ch\u00e2teaux des Vosges du Nord. Il fut fond\u00e9 au d\u00e9but du XII\u00e8me si\u00e8cle par les sires de Geroldseck, avou\u00e9s de l\u2019abbaye de Marmoutier.<br \/>\nIl fut occup\u00e9 par la suite par des chevaliers-brigands. En 1471, le duc de Lorraine l\u2019assi\u00e8ge avec le comte palatin Fr\u00e9d\u00e9ric et le br\u00fble.<br \/>\nLe petit Geroldseck appartenait \u00e0 la m\u00eame famille<\/p>\n<h3>Le Haut-Barr<\/h3>\n<p><a href=\"https:\/\/centcols.org\/backup\/wp-content\/uploads\/2015\/04\/Photo6.jpg\"><img loading=\"lazy\" decoding=\"async\" class=\" size-full wp-image-349 alignleft\" src=\"https:\/\/centcols.org\/backup\/wp-content\/uploads\/2015\/04\/Photo6.jpg\" alt=\"Photo6\" width=\"189\" height=\"73\" \/><\/a>Il\u00a0 est \u00e9rig\u00e9 sur 3 rochers en 1170 \u00e0 458 m par les \u00e9v\u00eaques de Strasbourg pour avoir un \u0153il sur la vall\u00e9e de la Zorn et la plaine d\u2019Alsace. Ce ch\u00e2teau fut abandonn\u00e9 en 1770.<br \/>\nUne \u00e9poustouflante vue sur la plaine d\u2019Alsace s\u2019offre au touriste.<br \/>\nEn 1525, pendant la guerre des paysans, il fut assi\u00e9g\u00e9 mais il r\u00e9sista. Il subit de nombreux dommages pendant la guerre de 30 ans.<br \/>\nA une centaine de m\u00e8tres du site, se dresse une tour du t\u00e9l\u00e9graphe Chappe. Reconstruite en 1968, elle assura le relais entre Paris et Strasbourg \u00e0 partir du 31 mai 1798. Elle fut en fonction jusqu\u2019en 1850<\/p>\n<p>Les plus assoiff\u00e9s de cols pourront, en toute libert\u00e9, mettre \u00e0 profit l\u2019apr\u00e8s-midi, pour enrichir leur palmar\u00e8s en allant encore cueillir quelques cols \u00e0 proximit\u00e9 :<br \/>\n<a class=\"iframe-fancybox\" href=\"https:\/\/centcols.org\/backup\/util\/geo\/visuFR.php?code=FR-67-0402b\" target=\"_blank\">67-0402b<\/a> col de Saverne<br \/>\n<a class=\"iframe-fancybox\" href=\"https:\/\/centcols.org\/backup\/util\/geo\/visuFR.php?code=FR-57-0726\" target=\"_blank\">57-0726<\/a>\u00a0\u00a0 col du Himbeerfels<br \/>\n<a class=\"iframe-fancybox\" href=\"https:\/\/centcols.org\/backup\/util\/geo\/visuFR.php?code=FR-57-0689\" target=\"_blank\">57-0689<\/a>\u00a0\u00a0 col de la Schleif<br \/>\n<a class=\"iframe-fancybox\" href=\"https:\/\/centcols.org\/backup\/util\/geo\/visuFR.php?code=FR-57-0441\" target=\"_blank\">57-0441<\/a>\u00a0\u00a0 col du Salzleckkopf<br \/>\n<a class=\"iframe-fancybox\" href=\"https:\/\/centcols.org\/backup\/util\/geo\/visuFR.php?code=FR-57-0412\" target=\"_blank\">57-0412<\/a>\u00a0\u00a0 col de St L\u00e9on<br \/>\n<a class=\"iframe-fancybox\" href=\"https:\/\/centcols.org\/backup\/util\/geo\/visuFR.php?code=FR-57-0488\" target=\"_blank\">57-0488<\/a>\u00a0\u00a0 col du Hohwalsch<br \/>\n<a class=\"iframe-fancybox\" href=\"https:\/\/centcols.org\/backup\/util\/geo\/visuFR.php?code=FR-57-0510\" target=\"_blank\">57-0510<\/a>\u00a0\u00a0 col du Bloetcherplatz<br \/>\n<a class=\"iframe-fancybox\" href=\"https:\/\/centcols.org\/backup\/util\/geo\/visuFR.php?code=FR-57-0572\" target=\"_blank\">57-0572<\/a>\u00a0\u00a0 col du Hauenthal<br \/>\n<a class=\"iframe-fancybox\" href=\"https:\/\/centcols.org\/backup\/util\/geo\/visuFR.php?code=FR-57-0732\" target=\"_blank\">57-0732<\/a>\u00a0\u00a0 col de la Wetzlach<br \/>\n<a class=\"iframe-fancybox\" href=\"https:\/\/centcols.org\/backup\/util\/geo\/visuFR.php?code=FR-57-0625\" target=\"_blank\">57-0625<\/a>\u00a0\u00a0 col du Feuerstein<br \/>\n<a class=\"iframe-fancybox\" href=\"https:\/\/centcols.org\/backup\/util\/geo\/visuFR.php?code=FR-57-0522\" target=\"_blank\">57-0522<\/a>\u00a0\u00a0 col du Peugstein<br \/>\n<a class=\"iframe-fancybox\" href=\"https:\/\/centcols.org\/backup\/util\/geo\/visuFR.php?code=FR-57-0633\" target=\"_blank\">57-0633<\/a>\u00a0\u00a0 col de l\u2019Eichthal<br \/>\n<a class=\"iframe-fancybox\" href=\"https:\/\/centcols.org\/backup\/util\/geo\/visuFR.php?code=FR-57-0794\" target=\"_blank\">57-0794<\/a>\u00a0\u00a0 col du Sandplatz<br \/>\n<a class=\"iframe-fancybox\" href=\"https:\/\/centcols.org\/backup\/util\/geo\/visuFR.php?code=FR-67-0870\" target=\"_blank\">67-0870<\/a>\u00a0\u00a0 col du Schneeberg<br \/>\n<a class=\"iframe-fancybox\" href=\"https:\/\/centcols.org\/backup\/util\/geo\/visuFR.php?code=FR-67-0414\" target=\"_blank\">67-0414<\/a>\u00a0\u00a0 col du Schanz<br \/>\n<a class=\"iframe-fancybox\" href=\"https:\/\/centcols.org\/backup\/util\/geo\/visuFR.php?code=FR-67-0298\" target=\"_blank\">67-0298<\/a>\u00a0\u00a0 col de Westhoffen<br \/>\n<a class=\"iframe-fancybox\" href=\"https:\/\/centcols.org\/backup\/util\/geo\/visuFR.php?code=FR-67-0311\" target=\"_blank\">67-0311<\/a>\u00a0\u00a0 col de la t\u00eate du Christ\u00a0\u00a0\u00a0\u00a0\u00a0\u00a0\u00a0\u00a0\u00a0\u00a0\u00a0\u00a0\u00a0\u00a0\u00a0\u00a0\u00a0\u00a0\u00a0\u00a0\u00a0\u00a0\u00a0\u00a0 et bien d\u2019autres\u2026<\/p>\n<p>Pour me faire une id\u00e9e du nombre de participants,<br \/>\nMerci \u00e0 tous ceux qui veulent participer de se faire conna\u00eetre.<\/p>\n<p>En cas de mauvais temps, (ce qui est extr\u00eamement rare dans notre r\u00e9gion), je vous pr\u00e9viendrai par Mail ou t\u00e9l\u00e9phone<\/p>\n","protected":false},"excerpt":{"rendered":"<p>Les photos Voir les photos de Gilles Gallois Pr\u00e9sentation de la Concentration r\u00e9gionale des cent cols de l\u2019est Au col de Geroldseck Saverne, ville fronti\u00e8re entre l\u2019Alsace et la Lorraine, au c\u0153ur des Vosges du Nord, vous donne rendez-vous \u00e0 9 heures du matin sur le parking situ\u00e9 derri\u00e8re le ch\u00e2teau des Rohan. En groupe [&hellip;]<\/p>\n","protected":false},"author":2001,"featured_media":0,"comment_status":"closed","ping_status":"closed","sticky":false,"template":"","format":"standard","meta":{"_acf_changed":false,"ub_ctt_via":"","_monsterinsights_skip_tracking":false,"_monsterinsights_sitenote_active":false,"_monsterinsights_sitenote_note":"","_monsterinsights_sitenote_category":0,"footnotes":""},"categories":[12,7],"tags":[],"acf":[],"featured_image_urls":{"full":"","thumbnail":"","medium":"","medium_large":"","large":"","1536x1536":"","2048x2048":"","woocommerce_thumbnail":"","woocommerce_single":"","woocommerce_gallery_thumbnail":""},"post_excerpt_stackable":"<p>Les photos Voir les photos de Gilles Gallois Pr\u00e9sentation de la Concentration r\u00e9gionale des cent cols de l\u2019est Au col de Geroldseck Saverne, ville fronti\u00e8re entre l\u2019Alsace et la Lorraine, au c\u0153ur des Vosges du Nord, vous donne rendez-vous \u00e0 9 heures du matin sur le parking situ\u00e9 derri\u00e8re le ch\u00e2teau des Rohan. En groupe ou seul, en v\u00e9lo route ou en VTT, un casse-cro\u00fbte dans le sac \u00e0 dos, vous irez \u00e0 la d\u00e9couverte d\u2019une splendide r\u00e9gion creus\u00e9e de vall\u00e9es profondes et couverte de for\u00eats, v\u00e9ritables cath\u00e9drales de verdure. Routiers, vous longerez dans la fra\u00eecheur du matin le canal\u2026<\/p>\n","category_list":"<a href=\"https:\/\/centcols.org\/backup\/categorie\/rassemblements\/rassemblements-2014\/\" rel=\"category tag\">Les rassemblements de 2014<\/a>, <a href=\"https:\/\/centcols.org\/backup\/categorie\/rassemblements\/\" rel=\"category tag\">Rencontres r\u00e9gionales<\/a>","author_info":{"display_name":"Webmestre","author_link":"https:\/\/centcols.org\/backup\/author\/webmestre\/"},"comments_num":"0 commentaire","featured_image_urls_v2":{"full":"","thumbnail":"","medium":"","medium_large":"","large":"","1536x1536":"","2048x2048":"","woocommerce_thumbnail":"","woocommerce_single":"","woocommerce_gallery_thumbnail":""},"post_excerpt_stackable_v2":"<p>Les photos Voir les photos de Gilles Gallois Pr\u00e9sentation de la Concentration r\u00e9gionale des cent cols de l\u2019est Au col de Geroldseck Saverne, ville fronti\u00e8re entre l\u2019Alsace et la Lorraine, au c\u0153ur des Vosges du Nord, vous donne rendez-vous \u00e0 9 heures du matin sur le parking situ\u00e9 derri\u00e8re le ch\u00e2teau des Rohan. En groupe ou seul, en v\u00e9lo route ou en VTT, un casse-cro\u00fbte dans le sac \u00e0 dos, vous irez \u00e0 la d\u00e9couverte d\u2019une splendide r\u00e9gion creus\u00e9e de vall\u00e9es profondes et couverte de for\u00eats, v\u00e9ritables cath\u00e9drales de verdure. Routiers, vous longerez dans la fra\u00eecheur du matin le canal\u2026<\/p>\n","category_list_v2":"<a href=\"https:\/\/centcols.org\/backup\/categorie\/rassemblements\/rassemblements-2014\/\" rel=\"category tag\">Les rassemblements de 2014<\/a>, <a href=\"https:\/\/centcols.org\/backup\/categorie\/rassemblements\/\" rel=\"category tag\">Rencontres r\u00e9gionales<\/a>","author_info_v2":{"name":"Webmestre","url":"https:\/\/centcols.org\/backup\/author\/webmestre\/"},"comments_num_v2":"0 commentaire","featured_image_src":null,"_links":{"self":[{"href":"https:\/\/centcols.org\/backup\/wp-json\/wp\/v2\/posts\/346"}],"collection":[{"href":"https:\/\/centcols.org\/backup\/wp-json\/wp\/v2\/posts"}],"about":[{"href":"https:\/\/centcols.org\/backup\/wp-json\/wp\/v2\/types\/post"}],"author":[{"embeddable":true,"href":"https:\/\/centcols.org\/backup\/wp-json\/wp\/v2\/users\/2001"}],"replies":[{"embeddable":true,"href":"https:\/\/centcols.org\/backup\/wp-json\/wp\/v2\/comments?post=346"}],"version-history":[{"count":0,"href":"https:\/\/centcols.org\/backup\/wp-json\/wp\/v2\/posts\/346\/revisions"}],"wp:attachment":[{"href":"https:\/\/centcols.org\/backup\/wp-json\/wp\/v2\/media?parent=346"}],"wp:term":[{"taxonomy":"category","embeddable":true,"href":"https:\/\/centcols.org\/backup\/wp-json\/wp\/v2\/categories?post=346"},{"taxonomy":"post_tag","embeddable":true,"href":"https:\/\/centcols.org\/backup\/wp-json\/wp\/v2\/tags?post=346"}],"curies":[{"name":"wp","href":"https:\/\/api.w.org\/{rel}","templated":true}]}}