{"id":34740,"date":"2018-12-16T06:00:40","date_gmt":"2018-12-16T05:00:40","guid":{"rendered":"http:\/\/centcols.org\/backup\/?p=34740"},"modified":"2019-05-30T22:41:54","modified_gmt":"2019-05-30T20:41:54","slug":"charmey-suisse-vtt-2019","status":"publish","type":"post","link":"https:\/\/centcols.org\/backup\/charmey-suisse-vtt-2019\/","title":{"rendered":"Charmey, Suisse, sortie VTT, 1er juin 2019"},"content":{"rendered":"<p>Remplace la sortie au d\u00e9part de Gstaad pr\u00e9vue \u00e0 cette date mais report\u00e9e \u00e0 2020 pour cause de neige sur les hauteurs.<\/p>\n<p>Rendez-vous au parking de la piscine \u00e0 9 h 30 pour le caf\u00e9, <strong>d\u00e9part \u00e0 10h00<\/strong>.<strong><br \/>\n<\/strong>28 km, 1200 m de d\u00e9nivel\u00e9, 7 cols: <a href=\"\/util\/geo\/visuGen.php?code=CH-FR-1630\">Col de la Berra<\/a>, <a href=\"\/util\/geo\/visuGen.php?code=CH-FR-1648\">col du Bi G\u00eete<\/a>, <a href=\"\/util\/geo\/visuGen.php?code=CH-FR-1376\">col de Pr\u00e9 Colard<\/a>, <a href=\"\/util\/geo\/visuGen.php?code=CH-FR-1334\">Creux Bourgeois<\/a>, <a href=\"\/util\/geo\/visuGen.php?code=CH-FR-1269\">col de la Bodevenaz<\/a>, <a href=\"\/util\/geo\/visuGen.php?code=CH-FR-0915\">col de Plioumont<\/a>, <a href=\"\/util\/geo\/visuGen.php?code=CH-FR-0969\">col de Montminard<\/a>.<\/p>\n<p><a href=\"https:\/\/centcols.org\/backup\/wp-content\/uploads\/2018\/12\/charmey.jpg\"><img loading=\"lazy\" decoding=\"async\" class=\"alignnone size-full wp-image-34741\" src=\"https:\/\/centcols.org\/backup\/wp-content\/uploads\/2018\/12\/charmey.jpg\" alt=\"\" width=\"623\" height=\"312\" srcset=\"https:\/\/centcols.org\/backup\/wp-content\/uploads\/2018\/12\/charmey.jpg 623w, https:\/\/centcols.org\/backup\/wp-content\/uploads\/2018\/12\/charmey-600x300.jpg 600w, https:\/\/centcols.org\/backup\/wp-content\/uploads\/2018\/12\/charmey-500x250.jpg 500w\" sizes=\"(max-width: 623px) 100vw, 623px\" \/><\/a><\/p>\n<h3>Contact<\/h3>\n<p>Pierre Mai<br \/>\nVy de Bi\u00e8re 8<br \/>\nCH-1144 Ballens<br \/>\nT\u00e9l : +41 21 807 34 17, mobile: +41 76 498 58 73<br \/>\n<a href=\"m&#97;i&#108;to&#58;&#112;&#109;&#97;&#105;&#64;&#98;l&#117;&#101;w&#105;&#110;&#46;ch\">p&#109;&#97;&#105;&#64;bl&#117;&#101;w&#105;n.&#99;h<\/a><\/p>\n","protected":false},"excerpt":{"rendered":"<p>Remplace la sortie au d\u00e9part de Gstaad pr\u00e9vue \u00e0 cette date mais report\u00e9e \u00e0 2020 pour cause de neige sur les hauteurs. Rendez-vous au parking de la piscine \u00e0 9 h 30 pour le caf\u00e9, d\u00e9part \u00e0 10h00. 28 km, 1200 m de d\u00e9nivel\u00e9, 7 cols: Col de la Berra, col du Bi G\u00eete, col [&hellip;]<\/p>\n","protected":false},"author":147,"featured_media":0,"comment_status":"closed","ping_status":"closed","sticky":false,"template":"","format":"standard","meta":{"_acf_changed":false,"ub_ctt_via":"","_monsterinsights_skip_tracking":false,"_monsterinsights_sitenote_active":false,"_monsterinsights_sitenote_note":"","_monsterinsights_sitenote_category":0,"footnotes":""},"categories":[261,7],"tags":[],"acf":[],"featured_image_urls":{"full":"","thumbnail":"","medium":"","medium_large":"","large":"","1536x1536":"","2048x2048":"","woocommerce_thumbnail":"","woocommerce_single":"","woocommerce_gallery_thumbnail":""},"post_excerpt_stackable":"<p>Remplace la sortie au d\u00e9part de Gstaad pr\u00e9vue \u00e0 cette date mais report\u00e9e \u00e0 2020 pour cause de neige sur les hauteurs. Rendez-vous au parking de la piscine \u00e0 9 h 30 pour le caf\u00e9, d\u00e9part \u00e0 10h00. 28 km, 1200 m de d\u00e9nivel\u00e9, 7 cols: Col de la Berra, col du Bi G\u00eete, col de Pr\u00e9 Colard, Creux Bourgeois, col de la Bodevenaz, col de Plioumont, col de Montminard. Contact Pierre Mai Vy de Bi\u00e8re 8 CH-1144 Ballens T\u00e9l : +41 21 807 34 17, mobile: +41 76 498 58 73 &#112;&#109;ai&#64;&#98;l&#117;e&#119;&#105;&#110;.ch<\/p>\n","category_list":"<a href=\"https:\/\/centcols.org\/backup\/categorie\/rassemblements\/rassemblements-2019\/\" rel=\"category tag\">Les rassemblements de 2019<\/a>, <a href=\"https:\/\/centcols.org\/backup\/categorie\/rassemblements\/\" rel=\"category tag\">Rencontres r\u00e9gionales<\/a>","author_info":{"display_name":"Guy Harl\u00e9","author_link":"https:\/\/centcols.org\/backup\/author\/5193\/"},"comments_num":"0 commentaire","featured_image_urls_v2":{"full":"","thumbnail":"","medium":"","medium_large":"","large":"","1536x1536":"","2048x2048":"","woocommerce_thumbnail":"","woocommerce_single":"","woocommerce_gallery_thumbnail":""},"post_excerpt_stackable_v2":"<p>Remplace la sortie au d\u00e9part de Gstaad pr\u00e9vue \u00e0 cette date mais report\u00e9e \u00e0 2020 pour cause de neige sur les hauteurs. Rendez-vous au parking de la piscine \u00e0 9 h 30 pour le caf\u00e9, d\u00e9part \u00e0 10h00. 28 km, 1200 m de d\u00e9nivel\u00e9, 7 cols: Col de la Berra, col du Bi G\u00eete, col de Pr\u00e9 Colard, Creux Bourgeois, col de la Bodevenaz, col de Plioumont, col de Montminard. Contact Pierre Mai Vy de Bi\u00e8re 8 CH-1144 Ballens T\u00e9l : +41 21 807 34 17, mobile: +41 76 498 58 73 &#112;&#109;ai&#64;&#98;l&#117;&#101;&#119;in&#46;&#99;h<\/p>\n","category_list_v2":"<a href=\"https:\/\/centcols.org\/backup\/categorie\/rassemblements\/rassemblements-2019\/\" rel=\"category tag\">Les rassemblements de 2019<\/a>, <a href=\"https:\/\/centcols.org\/backup\/categorie\/rassemblements\/\" rel=\"category tag\">Rencontres r\u00e9gionales<\/a>","author_info_v2":{"name":"Guy Harl\u00e9","url":"https:\/\/centcols.org\/backup\/author\/5193\/"},"comments_num_v2":"0 commentaire","featured_image_src":null,"_links":{"self":[{"href":"https:\/\/centcols.org\/backup\/wp-json\/wp\/v2\/posts\/34740"}],"collection":[{"href":"https:\/\/centcols.org\/backup\/wp-json\/wp\/v2\/posts"}],"about":[{"href":"https:\/\/centcols.org\/backup\/wp-json\/wp\/v2\/types\/post"}],"author":[{"embeddable":true,"href":"https:\/\/centcols.org\/backup\/wp-json\/wp\/v2\/users\/147"}],"replies":[{"embeddable":true,"href":"https:\/\/centcols.org\/backup\/wp-json\/wp\/v2\/comments?post=34740"}],"version-history":[{"count":0,"href":"https:\/\/centcols.org\/backup\/wp-json\/wp\/v2\/posts\/34740\/revisions"}],"wp:attachment":[{"href":"https:\/\/centcols.org\/backup\/wp-json\/wp\/v2\/media?parent=34740"}],"wp:term":[{"taxonomy":"category","embeddable":true,"href":"https:\/\/centcols.org\/backup\/wp-json\/wp\/v2\/categories?post=34740"},{"taxonomy":"post_tag","embeddable":true,"href":"https:\/\/centcols.org\/backup\/wp-json\/wp\/v2\/tags?post=34740"}],"curies":[{"name":"wp","href":"https:\/\/api.w.org\/{rel}","templated":true}]}}