{"id":34750,"date":"2018-12-16T09:00:10","date_gmt":"2018-12-16T08:00:10","guid":{"rendered":"http:\/\/centcols.org\/backup\/?p=34750"},"modified":"2019-06-11T09:11:30","modified_gmt":"2019-06-11T07:11:30","slug":"rassemblement-alpes-nord-suisse-2019","status":"publish","type":"post","link":"https:\/\/centcols.org\/backup\/rassemblement-alpes-nord-suisse-2019\/","title":{"rendered":"Alpes du Nord-Suisse, Col de la Faucille le 29 juin 2019"},"content":{"rendered":"<p><a href=\"https:\/\/centcols.org\/backup\/it\/rassemblement-alpes-nord-2019-2\/\">versione in italiano<\/a><\/p>\n<p>Samedi 29 juin 2019, Alpes du Nord &#8211; Suisse,\u00a0<a href=\"https:\/\/centcols.org\/backup\/util\/geo\/visuGen.php?code=FR-01-1320\" target=\"_blank\" rel=\"noopener\">Col de de la Faucille<\/a>, FR-01-1320<\/p>\n<div id=\"lmm_f14cd71c\" style=\"width:100%;\" class=\"mapsmarker markermap marker-8\">\n<div id=\"lmm_panel_f14cd71c\" class=\"lmm-panel\" style=\"background:#efefef;\">\n<div id=\"lmm_panel_api_f14cd71c\" class=\"lmm-panel-api\"><a href=\"https:\/\/maps.google.com\/maps?daddr=Col+de+la+Faucille&amp;t=m&amp;layer=1&amp;doflg=ptk&amp;om=0\" target=\"_blank\" title=\"Obtenir l&#039;itin\u00e9raire\"><img loading=\"lazy\" decoding=\"async\" alt=\"icon-car.png\" src=\"https:\/\/centcols.org\/backup\/wp-content\/plugins\/leaflet-maps-marker\/inc\/img\/icon-car.png\" width=\"14\" height=\"14\" class=\"lmm-panel-api-images\" \/><\/a><\/div><div id=\"lmm_panel_text_f14cd71c\" class=\"lmm-panel-text\" style=\"font-weight:bold;color:#373737;\">Col de la Faucille<\/div><\/div>\n<div id=\"lmm_map_f14cd71c\" class=\"lmm-map\" style=\"background:#f6f6f6;border:1px solid #ccc;height:480px; overflow:hidden;padding:0;\"><p style=\"font-size:80%;color:#9f9e9e;margin-left:5px;\">chargement de la carte - veuillez patienter...<noscript><br\/><strong>La carte ne peut \u00eatre charg\u00e9e - s'il vous pla\u00eet activer Javascript !<\/strong><br\/><a style=\"text-decoration:none;\" href=\"https:\/\/www.mapsmarker.com\/js-disabled\" target=\"_blank\">&rarr; plus dginformations<\/a><\/noscript><\/p><\/div>\n<div id=\"lmm_geo_tags_f14cd71c\" class=\"lmm-geo-tags geo\">\n<span class=\"paneltext\">Col de la Faucille<\/span>\n<span class=\"latitude\">46.368764<\/span>, <span class=\"longitude\">6.020229<\/span>\n<span class=\"popuptext\"><\/span>\n<\/div>\n<\/div>\n<h3>Route<\/h3>\n<p>Rendez-vous\u00a0: Gex (01),\u00a0parking Perdtemps (pr\u00e8s du cimeti\u00e8re) \u00e0 partir de 8h30, <strong>d\u00e9part vers 9h00<\/strong><\/p>\n<p><a href=\"https:\/\/centcols.org\/backup\/wp-content\/uploads\/2018\/12\/gex.jpg\"><img loading=\"lazy\" decoding=\"async\" class=\"alignnone size-full wp-image-34751\" src=\"https:\/\/centcols.org\/backup\/wp-content\/uploads\/2018\/12\/gex.jpg\" alt=\"\" width=\"604\" height=\"425\" srcset=\"https:\/\/centcols.org\/backup\/wp-content\/uploads\/2018\/12\/gex.jpg 604w, https:\/\/centcols.org\/backup\/wp-content\/uploads\/2018\/12\/gex-600x422.jpg 600w, https:\/\/centcols.org\/backup\/wp-content\/uploads\/2018\/12\/gex-500x352.jpg 500w\" sizes=\"(max-width: 604px) 100vw, 604px\" \/><\/a><\/p>\n<h3>VTT<\/h3>\n<p>Rendez-vous\u00a0: parking du col de la Faucille \u00e0 partir de 8h30<\/p>\n<p><a href=\"https:\/\/centcols.org\/backup\/wp-content\/uploads\/2018\/12\/faucille.jpg\"><img loading=\"lazy\" decoding=\"async\" class=\"alignnone size-full wp-image-34746\" src=\"https:\/\/centcols.org\/backup\/wp-content\/uploads\/2018\/12\/faucille.jpg\" alt=\"\" width=\"743\" height=\"319\" srcset=\"https:\/\/centcols.org\/backup\/wp-content\/uploads\/2018\/12\/faucille.jpg 743w, https:\/\/centcols.org\/backup\/wp-content\/uploads\/2018\/12\/faucille-600x258.jpg 600w, https:\/\/centcols.org\/backup\/wp-content\/uploads\/2018\/12\/faucille-500x215.jpg 500w\" sizes=\"(max-width: 743px) 100vw, 743px\" \/><\/a><\/p>\n<h3>Circuits<\/h3>\n<h4>Route<\/h4>\n<p>D\u00e9part du parking Perdtemps\u00a0 N46\u00b020&#8217;13.6&#8221; E6\u00b003&#8217;35.6&#8221;<br \/>\nFichier gpx (\u00e0 d\u00e9compresser)\u00a0 :\u00a0\u00a0<a href=\"https:\/\/centcols.org\/backup\/wp-content\/uploads\/2018\/12\/Faucille-Route.zip\">Faucille-Route<\/a><\/p>\n<h4>VTT, 2 boucles propos\u00e9es<\/h4>\n<p>&#8211; Boucle Crozet (24 km, d\u00e9nivel\u00e9 600 m env.) : Permet d&#8217;atteindre le <a href=\"https:\/\/centcols.org\/backup\/util\/geo\/visuGen.php?code=FR-01-1450\" target=\"_blank\" rel=\"noopener\">Col de Crozet<\/a>, FR-01-1450, retour par le <a href=\"https:\/\/centcols.org\/backup\/util\/geo\/visuGen.php?code=FR-01-1580\" target=\"_blank\" rel=\"noopener\">Pas de l&#8217;Echine<\/a>, FR-01-1580, le plus haut col de l&#8217;Ain.<br \/>\nDepuis le col de Crozet, vue magnifique sur le\u00a0 massif du Mont Blanc et le bassin l\u00e9manique.<br \/>\nFichier gpx Crozet (\u00e0 d\u00e9compresser) :\u00a0<a href=\"https:\/\/centcols.org\/backup\/wp-content\/uploads\/2018\/12\/Boucle-Crozet.zip\">Boucle-Crozet<\/a><\/p>\n<p>&#8211; Boucle Givrine (36 km, d\u00e9nivel\u00e9 550 m env.) : Passage par le <a href=\"https:\/\/centcols.org\/backup\/util\/geo\/visuGen.php?code=FR-01-1390a\" target=\"_blank\" rel=\"noopener\">Col de Combe Blanche<\/a>, FR-01-1390a avant d&#8217;atteindre le <a href=\"https:\/\/centcols.org\/backup\/util\/geo\/visuGen.php?code=CH-VD-1228\" target=\"_blank\" rel=\"noopener\">Col de la Givrine<\/a>, CH-VD-1228<br \/>\nSur ce circuit, apr\u00e8s le col de Combe Blanche, apr\u00e8s \u00eatre pass\u00e9 en territoire suisse, faire le petit aller-retour \u00e0 droite :<br \/>\n* Par beau temps, point de vue sur toute la cha\u00eene du Mont Blanc<br \/>\n* Par temps couvert, point de vue tout de m\u00eame!<br \/>\nFichier gpx Givrine :\u00a0<a href=\"https:\/\/centcols.org\/backup\/wp-content\/uploads\/2018\/12\/Boucle-Givrine.zip\">Boucle-Givrine<\/a><br \/>\nNota : Le Col du Gol\u00e9ron, FR-01-1350, situ\u00e9 \u00e0 proximit\u00e9 du circuit, ne vous est pas propos\u00e9. Motif : Il se trouve ne zone de qui\u00e9tude dont l&#8217;acc\u00e8s est formellement interdit jusqu&#8217;au 30 juin.<\/p>\n<h3>Contact<\/h3>\n<p>Guy Harl\u00e9<br \/>\n+33 4 50 60 67 27 &#8211; +33 6 77 11 17 03<br \/>\n<a href=\"&#109;&#97;&#105;lto&#58;g&#117;&#121;.&#104;&#97;r&#108;e&#64;g&#109;&#97;&#105;l&#46;&#99;om\">g&#117;&#121;.h&#97;&#114;l&#101;&#64;g&#109;ai&#108;.c&#111;&#109;<\/a><\/p>\n","protected":false},"excerpt":{"rendered":"<p>versione in italiano Samedi 29 juin 2019, Alpes du Nord &#8211; Suisse,\u00a0Col de de la Faucille, FR-01-1320 Route Rendez-vous\u00a0: Gex (01),\u00a0parking Perdtemps (pr\u00e8s du cimeti\u00e8re) \u00e0 partir de 8h30, d\u00e9part vers 9h00 VTT Rendez-vous\u00a0: parking du col de la Faucille \u00e0 partir de 8h30 Circuits Route D\u00e9part du parking Perdtemps\u00a0 N46\u00b020&#8217;13.6&#8221; E6\u00b003&#8217;35.6&#8221; Fichier gpx (\u00e0 [&hellip;]<\/p>\n","protected":false},"author":147,"featured_media":0,"comment_status":"closed","ping_status":"closed","sticky":false,"template":"","format":"standard","meta":{"_acf_changed":false,"ub_ctt_via":"","_monsterinsights_skip_tracking":false,"_monsterinsights_sitenote_active":false,"_monsterinsights_sitenote_note":"","_monsterinsights_sitenote_category":0,"footnotes":""},"categories":[261,7],"tags":[],"acf":[],"featured_image_urls":{"full":"","thumbnail":"","medium":"","medium_large":"","large":"","1536x1536":"","2048x2048":"","woocommerce_thumbnail":"","woocommerce_single":"","woocommerce_gallery_thumbnail":""},"post_excerpt_stackable":"<p>versione in italiano Samedi 29 juin 2019, Alpes du Nord &#8211; Suisse,\u00a0Col de de la Faucille, FR-01-1320 Col de la Faucille chargement de la carte &#8211; veuillez patienter&#8230;La carte ne peut \u00eatre charg\u00e9e &#8211; s&#8217;il vous pla\u00eet activer Javascript !&rarr; plus dginformations Col de la Faucille 46.368764, 6.020229 Route Rendez-vous\u00a0: Gex (01),\u00a0parking Perdtemps (pr\u00e8s du cimeti\u00e8re) \u00e0 partir de 8h30, d\u00e9part vers 9h00 VTT Rendez-vous\u00a0: parking du col de la Faucille \u00e0 partir de 8h30 Circuits Route D\u00e9part du parking Perdtemps\u00a0 N46\u00b020&#8217;13.6&#8221; E6\u00b003&#8217;35.6&#8221; Fichier gpx (\u00e0 d\u00e9compresser)\u00a0 :\u00a0\u00a0Faucille-Route VTT, 2 boucles propos\u00e9es &#8211; Boucle Crozet (24 km, d\u00e9nivel\u00e9 600 m\u2026<\/p>\n","category_list":"<a href=\"https:\/\/centcols.org\/backup\/categorie\/rassemblements\/rassemblements-2019\/\" rel=\"category tag\">Les rassemblements de 2019<\/a>, <a href=\"https:\/\/centcols.org\/backup\/categorie\/rassemblements\/\" rel=\"category tag\">Rencontres r\u00e9gionales<\/a>","author_info":{"display_name":"Guy Harl\u00e9","author_link":"https:\/\/centcols.org\/backup\/author\/5193\/"},"comments_num":"0 commentaire","featured_image_urls_v2":{"full":"","thumbnail":"","medium":"","medium_large":"","large":"","1536x1536":"","2048x2048":"","woocommerce_thumbnail":"","woocommerce_single":"","woocommerce_gallery_thumbnail":""},"post_excerpt_stackable_v2":"<p>versione in italiano Samedi 29 juin 2019, Alpes du Nord &#8211; Suisse,\u00a0Col de de la Faucille, FR-01-1320 Col de la Faucille chargement de la carte &#8211; veuillez patienter&#8230;La carte ne peut \u00eatre charg\u00e9e &#8211; s&#8217;il vous pla\u00eet activer Javascript !&rarr; plus dginformations Col de la Faucille 46.368764, 6.020229 Route Rendez-vous\u00a0: Gex (01),\u00a0parking Perdtemps (pr\u00e8s du cimeti\u00e8re) \u00e0 partir de 8h30, d\u00e9part vers 9h00 VTT Rendez-vous\u00a0: parking du col de la Faucille \u00e0 partir de 8h30 Circuits Route D\u00e9part du parking Perdtemps\u00a0 N46\u00b020&#8217;13.6&#8221; E6\u00b003&#8217;35.6&#8221; Fichier gpx (\u00e0 d\u00e9compresser)\u00a0 :\u00a0\u00a0Faucille-Route VTT, 2 boucles propos\u00e9es &#8211; Boucle Crozet (24 km, d\u00e9nivel\u00e9 600 m\u2026<\/p>\n","category_list_v2":"<a href=\"https:\/\/centcols.org\/backup\/categorie\/rassemblements\/rassemblements-2019\/\" rel=\"category tag\">Les rassemblements de 2019<\/a>, <a href=\"https:\/\/centcols.org\/backup\/categorie\/rassemblements\/\" rel=\"category tag\">Rencontres r\u00e9gionales<\/a>","author_info_v2":{"name":"Guy Harl\u00e9","url":"https:\/\/centcols.org\/backup\/author\/5193\/"},"comments_num_v2":"0 commentaire","featured_image_src":null,"_links":{"self":[{"href":"https:\/\/centcols.org\/backup\/wp-json\/wp\/v2\/posts\/34750"}],"collection":[{"href":"https:\/\/centcols.org\/backup\/wp-json\/wp\/v2\/posts"}],"about":[{"href":"https:\/\/centcols.org\/backup\/wp-json\/wp\/v2\/types\/post"}],"author":[{"embeddable":true,"href":"https:\/\/centcols.org\/backup\/wp-json\/wp\/v2\/users\/147"}],"replies":[{"embeddable":true,"href":"https:\/\/centcols.org\/backup\/wp-json\/wp\/v2\/comments?post=34750"}],"version-history":[{"count":0,"href":"https:\/\/centcols.org\/backup\/wp-json\/wp\/v2\/posts\/34750\/revisions"}],"wp:attachment":[{"href":"https:\/\/centcols.org\/backup\/wp-json\/wp\/v2\/media?parent=34750"}],"wp:term":[{"taxonomy":"category","embeddable":true,"href":"https:\/\/centcols.org\/backup\/wp-json\/wp\/v2\/categories?post=34750"},{"taxonomy":"post_tag","embeddable":true,"href":"https:\/\/centcols.org\/backup\/wp-json\/wp\/v2\/tags?post=34750"}],"curies":[{"name":"wp","href":"https:\/\/api.w.org\/{rel}","templated":true}]}}