{"id":34753,"date":"2018-12-16T17:41:14","date_gmt":"2018-12-16T16:41:14","guid":{"rendered":"http:\/\/centcols.org\/backup\/?p=34753"},"modified":"2019-01-22T12:22:31","modified_gmt":"2019-01-22T11:22:31","slug":"champery-vtt-13-juillet-2019","status":"publish","type":"post","link":"https:\/\/centcols.org\/backup\/champery-vtt-13-juillet-2019\/","title":{"rendered":"Champ\u00e9ry, Suisse, sortie VTT, 13 juillet 2019"},"content":{"rendered":"<p>Samedi 13 juillet 2019, Champ\u00e9ry, Suisse<\/p>\n<p>Rendez-vous parking du t\u00e9l\u00e9ph\u00e9rique de la Croix de Culet \u00e0 8h30 pour le caf\u00e9, <strong>d\u00e9part \u00e0 9h00<br \/>\n<\/strong>24 km, 950 m de d\u00e9nivel\u00e9. 2 cols, Seuil du Sex Blanc CH-VS-1621, Col de l\u2019Encrena \u00a0CH-VS-1816. En option col de Cou CH-VS-1921, col de Bretolet CH-VS-1923, 120 m de d\u00e9nivel\u00e9 suppl\u00e9mentaire.<\/p>\n<p><a href=\"https:\/\/centcols.org\/backup\/wp-content\/uploads\/2018\/12\/champery.jpg\"><img loading=\"lazy\" decoding=\"async\" class=\"alignnone size-full wp-image-34754\" src=\"https:\/\/centcols.org\/backup\/wp-content\/uploads\/2018\/12\/champery.jpg\" alt=\"\" width=\"741\" height=\"423\" srcset=\"https:\/\/centcols.org\/backup\/wp-content\/uploads\/2018\/12\/champery.jpg 741w, https:\/\/centcols.org\/backup\/wp-content\/uploads\/2018\/12\/champery-600x343.jpg 600w, https:\/\/centcols.org\/backup\/wp-content\/uploads\/2018\/12\/champery-500x285.jpg 500w\" sizes=\"(max-width: 741px) 100vw, 741px\" \/><\/a><\/p>\n<p>&nbsp;<\/p>\n<h3>Contact<\/h3>\n<p>Christian Binggeli<br \/>\nchemin du Jura 1<br \/>\nCH-1135 Denens<br \/>\nT\u00e9l :\u00a0(0041) 021 801 01 75\u00a0 Natel\u00a0: 0041 078 723 11 33<br \/>\nc&amp;tbinggeli@bluewin.ch<\/p>\n<p>&nbsp;<\/p>\n","protected":false},"excerpt":{"rendered":"<p>Samedi 13 juillet 2019, Champ\u00e9ry, Suisse Rendez-vous parking du t\u00e9l\u00e9ph\u00e9rique de la Croix de Culet \u00e0 8h30 pour le caf\u00e9, d\u00e9part \u00e0 9h00 24 km, 950 m de d\u00e9nivel\u00e9. 2 cols, Seuil du Sex Blanc CH-VS-1621, Col de l\u2019Encrena \u00a0CH-VS-1816. En option col de Cou CH-VS-1921, col de Bretolet CH-VS-1923, 120 m de d\u00e9nivel\u00e9 suppl\u00e9mentaire. [&hellip;]<\/p>\n","protected":false},"author":147,"featured_media":0,"comment_status":"closed","ping_status":"closed","sticky":false,"template":"","format":"standard","meta":{"_acf_changed":false,"ub_ctt_via":"","_monsterinsights_skip_tracking":false,"_monsterinsights_sitenote_active":false,"_monsterinsights_sitenote_note":"","_monsterinsights_sitenote_category":0,"footnotes":""},"categories":[261,7],"tags":[],"acf":[],"featured_image_urls":{"full":"","thumbnail":"","medium":"","medium_large":"","large":"","1536x1536":"","2048x2048":"","woocommerce_thumbnail":"","woocommerce_single":"","woocommerce_gallery_thumbnail":""},"post_excerpt_stackable":"<p>Samedi 13 juillet 2019, Champ\u00e9ry, Suisse Rendez-vous parking du t\u00e9l\u00e9ph\u00e9rique de la Croix de Culet \u00e0 8h30 pour le caf\u00e9, d\u00e9part \u00e0 9h00 24 km, 950 m de d\u00e9nivel\u00e9. 2 cols, Seuil du Sex Blanc CH-VS-1621, Col de l\u2019Encrena \u00a0CH-VS-1816. En option col de Cou CH-VS-1921, col de Bretolet CH-VS-1923, 120 m de d\u00e9nivel\u00e9 suppl\u00e9mentaire. &nbsp; Contact Christian Binggeli chemin du Jura 1 CH-1135 Denens T\u00e9l :\u00a0(0041) 021 801 01 75\u00a0 Natel\u00a0: 0041 078 723 11 33 c&amp;tbinggeli@bluewin.ch &nbsp;<\/p>\n","category_list":"<a href=\"https:\/\/centcols.org\/backup\/categorie\/rassemblements\/rassemblements-2019\/\" rel=\"category tag\">Les rassemblements de 2019<\/a>, <a href=\"https:\/\/centcols.org\/backup\/categorie\/rassemblements\/\" rel=\"category tag\">Rencontres r\u00e9gionales<\/a>","author_info":{"display_name":"Guy Harl\u00e9","author_link":"https:\/\/centcols.org\/backup\/author\/5193\/"},"comments_num":"0 commentaire","featured_image_urls_v2":{"full":"","thumbnail":"","medium":"","medium_large":"","large":"","1536x1536":"","2048x2048":"","woocommerce_thumbnail":"","woocommerce_single":"","woocommerce_gallery_thumbnail":""},"post_excerpt_stackable_v2":"<p>Samedi 13 juillet 2019, Champ\u00e9ry, Suisse Rendez-vous parking du t\u00e9l\u00e9ph\u00e9rique de la Croix de Culet \u00e0 8h30 pour le caf\u00e9, d\u00e9part \u00e0 9h00 24 km, 950 m de d\u00e9nivel\u00e9. 2 cols, Seuil du Sex Blanc CH-VS-1621, Col de l\u2019Encrena \u00a0CH-VS-1816. En option col de Cou CH-VS-1921, col de Bretolet CH-VS-1923, 120 m de d\u00e9nivel\u00e9 suppl\u00e9mentaire. &nbsp; Contact Christian Binggeli chemin du Jura 1 CH-1135 Denens T\u00e9l :\u00a0(0041) 021 801 01 75\u00a0 Natel\u00a0: 0041 078 723 11 33 c&amp;tbinggeli@bluewin.ch &nbsp;<\/p>\n","category_list_v2":"<a href=\"https:\/\/centcols.org\/backup\/categorie\/rassemblements\/rassemblements-2019\/\" rel=\"category tag\">Les rassemblements de 2019<\/a>, <a href=\"https:\/\/centcols.org\/backup\/categorie\/rassemblements\/\" rel=\"category tag\">Rencontres r\u00e9gionales<\/a>","author_info_v2":{"name":"Guy Harl\u00e9","url":"https:\/\/centcols.org\/backup\/author\/5193\/"},"comments_num_v2":"0 commentaire","featured_image_src":null,"_links":{"self":[{"href":"https:\/\/centcols.org\/backup\/wp-json\/wp\/v2\/posts\/34753"}],"collection":[{"href":"https:\/\/centcols.org\/backup\/wp-json\/wp\/v2\/posts"}],"about":[{"href":"https:\/\/centcols.org\/backup\/wp-json\/wp\/v2\/types\/post"}],"author":[{"embeddable":true,"href":"https:\/\/centcols.org\/backup\/wp-json\/wp\/v2\/users\/147"}],"replies":[{"embeddable":true,"href":"https:\/\/centcols.org\/backup\/wp-json\/wp\/v2\/comments?post=34753"}],"version-history":[{"count":0,"href":"https:\/\/centcols.org\/backup\/wp-json\/wp\/v2\/posts\/34753\/revisions"}],"wp:attachment":[{"href":"https:\/\/centcols.org\/backup\/wp-json\/wp\/v2\/media?parent=34753"}],"wp:term":[{"taxonomy":"category","embeddable":true,"href":"https:\/\/centcols.org\/backup\/wp-json\/wp\/v2\/categories?post=34753"},{"taxonomy":"post_tag","embeddable":true,"href":"https:\/\/centcols.org\/backup\/wp-json\/wp\/v2\/tags?post=34753"}],"curies":[{"name":"wp","href":"https:\/\/api.w.org\/{rel}","templated":true}]}}