{"id":34760,"date":"2018-12-16T18:01:01","date_gmt":"2018-12-16T17:01:01","guid":{"rendered":"http:\/\/centcols.org\/backup\/?p=34760"},"modified":"2018-12-16T18:01:01","modified_gmt":"2018-12-16T17:01:01","slug":"crans-suisse-2000-2019","status":"publish","type":"post","link":"https:\/\/centcols.org\/backup\/crans-suisse-2000-2019\/","title":{"rendered":"Crans-sur-Sierre, Suisse, sortie + 2000, 10 ao\u00fbt 2019"},"content":{"rendered":"<p>Samedi 10 ao\u00fbt 2019, Crans-sur-Sierre, Suisse<\/p>\n<p>Rendez-vous au parking du t\u00e9l\u00e9ph\u00e9rique de Cry d\u2019Er \u00e0 8h30 pour le caf\u00e9, <strong>d\u00e9part \u00e0 9h00<br \/>\n<\/strong>21 km, 850 m de d\u00e9nivel\u00e9. 2 cols, Pas de l\u2019Ours CH-VS-1520, Col P\u00e9pinet CH-VS-2278.<\/p>\n<p><a href=\"https:\/\/centcols.org\/backup\/wp-content\/uploads\/2018\/12\/crans.jpg\"><img loading=\"lazy\" decoding=\"async\" class=\"alignnone size-full wp-image-34761\" src=\"https:\/\/centcols.org\/backup\/wp-content\/uploads\/2018\/12\/crans.jpg\" alt=\"\" width=\"745\" height=\"368\" srcset=\"https:\/\/centcols.org\/backup\/wp-content\/uploads\/2018\/12\/crans.jpg 745w, https:\/\/centcols.org\/backup\/wp-content\/uploads\/2018\/12\/crans-600x296.jpg 600w, https:\/\/centcols.org\/backup\/wp-content\/uploads\/2018\/12\/crans-500x247.jpg 500w\" sizes=\"(max-width: 745px) 100vw, 745px\" \/><\/a><\/p>\n<h3>Contact<\/h3>\n<p>Pierre Mai<br \/>\nVy de Bi\u00e8re 8<br \/>\nCH-1144 Ballens<br \/>\nT\u00e9l :\u00a0(0041) 021 807 34 17\u00a0\u00a0Natel\u00a0: 0041 76 498 58 73<br \/>\n<a href=\"m&#97;i&#108;to:p&#109;&#97;&#105;&#64;&#98;lue&#119;&#105;n&#46;&#99;h\">&#112;&#109;ai&#64;b&#108;u&#101;w&#105;&#110;.&#99;&#104;<\/a><\/p>\n","protected":false},"excerpt":{"rendered":"<p>Samedi 10 ao\u00fbt 2019, Crans-sur-Sierre, Suisse Rendez-vous au parking du t\u00e9l\u00e9ph\u00e9rique de Cry d\u2019Er \u00e0 8h30 pour le caf\u00e9, d\u00e9part \u00e0 9h00 21 km, 850 m de d\u00e9nivel\u00e9. 2 cols, Pas de l\u2019Ours CH-VS-1520, Col P\u00e9pinet CH-VS-2278. Contact Pierre Mai Vy de Bi\u00e8re 8 CH-1144 Ballens T\u00e9l :\u00a0(0041) 021 807 34 17\u00a0\u00a0Natel\u00a0: 0041 76 498 [&hellip;]<\/p>\n","protected":false},"author":147,"featured_media":0,"comment_status":"closed","ping_status":"closed","sticky":false,"template":"","format":"standard","meta":{"_acf_changed":false,"ub_ctt_via":"","_monsterinsights_skip_tracking":false,"_monsterinsights_sitenote_active":false,"_monsterinsights_sitenote_note":"","_monsterinsights_sitenote_category":0,"footnotes":""},"categories":[261,7],"tags":[],"acf":[],"featured_image_urls":{"full":"","thumbnail":"","medium":"","medium_large":"","large":"","1536x1536":"","2048x2048":"","woocommerce_thumbnail":"","woocommerce_single":"","woocommerce_gallery_thumbnail":""},"post_excerpt_stackable":"<p>Samedi 10 ao\u00fbt 2019, Crans-sur-Sierre, Suisse Rendez-vous au parking du t\u00e9l\u00e9ph\u00e9rique de Cry d\u2019Er \u00e0 8h30 pour le caf\u00e9, d\u00e9part \u00e0 9h00 21 km, 850 m de d\u00e9nivel\u00e9. 2 cols, Pas de l\u2019Ours CH-VS-1520, Col P\u00e9pinet CH-VS-2278. Contact Pierre Mai Vy de Bi\u00e8re 8 CH-1144 Ballens T\u00e9l :\u00a0(0041) 021 807 34 17\u00a0\u00a0Natel\u00a0: 0041 76 498 58 73 pm&#97;&#105;&#64;bl&#117;ewin&#46;c&#104;<\/p>\n","category_list":"<a href=\"https:\/\/centcols.org\/backup\/categorie\/rassemblements\/rassemblements-2019\/\" rel=\"category tag\">Les rassemblements de 2019<\/a>, <a href=\"https:\/\/centcols.org\/backup\/categorie\/rassemblements\/\" rel=\"category tag\">Rencontres r\u00e9gionales<\/a>","author_info":{"display_name":"Guy Harl\u00e9","author_link":"https:\/\/centcols.org\/backup\/author\/5193\/"},"comments_num":"0 commentaire","featured_image_urls_v2":{"full":"","thumbnail":"","medium":"","medium_large":"","large":"","1536x1536":"","2048x2048":"","woocommerce_thumbnail":"","woocommerce_single":"","woocommerce_gallery_thumbnail":""},"post_excerpt_stackable_v2":"<p>Samedi 10 ao\u00fbt 2019, Crans-sur-Sierre, Suisse Rendez-vous au parking du t\u00e9l\u00e9ph\u00e9rique de Cry d\u2019Er \u00e0 8h30 pour le caf\u00e9, d\u00e9part \u00e0 9h00 21 km, 850 m de d\u00e9nivel\u00e9. 2 cols, Pas de l\u2019Ours CH-VS-1520, Col P\u00e9pinet CH-VS-2278. Contact Pierre Mai Vy de Bi\u00e8re 8 CH-1144 Ballens T\u00e9l :\u00a0(0041) 021 807 34 17\u00a0\u00a0Natel\u00a0: 0041 76 498 58 73 &#112;&#109;a&#105;&#64;&#98;&#108;ue&#119;in&#46;&#99;&#104;<\/p>\n","category_list_v2":"<a href=\"https:\/\/centcols.org\/backup\/categorie\/rassemblements\/rassemblements-2019\/\" rel=\"category tag\">Les rassemblements de 2019<\/a>, <a href=\"https:\/\/centcols.org\/backup\/categorie\/rassemblements\/\" rel=\"category tag\">Rencontres r\u00e9gionales<\/a>","author_info_v2":{"name":"Guy Harl\u00e9","url":"https:\/\/centcols.org\/backup\/author\/5193\/"},"comments_num_v2":"0 commentaire","featured_image_src":null,"_links":{"self":[{"href":"https:\/\/centcols.org\/backup\/wp-json\/wp\/v2\/posts\/34760"}],"collection":[{"href":"https:\/\/centcols.org\/backup\/wp-json\/wp\/v2\/posts"}],"about":[{"href":"https:\/\/centcols.org\/backup\/wp-json\/wp\/v2\/types\/post"}],"author":[{"embeddable":true,"href":"https:\/\/centcols.org\/backup\/wp-json\/wp\/v2\/users\/147"}],"replies":[{"embeddable":true,"href":"https:\/\/centcols.org\/backup\/wp-json\/wp\/v2\/comments?post=34760"}],"version-history":[{"count":0,"href":"https:\/\/centcols.org\/backup\/wp-json\/wp\/v2\/posts\/34760\/revisions"}],"wp:attachment":[{"href":"https:\/\/centcols.org\/backup\/wp-json\/wp\/v2\/media?parent=34760"}],"wp:term":[{"taxonomy":"category","embeddable":true,"href":"https:\/\/centcols.org\/backup\/wp-json\/wp\/v2\/categories?post=34760"},{"taxonomy":"post_tag","embeddable":true,"href":"https:\/\/centcols.org\/backup\/wp-json\/wp\/v2\/tags?post=34760"}],"curies":[{"name":"wp","href":"https:\/\/api.w.org\/{rel}","templated":true}]}}