{"id":34815,"date":"2018-12-16T08:30:02","date_gmt":"2018-12-16T07:30:02","guid":{"rendered":"http:\/\/centcols.org\/backup\/?p=34815"},"modified":"2023-05-21T10:32:10","modified_gmt":"2023-05-21T08:32:10","slug":"raduno-2019","status":"publish","type":"post","link":"https:\/\/centcols.org\/backup\/raduno-2019\/","title":{"rendered":"Raduno italiano Campo Ligure (GE) 8-9 juin 2019"},"content":{"rendered":"<p><img loading=\"lazy\" decoding=\"async\" class=\"alignnone size-medium wp-image-35733\" src=\"https:\/\/centcols.org\/backup\/wp-content\/uploads\/2019\/05\/campo-ligure_GE-500x331.jpg\" alt=\"\" width=\"500\" height=\"331\" srcset=\"https:\/\/centcols.org\/backup\/wp-content\/uploads\/2019\/05\/campo-ligure_GE-500x331.jpg 500w, https:\/\/centcols.org\/backup\/wp-content\/uploads\/2019\/05\/campo-ligure_GE-600x397.jpg 600w, https:\/\/centcols.org\/backup\/wp-content\/uploads\/2019\/05\/campo-ligure_GE-768x508.jpg 768w, https:\/\/centcols.org\/backup\/wp-content\/uploads\/2019\/05\/campo-ligure_GE.jpg 1000w\" sizes=\"(max-width: 500px) 100vw, 500px\" \/><\/p>\n<div class=\"col-4-4 cf\">\n<h3>Les parcours routiers<\/h3>\n<p>Voir les <a href=\"\/membres\/cctours\/tours.php?lieu=Campo&amp;an=2019\">fichiers de g\u00e9olocalisation<\/a>.<\/p>\n<h4>R1, samedi 8 juin<\/h4>\n<p>D\u00e9part 10:00 de Campo Ligure, 78 km,\u00a0 2200 m de d\u00e9nivel\u00e9, 6 cols (il y a la possibilit\u00e9 de partir de Capanne di Marcarolo pour limiter la distance, 58 km, et la d\u00e9nivellation, 1650 m).<\/p>\n<h5>Cols<\/h5>\n<p>IT-AL-0553 Colle degli Eremiti<br \/>\nIT-AL-0778 Passo della Bocchetta<br \/>\nIT-GE-0875 Giovo di Paravinico (A\/R 0,8 km sur R1)<br \/>\nIT-GE-0823a Giogo del Perdono<br \/>\nIT-GE-0900\u00a0 Passo di Praglia<br \/>\nIT-GE-0860 Colla del Canile (A\/R 0,8 km SC-R1)<\/p>\n<h4>R2, dimanche 9 juin 2019<\/h4>\n<p>D\u00e9part 08:30 de Campo Ligure \u2013 73 km \u2013 1500 m de d\u00e9nivel\u00e9 \u2013 14 cols.<\/p>\n<h5>Cols<\/h5>\n<p>IT-GE-0532 Passo del Turchino (tunnel)<br \/>\nIT-GE-0620a Giovo di Masina<br \/>\nIT-GE-0647a Giovo di Masone<br \/>\nIT-GE-0557 Colla Ribattaiola (A\/R 1,9 km)<br \/>\nIT-GE-0894 Sella del Barn\u00e9<br \/>\nIT-GE-0931 Passo della Cerusa<br \/>\nIT-GE-1061 Passo del Faiallo<br \/>\nIT-SV-0929 Colla Cianetti (A\/R 1,5 km)<br \/>\nIT-SV-0634 Passo di Pian Malone<br \/>\nIT-GE-0552 Colla Minetti<br \/>\nIT-GE-0613 Valico la Crocetta<br \/>\nIT-GE-0701 Colla (A\/R 2,1 km)<br \/>\nIT-GE-0562 Colla der Garune<br \/>\nIT-AL-0544 Colle Batura<\/p>\n<h3>VTT<\/h3>\n<h4>V1, samedi 8 juin<\/h4>\n<p>D\u00e9part 10:00, V1a de Campo Ligure 54 km, 1850 m de d\u00e9nivel\u00e9, 18 cols. Circuit r\u00e9duit: V1b, 41 km, 1100 m de d\u00e9nivel\u00e9,\u00a0 8 cols. Le parcours est guid\u00e9 par Luigi Spina.<\/p>\n<h5>Cols<\/h5>\n<p><strong>IT-GE-0690 Sella di Franchizia<\/strong><br \/>\n<strong>IT-GE-0639 Sella di Crumbi (A-R 0,5 km S1)<\/strong><br \/>\n<strong>IT-GE-0847 Colla dra Giafarda<\/strong><br \/>\n<strong>IT-GE-0837 Passo Prato del Lupo<\/strong><br \/>\n<strong>IT-AL-0931 \u00a0Sella Granda<\/strong><br \/>\n<strong>Bivio Capanne di Marcarolo (758 m)<\/strong><br \/>\nIT-GE-0823a Giogo del Perdono (Prou Ren\u00e9)<br \/>\nIT-GE-0821a Passo Prato del Gatto<br \/>\nIT-GE-0785 Giogo di Paravanico<br \/>\nIT-GE-0779 Passo Prato Leone\u00a0 (A-R 1 km)<br \/>\nIT-GE-0900 Passo di Praglia (Prou Nerc\u00f9)<br \/>\nIT-GE-0860 Colla del Canile<br \/>\nIT-GE-0897 Colla del Proratado<br \/>\nIT-GE-0859 Colla del Garsello (A-R 1,0 km R1)<br \/>\nRitorno a Passo di Praglia<br \/>\nIT-GE-0850 Colla di Maiana (A-R 1,5 km R1)<br \/>\nIT-GE-0710a Sella Ovest del Brec del Terma<br \/>\n<strong>IT-GE-0698 Passo della Scisa<\/strong><br \/>\n<strong>IT-GE-0653 Passo del Mulo<\/strong><br \/>\n<strong>IT-GE-0418 Colla Blin<\/strong><\/p>\n<h4>V2, dimanche 9 juin<\/h4>\n<p>D\u00e9part 09:45, V2a d\u00e9part de Sella del Barn\u00e9, 36 km, 1200 m de d\u00e9nivel\u00e9, 13 cols. Circuit long\u00a0 V2b d\u00e9part de Campo Ligure, 60 km, 1800 m de d\u00e9nivel\u00e9, 18 cols. Le parcours V2a est guid\u00e9 par Luigi Spina.<\/p>\n<h5>Cols<\/h5>\n<p>IT-GE-0532 Passo del Turchino (tunnel)<br \/>\nIT-GE-0620a Giovo di Massina<br \/>\nIT-GE-0664 Colla del Picin<br \/>\nIT-GE-0674a Giovo di Masone<br \/>\n<strong>IT-GE-0894 <\/strong><strong>Sella del Barn\u00e8<br \/>\n<\/strong><strong>IT-GE-0865 <\/strong><strong>Porta del Dente<br \/>\n<\/strong><strong>IT-GE-0921b <\/strong><strong>Sella del Dentino<br \/>\n<\/strong><strong>IT-GE-0931 <\/strong><strong>Passo della Cerusa<br \/>\n<\/strong><strong>IT-GE-1061 <\/strong><strong>Passo del Faiallo<br \/>\n<\/strong><strong>IT-GE-1115a <\/strong><strong>Passo Vaccaria<br \/>\n<\/strong><strong>IT-GE-1068a <\/strong><strong>Passo Crocetta<br \/>\n<\/strong><strong>IT-GE-1034 <\/strong><strong>Passo Pian di Lerca<br \/>\n<\/strong><strong>IT-GE-1071a <\/strong><strong>Gua da Cascinassa<br \/>\n<\/strong><strong>IT-GE-1065 <\/strong><strong>Passo Notua<br \/>\n<\/strong><strong>IT-GE-1091 <\/strong><strong>Passo Prato Ferretto<br \/>\n<\/strong><strong>IT-GE-1083 <\/strong><strong>Colle Fontanaccia\u00a0 (A-R 0,9 km)<br \/>\n<\/strong><strong>IT-GE-1086 <\/strong><strong>Colletta Montebello<br \/>\n<\/strong>Ritorno a Giovo di Masone<br \/>\nIT-GE-0557 Colla Ribattaiola (A-R 1,9 km)<\/p>\n<h3>H\u00f4tel<\/h3>\n<p>Albergo Ristorante Turchino (peu \u00e9loign\u00e9 de Passo del Turchino)<br \/>\nVia Isolagiugno 109<br \/>\n16013 Campo Ligure (GE)<br \/>\nT\u00e9l. +39 010 92 13 69 \/ +39 327 178 26 21<br \/>\n<a href=\"m&#97;&#105;l&#116;&#111;&#58;&#109;&#97;&#105;l&#32;&#105;&#110;&#102;&#111;&#64;h&#111;&#116;e&#108;t&#117;rc&#104;in&#111;.co&#109;\">m&#97;&#105;&#108; inf&#111;&#64;&#104;&#111;tel&#116;u&#114;c&#104;i&#110;&#111;.&#99;o&#109;<\/a><br \/>\nSite: <a href=\"http:\/\/www.hotelturchino.com\" target=\"_blank\" rel=\"noopener noreferrer\">www.hotelturchino.com<\/a>\u00a0 \u00a0WebCam: <a href=\"http:\/\/www.hotelturchino.it\/webcam_hd\/\" target=\"_blank\" rel=\"noopener noreferrer\">www.hotelturchino.com\/webcam<\/a><br \/>\nAttention: Google Maps donne l&#8217;adresse un peu trop au nord. Reportez-vous \u00e0 la carte ci-dessous.<\/p>\n<p>Le prix est de 67,50 \u20ac. Vous pouvez r\u00e9server par courriel \u00e0 l\u2019h\u00f4tel en pr\u00e9cisant que vous \u00eates membre du club des Cent Cols.<\/p>\n<div id=\"lmm_10dc47a9\" style=\"width:100%;\" class=\"mapsmarker markermap marker-9\">\n<div id=\"lmm_panel_10dc47a9\" class=\"lmm-panel\" style=\"background:#efefef;\">\n<div id=\"lmm_panel_api_10dc47a9\" class=\"lmm-panel-api\"><a href=\"https:\/\/maps.google.com\/maps?daddr=Via+Isolagiugno+109%2C+Campo+Ligure&amp;t=m&amp;layer=1&amp;doflg=ptk&amp;om=0\" target=\"_blank\" title=\"Obtenir l&#039;itin\u00e9raire\"><img loading=\"lazy\" decoding=\"async\" alt=\"icon-car.png\" src=\"https:\/\/centcols.org\/backup\/wp-content\/plugins\/leaflet-maps-marker\/inc\/img\/icon-car.png\" width=\"14\" height=\"14\" class=\"lmm-panel-api-images\" \/><\/a><\/div><div id=\"lmm_panel_text_10dc47a9\" class=\"lmm-panel-text\" style=\"font-weight:bold;color:#373737;\">Maddalena, Campo Ligure<\/div><\/div>\n<div id=\"lmm_map_10dc47a9\" class=\"lmm-map\" style=\"background:#f6f6f6;border:1px solid #ccc;height:480px; overflow:hidden;padding:0;\"><p style=\"font-size:80%;color:#9f9e9e;margin-left:5px;\">chargement de la carte - veuillez patienter...<noscript><br\/><strong>La carte ne peut \u00eatre charg\u00e9e - s'il vous pla\u00eet activer Javascript !<\/strong><br\/><a style=\"text-decoration:none;\" href=\"https:\/\/www.mapsmarker.com\/js-disabled\" target=\"_blank\">&rarr; plus dginformations<\/a><\/noscript><\/p><\/div>\n<div id=\"lmm_geo_tags_10dc47a9\" class=\"lmm-geo-tags geo\">\n<span class=\"paneltext\">Maddalena, Campo Ligure<\/span>\n<span class=\"latitude\">44.518900<\/span>, <span class=\"longitude\">8.700350<\/span>\n<span class=\"popuptext\">Hotel Turchino<\/span>\n<\/div>\n<\/div>\n<h3>Contact<\/h3>\n<p>Luigi Spina<br \/>\n+39 349 416 31 74<br \/>\n<a href=\"ma&#105;l&#116;&#111;:&#108;ui&#103;&#105;.&#115;&#112;in&#97;&#64;&#101;mai&#108;&#46;i&#116;\">&#108;uig&#105;.&#115;&#112;&#105;&#110;&#97;&#64;&#101;mai&#108;.&#105;&#116;<\/a><\/p>\n<p>&nbsp;<\/p>\n<div style=\"clear: both;\"><\/div>\n<\/div>\n<p>&nbsp;<\/p>\n<p>&nbsp;<\/p>\n","protected":false},"excerpt":{"rendered":"<p>Les parcours routiers Voir les fichiers de g\u00e9olocalisation. R1, samedi 8 juin D\u00e9part 10:00 de Campo Ligure, 78 km,\u00a0 2200 m de d\u00e9nivel\u00e9, 6 cols (il y a la possibilit\u00e9 de partir de Capanne di Marcarolo pour limiter la distance, 58 km, et la d\u00e9nivellation, 1650 m). Cols IT-AL-0553 Colle degli Eremiti IT-AL-0778 Passo della [&hellip;]<\/p>\n","protected":false},"author":147,"featured_media":35733,"comment_status":"closed","ping_status":"closed","sticky":false,"template":"","format":"standard","meta":{"_acf_changed":false,"ub_ctt_via":"","_monsterinsights_skip_tracking":false,"_monsterinsights_sitenote_active":false,"_monsterinsights_sitenote_note":"","_monsterinsights_sitenote_category":0,"footnotes":""},"categories":[261],"tags":[],"acf":[],"featured_image_urls":{"full":["https:\/\/centcols.org\/backup\/wp-content\/uploads\/2019\/05\/campo-ligure_GE.jpg",1000,661,false],"thumbnail":["https:\/\/centcols.org\/backup\/wp-content\/uploads\/2019\/05\/campo-ligure_GE-300x300.jpg",300,300,true],"medium":["https:\/\/centcols.org\/backup\/wp-content\/uploads\/2019\/05\/campo-ligure_GE-500x331.jpg",500,331,true],"medium_large":["https:\/\/centcols.org\/backup\/wp-content\/uploads\/2019\/05\/campo-ligure_GE-768x508.jpg",768,508,true],"large":["https:\/\/centcols.org\/backup\/wp-content\/uploads\/2019\/05\/campo-ligure_GE.jpg",1000,661,false],"1536x1536":["https:\/\/centcols.org\/backup\/wp-content\/uploads\/2019\/05\/campo-ligure_GE.jpg",1000,661,false],"2048x2048":["https:\/\/centcols.org\/backup\/wp-content\/uploads\/2019\/05\/campo-ligure_GE.jpg",1000,661,false],"woocommerce_thumbnail":["https:\/\/centcols.org\/backup\/wp-content\/uploads\/2019\/05\/campo-ligure_GE-300x300.jpg",300,300,true],"woocommerce_single":["https:\/\/centcols.org\/backup\/wp-content\/uploads\/2019\/05\/campo-ligure_GE-600x397.jpg",600,397,true],"woocommerce_gallery_thumbnail":["https:\/\/centcols.org\/backup\/wp-content\/uploads\/2019\/05\/campo-ligure_GE-100x100.jpg",100,100,true]},"post_excerpt_stackable":"<p>Les parcours routiers Voir les fichiers de g\u00e9olocalisation. R1, samedi 8 juin D\u00e9part 10:00 de Campo Ligure, 78 km,\u00a0 2200 m de d\u00e9nivel\u00e9, 6 cols (il y a la possibilit\u00e9 de partir de Capanne di Marcarolo pour limiter la distance, 58 km, et la d\u00e9nivellation, 1650 m). Cols IT-AL-0553 Colle degli Eremiti IT-AL-0778 Passo della Bocchetta IT-GE-0875 Giovo di Paravinico (A\/R 0,8 km sur R1) IT-GE-0823a Giogo del Perdono IT-GE-0900\u00a0 Passo di Praglia IT-GE-0860 Colla del Canile (A\/R 0,8 km SC-R1) R2, dimanche 9 juin 2019 D\u00e9part 08:30 de Campo Ligure \u2013 73 km \u2013 1500 m de d\u00e9nivel\u00e9 \u2013\u2026<\/p>\n","category_list":"<a href=\"https:\/\/centcols.org\/backup\/categorie\/rassemblements\/rassemblements-2019\/\" rel=\"category tag\">Les rassemblements de 2019<\/a>","author_info":{"display_name":"Guy Harl\u00e9","author_link":"https:\/\/centcols.org\/backup\/author\/5193\/"},"comments_num":"0 commentaire","featured_image_urls_v2":{"full":["https:\/\/centcols.org\/backup\/wp-content\/uploads\/2019\/05\/campo-ligure_GE.jpg",1000,661,false],"thumbnail":["https:\/\/centcols.org\/backup\/wp-content\/uploads\/2019\/05\/campo-ligure_GE-300x300.jpg",300,300,true],"medium":["https:\/\/centcols.org\/backup\/wp-content\/uploads\/2019\/05\/campo-ligure_GE-500x331.jpg",500,331,true],"medium_large":["https:\/\/centcols.org\/backup\/wp-content\/uploads\/2019\/05\/campo-ligure_GE-768x508.jpg",768,508,true],"large":["https:\/\/centcols.org\/backup\/wp-content\/uploads\/2019\/05\/campo-ligure_GE.jpg",1000,661,false],"1536x1536":["https:\/\/centcols.org\/backup\/wp-content\/uploads\/2019\/05\/campo-ligure_GE.jpg",1000,661,false],"2048x2048":["https:\/\/centcols.org\/backup\/wp-content\/uploads\/2019\/05\/campo-ligure_GE.jpg",1000,661,false],"woocommerce_thumbnail":["https:\/\/centcols.org\/backup\/wp-content\/uploads\/2019\/05\/campo-ligure_GE-300x300.jpg",300,300,true],"woocommerce_single":["https:\/\/centcols.org\/backup\/wp-content\/uploads\/2019\/05\/campo-ligure_GE-600x397.jpg",600,397,true],"woocommerce_gallery_thumbnail":["https:\/\/centcols.org\/backup\/wp-content\/uploads\/2019\/05\/campo-ligure_GE-100x100.jpg",100,100,true]},"post_excerpt_stackable_v2":"<p>Les parcours routiers Voir les fichiers de g\u00e9olocalisation. R1, samedi 8 juin D\u00e9part 10:00 de Campo Ligure, 78 km,\u00a0 2200 m de d\u00e9nivel\u00e9, 6 cols (il y a la possibilit\u00e9 de partir de Capanne di Marcarolo pour limiter la distance, 58 km, et la d\u00e9nivellation, 1650 m). Cols IT-AL-0553 Colle degli Eremiti IT-AL-0778 Passo della Bocchetta IT-GE-0875 Giovo di Paravinico (A\/R 0,8 km sur R1) IT-GE-0823a Giogo del Perdono IT-GE-0900\u00a0 Passo di Praglia IT-GE-0860 Colla del Canile (A\/R 0,8 km SC-R1) R2, dimanche 9 juin 2019 D\u00e9part 08:30 de Campo Ligure \u2013 73 km \u2013 1500 m de d\u00e9nivel\u00e9 \u2013\u2026<\/p>\n","category_list_v2":"<a href=\"https:\/\/centcols.org\/backup\/categorie\/rassemblements\/rassemblements-2019\/\" rel=\"category tag\">Les rassemblements de 2019<\/a>","author_info_v2":{"name":"Guy Harl\u00e9","url":"https:\/\/centcols.org\/backup\/author\/5193\/"},"comments_num_v2":"0 commentaire","featured_image_src":"https:\/\/centcols.org\/backup\/wp-content\/uploads\/2019\/05\/campo-ligure_GE.jpg","_links":{"self":[{"href":"https:\/\/centcols.org\/backup\/wp-json\/wp\/v2\/posts\/34815"}],"collection":[{"href":"https:\/\/centcols.org\/backup\/wp-json\/wp\/v2\/posts"}],"about":[{"href":"https:\/\/centcols.org\/backup\/wp-json\/wp\/v2\/types\/post"}],"author":[{"embeddable":true,"href":"https:\/\/centcols.org\/backup\/wp-json\/wp\/v2\/users\/147"}],"replies":[{"embeddable":true,"href":"https:\/\/centcols.org\/backup\/wp-json\/wp\/v2\/comments?post=34815"}],"version-history":[{"count":0,"href":"https:\/\/centcols.org\/backup\/wp-json\/wp\/v2\/posts\/34815\/revisions"}],"wp:featuredmedia":[{"embeddable":true,"href":"https:\/\/centcols.org\/backup\/wp-json\/wp\/v2\/media\/35733"}],"wp:attachment":[{"href":"https:\/\/centcols.org\/backup\/wp-json\/wp\/v2\/media?parent=34815"}],"wp:term":[{"taxonomy":"category","embeddable":true,"href":"https:\/\/centcols.org\/backup\/wp-json\/wp\/v2\/categories?post=34815"},{"taxonomy":"post_tag","embeddable":true,"href":"https:\/\/centcols.org\/backup\/wp-json\/wp\/v2\/tags?post=34815"}],"curies":[{"name":"wp","href":"https:\/\/api.w.org\/{rel}","templated":true}]}}