{"id":34820,"date":"2018-12-16T17:50:00","date_gmt":"2018-12-16T16:50:00","guid":{"rendered":"http:\/\/centcols.org\/backup\/?p=34820"},"modified":"2019-01-08T12:09:12","modified_gmt":"2019-01-08T11:09:12","slug":"rassemblement-international-2019","status":"publish","type":"post","link":"https:\/\/centcols.org\/backup\/rassemblement-international-2019\/","title":{"rendered":"Rassemblement international, Col de la Cren\u00e9e (Vosges) le 27 juillet 2019"},"content":{"rendered":"<p>Le rassemblement international se tiendra en fin de s\u00e9jour d&#8217;\u00e9t\u00e9 \u00e0 Saint-Di\u00e9-des-Vosges<\/p>\n<p>Des pr\u00e9cisions seront apport\u00e9es dans la rubrique &#8221;S\u00e9jours&#8221; : Saint-Di\u00e9-des-Vosges (20 au 27 juillet 2019)<\/p>\n<p><a href=\"https:\/\/centcols.org\/backup\/wp-content\/uploads\/0201\/12\/Rass-Inter.png\"><img loading=\"lazy\" decoding=\"async\" class=\"alignnone size-full wp-image-34821\" src=\"https:\/\/centcols.org\/backup\/wp-content\/uploads\/0201\/12\/Rass-Inter.png\" alt=\"\" width=\"807\" height=\"602\" srcset=\"https:\/\/centcols.org\/backup\/wp-content\/uploads\/0201\/12\/Rass-Inter.png 807w, https:\/\/centcols.org\/backup\/wp-content\/uploads\/0201\/12\/Rass-Inter-600x448.png 600w, https:\/\/centcols.org\/backup\/wp-content\/uploads\/0201\/12\/Rass-Inter-500x373.png 500w, https:\/\/centcols.org\/backup\/wp-content\/uploads\/0201\/12\/Rass-Inter-768x573.png 768w\" sizes=\"(max-width: 807px) 100vw, 807px\" \/><\/a><\/p>\n<h3>Contact<\/h3>\n<p>Guy Harl\u00e9<br \/>\n+33 4 50 60 67 27 &#8211; +33 6 77 11 17 03<br \/>\n<a href=\"ma&#105;l&#116;o&#58;&#103;u&#121;.&#104;a&#114;le&#64;g&#109;&#97;&#105;l&#46;com\">guy.har&#108;e&#64;gm&#97;i&#108;&#46;&#99;&#111;&#109;<\/a><\/p>\n","protected":false},"excerpt":{"rendered":"<p>Le rassemblement international se tiendra en fin de s\u00e9jour d&#8217;\u00e9t\u00e9 \u00e0 Saint-Di\u00e9-des-Vosges Des pr\u00e9cisions seront apport\u00e9es dans la rubrique &#8221;S\u00e9jours&#8221; : Saint-Di\u00e9-des-Vosges (20 au 27 juillet 2019) Contact Guy Harl\u00e9 +33 4 50 60 67 27 &#8211; +33 6 77 11 17 03<\/p>\n","protected":false},"author":147,"featured_media":0,"comment_status":"closed","ping_status":"closed","sticky":false,"template":"","format":"standard","meta":{"_acf_changed":false,"ub_ctt_via":"","_monsterinsights_skip_tracking":false,"_monsterinsights_sitenote_active":false,"_monsterinsights_sitenote_note":"","_monsterinsights_sitenote_category":0,"footnotes":""},"categories":[261,7],"tags":[],"acf":[],"featured_image_urls":{"full":"","thumbnail":"","medium":"","medium_large":"","large":"","1536x1536":"","2048x2048":"","woocommerce_thumbnail":"","woocommerce_single":"","woocommerce_gallery_thumbnail":""},"post_excerpt_stackable":"<p>Le rassemblement international se tiendra en fin de s\u00e9jour d&#8217;\u00e9t\u00e9 \u00e0 Saint-Di\u00e9-des-Vosges Des pr\u00e9cisions seront apport\u00e9es dans la rubrique &#8221;S\u00e9jours&#8221; : Saint-Di\u00e9-des-Vosges (20 au 27 juillet 2019) Contact Guy Harl\u00e9 +33 4 50 60 67 27 &#8211; +33 6 77 11 17 03 guy&#46;ha&#114;le&#64;&#103;&#109;&#97;&#105;l&#46;co&#109;<\/p>\n","category_list":"<a href=\"https:\/\/centcols.org\/backup\/categorie\/rassemblements\/rassemblements-2019\/\" rel=\"category tag\">Les rassemblements de 2019<\/a>, <a href=\"https:\/\/centcols.org\/backup\/categorie\/rassemblements\/\" rel=\"category tag\">Rencontres r\u00e9gionales<\/a>","author_info":{"display_name":"Guy Harl\u00e9","author_link":"https:\/\/centcols.org\/backup\/author\/5193\/"},"comments_num":"0 commentaire","featured_image_urls_v2":{"full":"","thumbnail":"","medium":"","medium_large":"","large":"","1536x1536":"","2048x2048":"","woocommerce_thumbnail":"","woocommerce_single":"","woocommerce_gallery_thumbnail":""},"post_excerpt_stackable_v2":"<p>Le rassemblement international se tiendra en fin de s\u00e9jour d&#8217;\u00e9t\u00e9 \u00e0 Saint-Di\u00e9-des-Vosges Des pr\u00e9cisions seront apport\u00e9es dans la rubrique &#8221;S\u00e9jours&#8221; : Saint-Di\u00e9-des-Vosges (20 au 27 juillet 2019) Contact Guy Harl\u00e9 +33 4 50 60 67 27 &#8211; +33 6 77 11 17 03 guy.har&#108;e&#64;gm&#97;i&#108;.com<\/p>\n","category_list_v2":"<a href=\"https:\/\/centcols.org\/backup\/categorie\/rassemblements\/rassemblements-2019\/\" rel=\"category tag\">Les rassemblements de 2019<\/a>, <a href=\"https:\/\/centcols.org\/backup\/categorie\/rassemblements\/\" rel=\"category tag\">Rencontres r\u00e9gionales<\/a>","author_info_v2":{"name":"Guy Harl\u00e9","url":"https:\/\/centcols.org\/backup\/author\/5193\/"},"comments_num_v2":"0 commentaire","featured_image_src":null,"_links":{"self":[{"href":"https:\/\/centcols.org\/backup\/wp-json\/wp\/v2\/posts\/34820"}],"collection":[{"href":"https:\/\/centcols.org\/backup\/wp-json\/wp\/v2\/posts"}],"about":[{"href":"https:\/\/centcols.org\/backup\/wp-json\/wp\/v2\/types\/post"}],"author":[{"embeddable":true,"href":"https:\/\/centcols.org\/backup\/wp-json\/wp\/v2\/users\/147"}],"replies":[{"embeddable":true,"href":"https:\/\/centcols.org\/backup\/wp-json\/wp\/v2\/comments?post=34820"}],"version-history":[{"count":0,"href":"https:\/\/centcols.org\/backup\/wp-json\/wp\/v2\/posts\/34820\/revisions"}],"wp:attachment":[{"href":"https:\/\/centcols.org\/backup\/wp-json\/wp\/v2\/media?parent=34820"}],"wp:term":[{"taxonomy":"category","embeddable":true,"href":"https:\/\/centcols.org\/backup\/wp-json\/wp\/v2\/categories?post=34820"},{"taxonomy":"post_tag","embeddable":true,"href":"https:\/\/centcols.org\/backup\/wp-json\/wp\/v2\/tags?post=34820"}],"curies":[{"name":"wp","href":"https:\/\/api.w.org\/{rel}","templated":true}]}}