{"id":34825,"date":"2019-01-08T21:47:51","date_gmt":"2019-01-08T20:47:51","guid":{"rendered":"http:\/\/centcols.org\/backup\/?p=34825"},"modified":"2019-09-16T10:29:16","modified_gmt":"2019-09-16T08:29:16","slug":"concentration-regionale-pyrenees-2019","status":"publish","type":"post","link":"https:\/\/centcols.org\/backup\/concentration-regionale-pyrenees-2019\/","title":{"rendered":"Pyr\u00e9n\u00e9es, col de Calzan le 6 octobre 2019"},"content":{"rendered":"<p>Dimanche 6 octobre 2019, Pyr\u00e9n\u00e9es<br \/>\nCol de Calzan (FR-09-0472)<\/p>\n<p><a href=\"https:\/\/centcols.org\/backup\/wp-content\/uploads\/2019\/01\/Calzan.jpg\"><img loading=\"lazy\" decoding=\"async\" class=\"alignnone size-full wp-image-34826\" src=\"https:\/\/centcols.org\/backup\/wp-content\/uploads\/2019\/01\/Calzan.jpg\" alt=\"\" width=\"799\" height=\"495\" srcset=\"https:\/\/centcols.org\/backup\/wp-content\/uploads\/2019\/01\/Calzan.jpg 799w, https:\/\/centcols.org\/backup\/wp-content\/uploads\/2019\/01\/Calzan-600x372.jpg 600w, https:\/\/centcols.org\/backup\/wp-content\/uploads\/2019\/01\/Calzan-500x310.jpg 500w, https:\/\/centcols.org\/backup\/wp-content\/uploads\/2019\/01\/Calzan-768x476.jpg 768w\" sizes=\"(max-width: 799px) 100vw, 799px\" \/><\/a><\/p>\n<h3><em><span style=\"color: #000000;\"><strong><a style=\"color: #000000;\" href=\"http:\/\/www.alaingillodes.fr\/concentration%20CCC-OCD\/calzan\/calzan_p.htm\" target=\"_blank\" rel=\"noopener noreferrer\">Programme de la journ\u00e9e<\/a><\/strong><\/span><\/em><\/h3>\n<p>Voir ici\u00a0 : <a href=\"http:\/\/www.alaingillodes.fr\/concentration%20CCC-OCD\/calzan\/calzan_p.htm\" target=\"_blank\" rel=\"noopener noreferrer\"><span style=\"color: #0000ff;\"><strong>Site d&#8217;Alain Gillodes<\/strong><\/span><\/a><\/p>\n<h3>Contact<\/h3>\n<p>Alain Gillodes<br \/>\n05 61 56 74 35 &#8211; 06 78 67 83 62<br \/>\n<a href=\"ma&#105;&#108;to:&#97;l&#97;i&#110;&#46;g&#105;llo&#100;&#101;s&#64;o&#114;an&#103;e&#46;fr\">&#97;lai&#110;&#46;g&#105;&#108;&#108;&#111;&#100;&#101;&#115;&#64;or&#97;n&#103;e&#46;&#102;r<\/a><\/p>\n","protected":false},"excerpt":{"rendered":"<p>Dimanche 6 octobre 2019, Pyr\u00e9n\u00e9es Col de Calzan (FR-09-0472) Programme de la journ\u00e9e Voir ici\u00a0 : Site d&#8217;Alain Gillodes Contact Alain Gillodes 05 61 56 74 35 &#8211; 06 78 67 83 62<\/p>\n","protected":false},"author":147,"featured_media":0,"comment_status":"closed","ping_status":"closed","sticky":false,"template":"","format":"standard","meta":{"_acf_changed":false,"ub_ctt_via":"","_monsterinsights_skip_tracking":false,"_monsterinsights_sitenote_active":false,"_monsterinsights_sitenote_note":"","_monsterinsights_sitenote_category":0,"footnotes":""},"categories":[261],"tags":[],"acf":[],"featured_image_urls":{"full":"","thumbnail":"","medium":"","medium_large":"","large":"","1536x1536":"","2048x2048":"","woocommerce_thumbnail":"","woocommerce_single":"","woocommerce_gallery_thumbnail":""},"post_excerpt_stackable":"<p>Dimanche 6 octobre 2019, Pyr\u00e9n\u00e9es Col de Calzan (FR-09-0472) Programme de la journ\u00e9e Voir ici\u00a0 : Site d&#8217;Alain Gillodes Contact Alain Gillodes 05 61 56 74 35 &#8211; 06 78 67 83 62 &#97;la&#105;n.&#103;&#105;l&#108;od&#101;&#115;&#64;&#111;r&#97;&#110;g&#101;&#46;fr<\/p>\n","category_list":"<a href=\"https:\/\/centcols.org\/backup\/categorie\/rassemblements\/rassemblements-2019\/\" rel=\"category tag\">Les rassemblements de 2019<\/a>","author_info":{"display_name":"Guy Harl\u00e9","author_link":"https:\/\/centcols.org\/backup\/author\/5193\/"},"comments_num":"0 commentaire","featured_image_urls_v2":{"full":"","thumbnail":"","medium":"","medium_large":"","large":"","1536x1536":"","2048x2048":"","woocommerce_thumbnail":"","woocommerce_single":"","woocommerce_gallery_thumbnail":""},"post_excerpt_stackable_v2":"<p>Dimanche 6 octobre 2019, Pyr\u00e9n\u00e9es Col de Calzan (FR-09-0472) Programme de la journ\u00e9e Voir ici\u00a0 : Site d&#8217;Alain Gillodes Contact Alain Gillodes 05 61 56 74 35 &#8211; 06 78 67 83 62 &#97;la&#105;&#110;.gi&#108;&#108;o&#100;e&#115;&#64;&#111;&#114;a&#110;&#103;e.&#102;&#114;<\/p>\n","category_list_v2":"<a href=\"https:\/\/centcols.org\/backup\/categorie\/rassemblements\/rassemblements-2019\/\" rel=\"category tag\">Les rassemblements de 2019<\/a>","author_info_v2":{"name":"Guy Harl\u00e9","url":"https:\/\/centcols.org\/backup\/author\/5193\/"},"comments_num_v2":"0 commentaire","featured_image_src":null,"_links":{"self":[{"href":"https:\/\/centcols.org\/backup\/wp-json\/wp\/v2\/posts\/34825"}],"collection":[{"href":"https:\/\/centcols.org\/backup\/wp-json\/wp\/v2\/posts"}],"about":[{"href":"https:\/\/centcols.org\/backup\/wp-json\/wp\/v2\/types\/post"}],"author":[{"embeddable":true,"href":"https:\/\/centcols.org\/backup\/wp-json\/wp\/v2\/users\/147"}],"replies":[{"embeddable":true,"href":"https:\/\/centcols.org\/backup\/wp-json\/wp\/v2\/comments?post=34825"}],"version-history":[{"count":0,"href":"https:\/\/centcols.org\/backup\/wp-json\/wp\/v2\/posts\/34825\/revisions"}],"wp:attachment":[{"href":"https:\/\/centcols.org\/backup\/wp-json\/wp\/v2\/media?parent=34825"}],"wp:term":[{"taxonomy":"category","embeddable":true,"href":"https:\/\/centcols.org\/backup\/wp-json\/wp\/v2\/categories?post=34825"},{"taxonomy":"post_tag","embeddable":true,"href":"https:\/\/centcols.org\/backup\/wp-json\/wp\/v2\/tags?post=34825"}],"curies":[{"name":"wp","href":"https:\/\/api.w.org\/{rel}","templated":true}]}}