{"id":34828,"date":"2018-12-16T18:10:09","date_gmt":"2018-12-16T17:10:09","guid":{"rendered":"http:\/\/centcols.org\/backup\/?p=34828"},"modified":"2019-08-03T22:43:49","modified_gmt":"2019-08-03T20:43:49","slug":"vosges-2019","status":"publish","type":"post","link":"https:\/\/centcols.org\/backup\/vosges-2019\/","title":{"rendered":"Vosges Col du Petit Ballon, 24 ao\u00fbt 2019"},"content":{"rendered":"<p>Samedi 24 ao\u00fbt 2019, Vosges<br \/>\nCol du Petit Ballon<\/p>\n<div id=\"attachment_34971\" style=\"width: 290px\" class=\"wp-caption alignleft\"><a href=\"https:\/\/centcols.org\/backup\/wp-content\/uploads\/2018\/12\/petit_ballon-vue-hohneck-1.jpg\"><img loading=\"lazy\" decoding=\"async\" aria-describedby=\"caption-attachment-34971\" class=\"wp-image-34971 size-full\" src=\"https:\/\/centcols.org\/backup\/wp-content\/uploads\/2018\/12\/petit_ballon-vue-hohneck-1.jpg\" alt=\"\" width=\"280\" height=\"210\" \/><\/a><p id=\"caption-attachment-34971\" class=\"wp-caption-text\">Petit Ballon vu du Hohneck<\/p><\/div>\n<p>Ars\u00e8ne et Jean-Christophe vous donnent rendez-vous \u00e0 9 h 30 devant la gare de Munster (altitude 400 m) pour aller \u00e0 la d\u00e9couverte de 2 nouveaux cols r\u00e9cemment homologu\u00e9s :<br \/>\n&#8211; Le col du Petit Ballon (FR-68-1163) et le col du Strohberg (FR-68-1155) 1 km plus loin<br \/>\nCes deux cols sont accessibles pour le routiers comme pour les V\u00e9t\u00e9tistes<\/p>\n<p>A midi, nous partagerons le pain et le fromage traditionnels suivi du repas tir\u00e9 du sac<br \/>\nIl y aura possibilit\u00e9 de se restaurer \u00e0 la ferme auberge du Rothenbrunnen situ\u00e9 \u00e0 300 m<\/p>\n<p>Dans l&#8217;apr\u00e8s-midi, vous aurez la possibilit\u00e9 d&#8217;aller au col de Boenlesgrab (FR-68-0865) ou du col du Hilsenfirst (FR-68-1121) et bien d&#8217;autres cols des alentours<\/p>\n<p>&nbsp;<\/p>\n<div id=\"attachment_34973\" style=\"width: 510px\" class=\"wp-caption alignnone\"><a href=\"https:\/\/centcols.org\/backup\/wp-content\/uploads\/2018\/12\/Rothenbrunnen-1.jpg\"><img loading=\"lazy\" decoding=\"async\" aria-describedby=\"caption-attachment-34973\" class=\"wp-image-34973 size-medium\" src=\"https:\/\/centcols.org\/backup\/wp-content\/uploads\/2018\/12\/Rothenbrunnen-1-500x375.jpg\" alt=\"\" width=\"500\" height=\"375\" srcset=\"https:\/\/centcols.org\/backup\/wp-content\/uploads\/2018\/12\/Rothenbrunnen-1-500x375.jpg 500w, https:\/\/centcols.org\/backup\/wp-content\/uploads\/2018\/12\/Rothenbrunnen-1-600x450.jpg 600w, https:\/\/centcols.org\/backup\/wp-content\/uploads\/2018\/12\/Rothenbrunnen-1-768x576.jpg 768w, https:\/\/centcols.org\/backup\/wp-content\/uploads\/2018\/12\/Rothenbrunnen-1.jpg 1200w\" sizes=\"(max-width: 500px) 100vw, 500px\" \/><\/a><p id=\"caption-attachment-34973\" class=\"wp-caption-text\">Ferme auberge de Rothenbrunnen<\/p><\/div>\n<h3>Circuits<\/h3>\n<p>Circuits route et VTT : <a href=\"https:\/\/centcols.org\/backup\/wp-content\/uploads\/2018\/12\/circuits.zip\" target=\"_blank\" rel=\"noopener\">Fichier \u00e0 d\u00e9zipper<\/a><\/p>\n<h3>Contact<\/h3>\n<p>Ars\u00e8ne Bickel<br \/>\n03 87 95 30 90<br \/>\n<a href=\"ma&#105;&#108;&#116;&#111;&#58;&#98;&#99;&#121;&#99;lo&#46;&#97;&#112;&#105;&#115;&#64;&#111;r&#97;&#110;ge.f&#114;\">&#98;&#99;&#121;c&#108;&#111;&#46;&#97;&#112;is&#64;&#111;rang&#101;&#46;&#102;r<\/a><\/p>\n","protected":false},"excerpt":{"rendered":"<p>Samedi 24 ao\u00fbt 2019, Vosges Col du Petit Ballon Ars\u00e8ne et Jean-Christophe vous donnent rendez-vous \u00e0 9 h 30 devant la gare de Munster (altitude 400 m) pour aller \u00e0 la d\u00e9couverte de 2 nouveaux cols r\u00e9cemment homologu\u00e9s : &#8211; Le col du Petit Ballon (FR-68-1163) et le col du Strohberg (FR-68-1155) 1 km plus [&hellip;]<\/p>\n","protected":false},"author":147,"featured_media":0,"comment_status":"closed","ping_status":"closed","sticky":false,"template":"","format":"standard","meta":{"_acf_changed":false,"ub_ctt_via":"","_monsterinsights_skip_tracking":false,"_monsterinsights_sitenote_active":false,"_monsterinsights_sitenote_note":"","_monsterinsights_sitenote_category":0,"footnotes":""},"categories":[261,7],"tags":[],"acf":[],"featured_image_urls":{"full":"","thumbnail":"","medium":"","medium_large":"","large":"","1536x1536":"","2048x2048":"","woocommerce_thumbnail":"","woocommerce_single":"","woocommerce_gallery_thumbnail":""},"post_excerpt_stackable":"<p>Samedi 24 ao\u00fbt 2019, Vosges Col du Petit Ballon Petit Ballon vu du Hohneck Ars\u00e8ne et Jean-Christophe vous donnent rendez-vous \u00e0 9 h 30 devant la gare de Munster (altitude 400 m) pour aller \u00e0 la d\u00e9couverte de 2 nouveaux cols r\u00e9cemment homologu\u00e9s : &#8211; Le col du Petit Ballon (FR-68-1163) et le col du Strohberg (FR-68-1155) 1 km plus loin Ces deux cols sont accessibles pour le routiers comme pour les V\u00e9t\u00e9tistes A midi, nous partagerons le pain et le fromage traditionnels suivi du repas tir\u00e9 du sac Il y aura possibilit\u00e9 de se restaurer \u00e0 la ferme auberge\u2026<\/p>\n","category_list":"<a href=\"https:\/\/centcols.org\/backup\/categorie\/rassemblements\/rassemblements-2019\/\" rel=\"category tag\">Les rassemblements de 2019<\/a>, <a href=\"https:\/\/centcols.org\/backup\/categorie\/rassemblements\/\" rel=\"category tag\">Rencontres r\u00e9gionales<\/a>","author_info":{"display_name":"Guy Harl\u00e9","author_link":"https:\/\/centcols.org\/backup\/author\/5193\/"},"comments_num":"0 commentaire","featured_image_urls_v2":{"full":"","thumbnail":"","medium":"","medium_large":"","large":"","1536x1536":"","2048x2048":"","woocommerce_thumbnail":"","woocommerce_single":"","woocommerce_gallery_thumbnail":""},"post_excerpt_stackable_v2":"<p>Samedi 24 ao\u00fbt 2019, Vosges Col du Petit Ballon Petit Ballon vu du Hohneck Ars\u00e8ne et Jean-Christophe vous donnent rendez-vous \u00e0 9 h 30 devant la gare de Munster (altitude 400 m) pour aller \u00e0 la d\u00e9couverte de 2 nouveaux cols r\u00e9cemment homologu\u00e9s : &#8211; Le col du Petit Ballon (FR-68-1163) et le col du Strohberg (FR-68-1155) 1 km plus loin Ces deux cols sont accessibles pour le routiers comme pour les V\u00e9t\u00e9tistes A midi, nous partagerons le pain et le fromage traditionnels suivi du repas tir\u00e9 du sac Il y aura possibilit\u00e9 de se restaurer \u00e0 la ferme auberge\u2026<\/p>\n","category_list_v2":"<a href=\"https:\/\/centcols.org\/backup\/categorie\/rassemblements\/rassemblements-2019\/\" rel=\"category tag\">Les rassemblements de 2019<\/a>, <a href=\"https:\/\/centcols.org\/backup\/categorie\/rassemblements\/\" rel=\"category tag\">Rencontres r\u00e9gionales<\/a>","author_info_v2":{"name":"Guy Harl\u00e9","url":"https:\/\/centcols.org\/backup\/author\/5193\/"},"comments_num_v2":"0 commentaire","featured_image_src":null,"_links":{"self":[{"href":"https:\/\/centcols.org\/backup\/wp-json\/wp\/v2\/posts\/34828"}],"collection":[{"href":"https:\/\/centcols.org\/backup\/wp-json\/wp\/v2\/posts"}],"about":[{"href":"https:\/\/centcols.org\/backup\/wp-json\/wp\/v2\/types\/post"}],"author":[{"embeddable":true,"href":"https:\/\/centcols.org\/backup\/wp-json\/wp\/v2\/users\/147"}],"replies":[{"embeddable":true,"href":"https:\/\/centcols.org\/backup\/wp-json\/wp\/v2\/comments?post=34828"}],"version-history":[{"count":0,"href":"https:\/\/centcols.org\/backup\/wp-json\/wp\/v2\/posts\/34828\/revisions"}],"wp:attachment":[{"href":"https:\/\/centcols.org\/backup\/wp-json\/wp\/v2\/media?parent=34828"}],"wp:term":[{"taxonomy":"category","embeddable":true,"href":"https:\/\/centcols.org\/backup\/wp-json\/wp\/v2\/categories?post=34828"},{"taxonomy":"post_tag","embeddable":true,"href":"https:\/\/centcols.org\/backup\/wp-json\/wp\/v2\/tags?post=34828"}],"curies":[{"name":"wp","href":"https:\/\/api.w.org\/{rel}","templated":true}]}}