{"id":34830,"date":"2018-12-16T18:15:48","date_gmt":"2018-12-16T17:15:48","guid":{"rendered":"http:\/\/centcols.org\/backup\/?p=34830"},"modified":"2019-02-08T11:44:25","modified_gmt":"2019-02-08T10:44:25","slug":"languedoc-roussillon-2019","status":"publish","type":"post","link":"https:\/\/centcols.org\/backup\/languedoc-roussillon-2019\/","title":{"rendered":"Languedoc &#8211; Roussillon, sortie Michel Bernardini 8 septembre 2019"},"content":{"rendered":"<p>Dimanche 8 septembre 2019, Languedoc &#8211; Roussillon<br \/>\nSortie Michel Bernardini<\/p>\n<p>Le rassemblement r\u00e9gional &#8220;La Bernardini&#8221; se tiendra cette ann\u00e9e du c\u00f4t\u00e9 des Monts d&#8217;Olmes<br \/>\nDans les environs, il y a \u00e0 visiter le ch\u00e2teau cathare de Monts\u00e9gur ainsi que quelques cols \u00e0 plus de 2000 m<\/p>\n<p>Un g\u00eete \u00e0 Montferrier &#8220;le Paradoxe des Pyr\u00e9n\u00e9es&#8221; avec une possibilit\u00e9 de 10 couchages et 3 chambres<br \/>\nJean-Pierre propose de faire la cuisine!&#8230;<\/p>\n<h3>Circuits<\/h3>\n<p>Comme pour les ann\u00e9es pr\u00e9c\u00e9dentes, des parcours seront propos\u00e9s le samedi et le lundi<\/p>\n<h3>Contact<\/h3>\n<p>Jean-Pierre Lambert<br \/>\n06 74 63 27 42<br \/>\n<a href=\"ma&#105;lt&#111;:&#104;&#105;&#103;&#104;l&#97;&#110;&#100;&#46;flower&#64;fr&#101;e&#46;&#102;&#114;\">highl&#97;n&#100;&#46;flow&#101;&#114;&#64;&#102;ree.&#102;r<\/a><\/p>\n","protected":false},"excerpt":{"rendered":"<p>Dimanche 8 septembre 2019, Languedoc &#8211; Roussillon Sortie Michel Bernardini Le rassemblement r\u00e9gional &#8220;La Bernardini&#8221; se tiendra cette ann\u00e9e du c\u00f4t\u00e9 des Monts d&#8217;Olmes Dans les environs, il y a \u00e0 visiter le ch\u00e2teau cathare de Monts\u00e9gur ainsi que quelques cols \u00e0 plus de 2000 m Un g\u00eete \u00e0 Montferrier &#8220;le Paradoxe des Pyr\u00e9n\u00e9es&#8221; avec [&hellip;]<\/p>\n","protected":false},"author":147,"featured_media":0,"comment_status":"closed","ping_status":"closed","sticky":false,"template":"","format":"standard","meta":{"_acf_changed":false,"ub_ctt_via":"","_monsterinsights_skip_tracking":false,"_monsterinsights_sitenote_active":false,"_monsterinsights_sitenote_note":"","_monsterinsights_sitenote_category":0,"footnotes":""},"categories":[261],"tags":[],"acf":[],"featured_image_urls":{"full":"","thumbnail":"","medium":"","medium_large":"","large":"","1536x1536":"","2048x2048":"","woocommerce_thumbnail":"","woocommerce_single":"","woocommerce_gallery_thumbnail":""},"post_excerpt_stackable":"<p>Dimanche 8 septembre 2019, Languedoc &#8211; Roussillon Sortie Michel Bernardini Le rassemblement r\u00e9gional &#8220;La Bernardini&#8221; se tiendra cette ann\u00e9e du c\u00f4t\u00e9 des Monts d&#8217;Olmes Dans les environs, il y a \u00e0 visiter le ch\u00e2teau cathare de Monts\u00e9gur ainsi que quelques cols \u00e0 plus de 2000 m Un g\u00eete \u00e0 Montferrier &#8220;le Paradoxe des Pyr\u00e9n\u00e9es&#8221; avec une possibilit\u00e9 de 10 couchages et 3 chambres Jean-Pierre propose de faire la cuisine!&#8230; Circuits Comme pour les ann\u00e9es pr\u00e9c\u00e9dentes, des parcours seront propos\u00e9s le samedi et le lundi Contact Jean-Pierre Lambert 06 74 63 27 42 h&#105;&#103;h&#108;an&#100;.f&#108;owe&#114;&#64;&#102;&#114;e&#101;.&#102;&#114;<\/p>\n","category_list":"<a href=\"https:\/\/centcols.org\/backup\/categorie\/rassemblements\/rassemblements-2019\/\" rel=\"category tag\">Les rassemblements de 2019<\/a>","author_info":{"display_name":"Guy Harl\u00e9","author_link":"https:\/\/centcols.org\/backup\/author\/5193\/"},"comments_num":"0 commentaire","featured_image_urls_v2":{"full":"","thumbnail":"","medium":"","medium_large":"","large":"","1536x1536":"","2048x2048":"","woocommerce_thumbnail":"","woocommerce_single":"","woocommerce_gallery_thumbnail":""},"post_excerpt_stackable_v2":"<p>Dimanche 8 septembre 2019, Languedoc &#8211; Roussillon Sortie Michel Bernardini Le rassemblement r\u00e9gional &#8220;La Bernardini&#8221; se tiendra cette ann\u00e9e du c\u00f4t\u00e9 des Monts d&#8217;Olmes Dans les environs, il y a \u00e0 visiter le ch\u00e2teau cathare de Monts\u00e9gur ainsi que quelques cols \u00e0 plus de 2000 m Un g\u00eete \u00e0 Montferrier &#8220;le Paradoxe des Pyr\u00e9n\u00e9es&#8221; avec une possibilit\u00e9 de 10 couchages et 3 chambres Jean-Pierre propose de faire la cuisine!&#8230; Circuits Comme pour les ann\u00e9es pr\u00e9c\u00e9dentes, des parcours seront propos\u00e9s le samedi et le lundi Contact Jean-Pierre Lambert 06 74 63 27 42 &#104;i&#103;&#104;&#108;&#97;nd.&#102;lo&#119;&#101;r&#64;&#102;ree&#46;&#102;r<\/p>\n","category_list_v2":"<a href=\"https:\/\/centcols.org\/backup\/categorie\/rassemblements\/rassemblements-2019\/\" rel=\"category tag\">Les rassemblements de 2019<\/a>","author_info_v2":{"name":"Guy Harl\u00e9","url":"https:\/\/centcols.org\/backup\/author\/5193\/"},"comments_num_v2":"0 commentaire","featured_image_src":null,"_links":{"self":[{"href":"https:\/\/centcols.org\/backup\/wp-json\/wp\/v2\/posts\/34830"}],"collection":[{"href":"https:\/\/centcols.org\/backup\/wp-json\/wp\/v2\/posts"}],"about":[{"href":"https:\/\/centcols.org\/backup\/wp-json\/wp\/v2\/types\/post"}],"author":[{"embeddable":true,"href":"https:\/\/centcols.org\/backup\/wp-json\/wp\/v2\/users\/147"}],"replies":[{"embeddable":true,"href":"https:\/\/centcols.org\/backup\/wp-json\/wp\/v2\/comments?post=34830"}],"version-history":[{"count":0,"href":"https:\/\/centcols.org\/backup\/wp-json\/wp\/v2\/posts\/34830\/revisions"}],"wp:attachment":[{"href":"https:\/\/centcols.org\/backup\/wp-json\/wp\/v2\/media?parent=34830"}],"wp:term":[{"taxonomy":"category","embeddable":true,"href":"https:\/\/centcols.org\/backup\/wp-json\/wp\/v2\/categories?post=34830"},{"taxonomy":"post_tag","embeddable":true,"href":"https:\/\/centcols.org\/backup\/wp-json\/wp\/v2\/tags?post=34830"}],"curies":[{"name":"wp","href":"https:\/\/api.w.org\/{rel}","templated":true}]}}