{"id":34832,"date":"2018-12-16T18:20:37","date_gmt":"2018-12-16T17:20:37","guid":{"rendered":"http:\/\/centcols.org\/backup\/?p=34832"},"modified":"2019-08-20T13:51:33","modified_gmt":"2019-08-20T11:51:33","slug":"massif-central-est-2019","status":"publish","type":"post","link":"https:\/\/centcols.org\/backup\/massif-central-est-2019\/","title":{"rendered":"Massif Central Est, col de Pavezin, 29 septembre 2019"},"content":{"rendered":"<p>Dimanche 29 septembre 2019, Massif Central Est<br \/>\nRassemblement au col de Pavezin<\/p>\n<p>Cette ann\u00e9e encore, la Rencontre r\u00e9gionale Massif Central Est, se d\u00e9roulera au col de Pavezin (42-0651) situ\u00e9 dans le d\u00e9partement de la Loire sur les contreforts du Parc r\u00e9gional du Pilat.<br \/>\nC\u2019est ce col qu\u2019avait choisi V\u00e9locio (ap\u00f4tre du cyclotourisme) pour se retrouver avec tous ses amis cyclotouristes au mois de septembre de chaque ann\u00e9e.<br \/>\nCet homme, inventeur du mot cyclotourisme (n\u00e9 \u00e0 Pernes-les-Fontaines en 1853 et d\u00e9c\u00e9d\u00e9 \u00e0 St-Etienne en 1930), \u00e9tait tr\u00e8s appr\u00e9ci\u00e9 de tous les amoureux de la petite reine. L\u2019industrie du cycle st\u00e9phanoise lui doit beaucoup.<br \/>\nC\u2019est pourquoi, le CODEP 42 de la FFCT, en sa m\u00e9moire, organise une concentration annuelle en ce lieu mythique. Nous profiterons de cette organisation pour se joindre \u00e0 elle, le temps d\u2019une matin\u00e9e automnale.<\/p>\n<p><a href=\"https:\/\/centcols.org\/backup\/wp-content\/uploads\/2018\/12\/col-pavezin.jpg\"><img loading=\"lazy\" decoding=\"async\" class=\"alignnone size-medium wp-image-36277\" src=\"https:\/\/centcols.org\/backup\/wp-content\/uploads\/2018\/12\/col-pavezin-500x375.jpg\" alt=\"\" width=\"500\" height=\"375\" srcset=\"https:\/\/centcols.org\/backup\/wp-content\/uploads\/2018\/12\/col-pavezin-500x375.jpg 500w, https:\/\/centcols.org\/backup\/wp-content\/uploads\/2018\/12\/col-pavezin-600x450.jpg 600w, https:\/\/centcols.org\/backup\/wp-content\/uploads\/2018\/12\/col-pavezin-768x576.jpg 768w, https:\/\/centcols.org\/backup\/wp-content\/uploads\/2018\/12\/col-pavezin.jpg 800w\" sizes=\"(max-width: 500px) 100vw, 500px\" \/><\/a><\/p>\n<p>Pour les collectionneurs de cols, dans un p\u00e9rim\u00e8tre assez restreint, une multitude de cols vous attend :<\/p>\n<p><strong>15 COLS ROUTIERS :<\/strong>\u00a0\u00a0Col de Pavezin (42-0651) ; Croix du Mazet (42-0650) ; Croix de Montvieux (42-0811) ; Collet de Doizieux (42-0946) ; Collet-Royet (42-1050) ;<br \/>\nCol de l&#8217;Oeillon (42-1234) ; Collet de l&#8217;Oeillon (42-1318) ; Col du Gratteau (42-1205) ; Croix de Chaubouret (42-1201) ; Col de la Barbanche (42-1040);\u00a0Col du Planil (42-0847) ; Col de la Grenouze (42-0624) ; Col de Chassenoud (69-0557) ; Col de la Croix-R\u00e9gis (69-0501) ; Col du Bourrin (69-0464).<\/p>\n<p><strong>8 COLS MULETIERS :<\/strong> Col des Petites Croix (42-1395) ; Col de la Chomette (42-0986) ; Col de l&#8217;Etan\u00e7on (42-1370) ; Col du Rachat (42-1375) ;\u00a0Col de Trente-Sous (42-0643) Col de Botte (42-1335) ; Col du Creux du Loup (42-1219) ; Col du Grand Gouret (42-1164a).<\/p>\n<p><strong>Nota :<\/strong> <a href=\"https:\/\/centcols.org\/backup\/annonces\/croix-du-mazet-2019\/\" target=\"_blank\" rel=\"noopener\">Voir en page &#8221;petites annonces&#8221;<\/a> la proposition de s\u00e9jour au col de la Croix de Mazet<\/p>\n<h3>Contact<\/h3>\n<p>Jean-Paul Galambaud<br \/>\n06 70 11 16 36<br \/>\n<a href=\"m&#97;ilt&#111;&#58;j&#112;&#103;a&#108;&#97;m&#98;a&#117;&#100;&#64;or&#97;nge.f&#114;\">j&#112;&#103;a&#108;&#97;mba&#117;&#100;&#64;o&#114;ange.&#102;&#114;<\/a><\/p>\n","protected":false},"excerpt":{"rendered":"<p>Dimanche 29 septembre 2019, Massif Central Est Rassemblement au col de Pavezin Cette ann\u00e9e encore, la Rencontre r\u00e9gionale Massif Central Est, se d\u00e9roulera au col de Pavezin (42-0651) situ\u00e9 dans le d\u00e9partement de la Loire sur les contreforts du Parc r\u00e9gional du Pilat. C\u2019est ce col qu\u2019avait choisi V\u00e9locio (ap\u00f4tre du cyclotourisme) pour se retrouver [&hellip;]<\/p>\n","protected":false},"author":147,"featured_media":0,"comment_status":"closed","ping_status":"closed","sticky":false,"template":"","format":"standard","meta":{"_acf_changed":false,"ub_ctt_via":"","_monsterinsights_skip_tracking":false,"_monsterinsights_sitenote_active":false,"_monsterinsights_sitenote_note":"","_monsterinsights_sitenote_category":0,"footnotes":""},"categories":[261],"tags":[],"acf":[],"featured_image_urls":{"full":"","thumbnail":"","medium":"","medium_large":"","large":"","1536x1536":"","2048x2048":"","woocommerce_thumbnail":"","woocommerce_single":"","woocommerce_gallery_thumbnail":""},"post_excerpt_stackable":"<p>Dimanche 29 septembre 2019, Massif Central Est Rassemblement au col de Pavezin Cette ann\u00e9e encore, la Rencontre r\u00e9gionale Massif Central Est, se d\u00e9roulera au col de Pavezin (42-0651) situ\u00e9 dans le d\u00e9partement de la Loire sur les contreforts du Parc r\u00e9gional du Pilat. C\u2019est ce col qu\u2019avait choisi V\u00e9locio (ap\u00f4tre du cyclotourisme) pour se retrouver avec tous ses amis cyclotouristes au mois de septembre de chaque ann\u00e9e. Cet homme, inventeur du mot cyclotourisme (n\u00e9 \u00e0 Pernes-les-Fontaines en 1853 et d\u00e9c\u00e9d\u00e9 \u00e0 St-Etienne en 1930), \u00e9tait tr\u00e8s appr\u00e9ci\u00e9 de tous les amoureux de la petite reine. L\u2019industrie du cycle st\u00e9phanoise lui\u2026<\/p>\n","category_list":"<a href=\"https:\/\/centcols.org\/backup\/categorie\/rassemblements\/rassemblements-2019\/\" rel=\"category tag\">Les rassemblements de 2019<\/a>","author_info":{"display_name":"Guy Harl\u00e9","author_link":"https:\/\/centcols.org\/backup\/author\/5193\/"},"comments_num":"0 commentaire","featured_image_urls_v2":{"full":"","thumbnail":"","medium":"","medium_large":"","large":"","1536x1536":"","2048x2048":"","woocommerce_thumbnail":"","woocommerce_single":"","woocommerce_gallery_thumbnail":""},"post_excerpt_stackable_v2":"<p>Dimanche 29 septembre 2019, Massif Central Est Rassemblement au col de Pavezin Cette ann\u00e9e encore, la Rencontre r\u00e9gionale Massif Central Est, se d\u00e9roulera au col de Pavezin (42-0651) situ\u00e9 dans le d\u00e9partement de la Loire sur les contreforts du Parc r\u00e9gional du Pilat. C\u2019est ce col qu\u2019avait choisi V\u00e9locio (ap\u00f4tre du cyclotourisme) pour se retrouver avec tous ses amis cyclotouristes au mois de septembre de chaque ann\u00e9e. Cet homme, inventeur du mot cyclotourisme (n\u00e9 \u00e0 Pernes-les-Fontaines en 1853 et d\u00e9c\u00e9d\u00e9 \u00e0 St-Etienne en 1930), \u00e9tait tr\u00e8s appr\u00e9ci\u00e9 de tous les amoureux de la petite reine. L\u2019industrie du cycle st\u00e9phanoise lui\u2026<\/p>\n","category_list_v2":"<a href=\"https:\/\/centcols.org\/backup\/categorie\/rassemblements\/rassemblements-2019\/\" rel=\"category tag\">Les rassemblements de 2019<\/a>","author_info_v2":{"name":"Guy Harl\u00e9","url":"https:\/\/centcols.org\/backup\/author\/5193\/"},"comments_num_v2":"0 commentaire","featured_image_src":null,"_links":{"self":[{"href":"https:\/\/centcols.org\/backup\/wp-json\/wp\/v2\/posts\/34832"}],"collection":[{"href":"https:\/\/centcols.org\/backup\/wp-json\/wp\/v2\/posts"}],"about":[{"href":"https:\/\/centcols.org\/backup\/wp-json\/wp\/v2\/types\/post"}],"author":[{"embeddable":true,"href":"https:\/\/centcols.org\/backup\/wp-json\/wp\/v2\/users\/147"}],"replies":[{"embeddable":true,"href":"https:\/\/centcols.org\/backup\/wp-json\/wp\/v2\/comments?post=34832"}],"version-history":[{"count":0,"href":"https:\/\/centcols.org\/backup\/wp-json\/wp\/v2\/posts\/34832\/revisions"}],"wp:attachment":[{"href":"https:\/\/centcols.org\/backup\/wp-json\/wp\/v2\/media?parent=34832"}],"wp:term":[{"taxonomy":"category","embeddable":true,"href":"https:\/\/centcols.org\/backup\/wp-json\/wp\/v2\/categories?post=34832"},{"taxonomy":"post_tag","embeddable":true,"href":"https:\/\/centcols.org\/backup\/wp-json\/wp\/v2\/tags?post=34832"}],"curies":[{"name":"wp","href":"https:\/\/api.w.org\/{rel}","templated":true}]}}