{"id":34864,"date":"2018-12-16T18:11:51","date_gmt":"2018-12-16T17:11:51","guid":{"rendered":"http:\/\/centcols.org\/backup\/?p=34864"},"modified":"2019-08-25T16:45:47","modified_gmt":"2019-08-25T14:45:47","slug":"dav-2019","status":"publish","type":"post","link":"https:\/\/centcols.org\/backup\/dav-2019\/","title":{"rendered":"Dr\u00f4me Ard\u00e8che Vaucluse, col de Bouti\u00e8re, 31 ao\u00fbt 2019"},"content":{"rendered":"<p>Samedi 31 ao\u00fbt 2019, Dr\u00f4me, Ard\u00e8che, Vaucluse<br \/>\nCol de Bouti\u00e8re (FR-26-0654)<\/p>\n<div>D\u00e9part de Dieulefit \u00e0 9 h 00. Possibilit\u00e9 de parking en arrivant de La B\u00e9gude de Mazenc ou de Bourde<\/div>\n<h3>\u00a0Contact<\/h3>\n<p>Jean-Marie Gilouin<br \/>\n06 31 79 01 06<br \/>\n<a href=\"&#109;a&#105;&#108;&#116;o&#58;bj&#109;.&#99;&#101;&#110;&#116;&#99;&#111;&#108;&#115;&#64;g&#109;ai&#108;.c&#111;m\">bj&#109;.&#99;e&#110;&#116;cols&#64;&#103;m&#97;&#105;l&#46;&#99;&#111;m<\/a><\/p>\n","protected":false},"excerpt":{"rendered":"<p>Samedi 31 ao\u00fbt 2019, Dr\u00f4me, Ard\u00e8che, Vaucluse Col de Bouti\u00e8re (FR-26-0654) D\u00e9part de Dieulefit \u00e0 9 h 00. Possibilit\u00e9 de parking en arrivant de La B\u00e9gude de Mazenc ou de Bourde \u00a0Contact Jean-Marie Gilouin 06 31 79 01 06<\/p>\n","protected":false},"author":147,"featured_media":0,"comment_status":"closed","ping_status":"closed","sticky":false,"template":"","format":"standard","meta":{"_acf_changed":false,"ub_ctt_via":"","_monsterinsights_skip_tracking":false,"_monsterinsights_sitenote_active":false,"_monsterinsights_sitenote_note":"","_monsterinsights_sitenote_category":0,"footnotes":""},"categories":[261,7],"tags":[],"acf":[],"featured_image_urls":{"full":"","thumbnail":"","medium":"","medium_large":"","large":"","1536x1536":"","2048x2048":"","woocommerce_thumbnail":"","woocommerce_single":"","woocommerce_gallery_thumbnail":""},"post_excerpt_stackable":"<p>Samedi 31 ao\u00fbt 2019, Dr\u00f4me, Ard\u00e8che, Vaucluse Col de Bouti\u00e8re (FR-26-0654) D\u00e9part de Dieulefit \u00e0 9 h 00. Possibilit\u00e9 de parking en arrivant de La B\u00e9gude de Mazenc ou de Bourde \u00a0Contact Jean-Marie Gilouin 06 31 79 01 06 bj&#109;&#46;&#99;en&#116;&#99;o&#108;s&#64;g&#109;a&#105;&#108;.&#99;&#111;m<\/p>\n","category_list":"<a href=\"https:\/\/centcols.org\/backup\/categorie\/rassemblements\/rassemblements-2019\/\" rel=\"category tag\">Les rassemblements de 2019<\/a>, <a href=\"https:\/\/centcols.org\/backup\/categorie\/rassemblements\/\" rel=\"category tag\">Rencontres r\u00e9gionales<\/a>","author_info":{"display_name":"Guy Harl\u00e9","author_link":"https:\/\/centcols.org\/backup\/author\/5193\/"},"comments_num":"0 commentaire","featured_image_urls_v2":{"full":"","thumbnail":"","medium":"","medium_large":"","large":"","1536x1536":"","2048x2048":"","woocommerce_thumbnail":"","woocommerce_single":"","woocommerce_gallery_thumbnail":""},"post_excerpt_stackable_v2":"<p>Samedi 31 ao\u00fbt 2019, Dr\u00f4me, Ard\u00e8che, Vaucluse Col de Bouti\u00e8re (FR-26-0654) D\u00e9part de Dieulefit \u00e0 9 h 00. Possibilit\u00e9 de parking en arrivant de La B\u00e9gude de Mazenc ou de Bourde \u00a0Contact Jean-Marie Gilouin 06 31 79 01 06 bjm.&#99;&#101;n&#116;&#99;&#111;&#108;&#115;&#64;g&#109;&#97;&#105;&#108;.&#99;&#111;&#109;<\/p>\n","category_list_v2":"<a href=\"https:\/\/centcols.org\/backup\/categorie\/rassemblements\/rassemblements-2019\/\" rel=\"category tag\">Les rassemblements de 2019<\/a>, <a href=\"https:\/\/centcols.org\/backup\/categorie\/rassemblements\/\" rel=\"category tag\">Rencontres r\u00e9gionales<\/a>","author_info_v2":{"name":"Guy Harl\u00e9","url":"https:\/\/centcols.org\/backup\/author\/5193\/"},"comments_num_v2":"0 commentaire","featured_image_src":null,"_links":{"self":[{"href":"https:\/\/centcols.org\/backup\/wp-json\/wp\/v2\/posts\/34864"}],"collection":[{"href":"https:\/\/centcols.org\/backup\/wp-json\/wp\/v2\/posts"}],"about":[{"href":"https:\/\/centcols.org\/backup\/wp-json\/wp\/v2\/types\/post"}],"author":[{"embeddable":true,"href":"https:\/\/centcols.org\/backup\/wp-json\/wp\/v2\/users\/147"}],"replies":[{"embeddable":true,"href":"https:\/\/centcols.org\/backup\/wp-json\/wp\/v2\/comments?post=34864"}],"version-history":[{"count":0,"href":"https:\/\/centcols.org\/backup\/wp-json\/wp\/v2\/posts\/34864\/revisions"}],"wp:attachment":[{"href":"https:\/\/centcols.org\/backup\/wp-json\/wp\/v2\/media?parent=34864"}],"wp:term":[{"taxonomy":"category","embeddable":true,"href":"https:\/\/centcols.org\/backup\/wp-json\/wp\/v2\/categories?post=34864"},{"taxonomy":"post_tag","embeddable":true,"href":"https:\/\/centcols.org\/backup\/wp-json\/wp\/v2\/tags?post=34864"}],"curies":[{"name":"wp","href":"https:\/\/api.w.org\/{rel}","templated":true}]}}