{"id":34865,"date":"2018-12-16T18:17:51","date_gmt":"2018-12-16T17:17:51","guid":{"rendered":"http:\/\/centcols.org\/backup\/?p=34865"},"modified":"2019-09-11T15:15:06","modified_gmt":"2019-09-11T13:15:06","slug":"alpes-sud-2019","status":"publish","type":"post","link":"https:\/\/centcols.org\/backup\/alpes-sud-2019\/","title":{"rendered":"Alpes du Sud, col d&#8217;Espr\u00e9aux, 14 septembre 2019"},"content":{"rendered":"<p>Samedi 14 septembre 2019, Alpes Sud<br \/>\nCol d&#8217;Espr\u00e9aux (FR-05-1160a)<\/p>\n<p>Rassemblement commun avec celui du Comit\u00e9 d\u00e9partemental des Hautes Alpes<\/p>\n<p>D\u00e9parts pr\u00e9vus de Gap et Tallard<br \/>\nRendez-vous pr\u00e9vu pour midi au col c\u00f4t\u00e9 Veynes<\/p>\n<p><a href=\"https:\/\/centcols.org\/backup\/wp-content\/uploads\/2018\/12\/Alpes-Sud2019.pdf\" target=\"_blank\" rel=\"noopener noreferrer\">T\u00e9l\u00e9charger le dossier rassemblement Alpes du Sud ICI<\/a><\/p>\n<h3>Contact<\/h3>\n<p>Bernard Henry<br \/>\n06 08 74 29 59<br \/>\n<a href=\"&#109;&#97;il&#116;o&#58;b&#101;&#114;na&#114;d&#46;&#104;e&#110;&#114;y05&#64;orange.&#102;r\">b&#101;rnar&#100;&#46;h&#101;n&#114;y&#48;5&#64;&#111;&#114;&#97;ng&#101;&#46;fr<\/a><\/p>\n","protected":false},"excerpt":{"rendered":"<p>Samedi 14 septembre 2019, Alpes Sud Col d&#8217;Espr\u00e9aux (FR-05-1160a) Rassemblement commun avec celui du Comit\u00e9 d\u00e9partemental des Hautes Alpes D\u00e9parts pr\u00e9vus de Gap et Tallard Rendez-vous pr\u00e9vu pour midi au col c\u00f4t\u00e9 Veynes T\u00e9l\u00e9charger le dossier rassemblement Alpes du Sud ICI Contact Bernard Henry 06 08 74 29 59<\/p>\n","protected":false},"author":147,"featured_media":0,"comment_status":"closed","ping_status":"closed","sticky":false,"template":"","format":"standard","meta":{"_acf_changed":false,"ub_ctt_via":"","_monsterinsights_skip_tracking":false,"_monsterinsights_sitenote_active":false,"_monsterinsights_sitenote_note":"","_monsterinsights_sitenote_category":0,"footnotes":""},"categories":[261,7],"tags":[],"acf":[],"featured_image_urls":{"full":"","thumbnail":"","medium":"","medium_large":"","large":"","1536x1536":"","2048x2048":"","woocommerce_thumbnail":"","woocommerce_single":"","woocommerce_gallery_thumbnail":""},"post_excerpt_stackable":"<p>Samedi 14 septembre 2019, Alpes Sud Col d&#8217;Espr\u00e9aux (FR-05-1160a) Rassemblement commun avec celui du Comit\u00e9 d\u00e9partemental des Hautes Alpes D\u00e9parts pr\u00e9vus de Gap et Tallard Rendez-vous pr\u00e9vu pour midi au col c\u00f4t\u00e9 Veynes T\u00e9l\u00e9charger le dossier rassemblement Alpes du Sud ICI Contact Bernard Henry 06 08 74 29 59 &#98;e&#114;nard.&#104;&#101;nr&#121;0&#53;&#64;or&#97;nge.&#102;&#114;<\/p>\n","category_list":"<a href=\"https:\/\/centcols.org\/backup\/categorie\/rassemblements\/rassemblements-2019\/\" rel=\"category tag\">Les rassemblements de 2019<\/a>, <a href=\"https:\/\/centcols.org\/backup\/categorie\/rassemblements\/\" rel=\"category tag\">Rencontres r\u00e9gionales<\/a>","author_info":{"display_name":"Guy Harl\u00e9","author_link":"https:\/\/centcols.org\/backup\/author\/5193\/"},"comments_num":"0 commentaire","featured_image_urls_v2":{"full":"","thumbnail":"","medium":"","medium_large":"","large":"","1536x1536":"","2048x2048":"","woocommerce_thumbnail":"","woocommerce_single":"","woocommerce_gallery_thumbnail":""},"post_excerpt_stackable_v2":"<p>Samedi 14 septembre 2019, Alpes Sud Col d&#8217;Espr\u00e9aux (FR-05-1160a) Rassemblement commun avec celui du Comit\u00e9 d\u00e9partemental des Hautes Alpes D\u00e9parts pr\u00e9vus de Gap et Tallard Rendez-vous pr\u00e9vu pour midi au col c\u00f4t\u00e9 Veynes T\u00e9l\u00e9charger le dossier rassemblement Alpes du Sud ICI Contact Bernard Henry 06 08 74 29 59 &#98;&#101;&#114;&#110;&#97;rd&#46;he&#110;&#114;y&#48;&#53;&#64;&#111;&#114;ange&#46;&#102;&#114;<\/p>\n","category_list_v2":"<a href=\"https:\/\/centcols.org\/backup\/categorie\/rassemblements\/rassemblements-2019\/\" rel=\"category tag\">Les rassemblements de 2019<\/a>, <a href=\"https:\/\/centcols.org\/backup\/categorie\/rassemblements\/\" rel=\"category tag\">Rencontres r\u00e9gionales<\/a>","author_info_v2":{"name":"Guy Harl\u00e9","url":"https:\/\/centcols.org\/backup\/author\/5193\/"},"comments_num_v2":"0 commentaire","featured_image_src":null,"_links":{"self":[{"href":"https:\/\/centcols.org\/backup\/wp-json\/wp\/v2\/posts\/34865"}],"collection":[{"href":"https:\/\/centcols.org\/backup\/wp-json\/wp\/v2\/posts"}],"about":[{"href":"https:\/\/centcols.org\/backup\/wp-json\/wp\/v2\/types\/post"}],"author":[{"embeddable":true,"href":"https:\/\/centcols.org\/backup\/wp-json\/wp\/v2\/users\/147"}],"replies":[{"embeddable":true,"href":"https:\/\/centcols.org\/backup\/wp-json\/wp\/v2\/comments?post=34865"}],"version-history":[{"count":0,"href":"https:\/\/centcols.org\/backup\/wp-json\/wp\/v2\/posts\/34865\/revisions"}],"wp:attachment":[{"href":"https:\/\/centcols.org\/backup\/wp-json\/wp\/v2\/media?parent=34865"}],"wp:term":[{"taxonomy":"category","embeddable":true,"href":"https:\/\/centcols.org\/backup\/wp-json\/wp\/v2\/categories?post=34865"},{"taxonomy":"post_tag","embeddable":true,"href":"https:\/\/centcols.org\/backup\/wp-json\/wp\/v2\/tags?post=34865"}],"curies":[{"name":"wp","href":"https:\/\/api.w.org\/{rel}","templated":true}]}}