{"id":34945,"date":"2018-12-16T05:00:43","date_gmt":"2018-12-16T04:00:43","guid":{"rendered":"http:\/\/centcols.org\/backup\/?p=34945"},"modified":"2019-04-30T15:29:54","modified_gmt":"2019-04-30T13:29:54","slug":"champagne-2019-2","status":"publish","type":"post","link":"https:\/\/centcols.org\/backup\/champagne-2019-2\/","title":{"rendered":"Champagne, 4 mai 2019"},"content":{"rendered":"<p>Samedi 4 mai 2019, Champagne\u00a0 \u00a0<span style=\"color: #ff0000;\"><strong>Annul\u00e9<\/strong><\/span><br \/>\nCol des Abeilles (nouveau col)\u00a0 \u00a0\u00a0<a href=\"https:\/\/centcols.org\/backup\/util\/geo\/visuGen.php?code=FR-51-0196\" target=\"_blank\" rel=\"noopener\">Voir sur la carte<\/a><\/p>\n<p>Ce col est situ\u00e9 \u00e0 proximit\u00e9 du site historique de la Grande Guerre appel\u00e9 &#8220;La Main de Massiges&#8221;.<br \/>\nAu programme : visite du site de la Main de Massiges, circuit routier ou VTT passant par plusieurs sites de la Premi\u00e8re guerre mondiale.<\/p>\n<h3>Rendez-vous<\/h3>\n<p>9 h 30, parking du mus\u00e9e de la guerre, La Main de Massiges\u00a0 \u00a0<strong>GPS :<\/strong> N49.194936 E4.753995<\/p>\n<div id=\"lmm_f633bcc6\" style=\"width:100%;\" class=\"mapsmarker markermap marker-6\">\n<div id=\"lmm_panel_f633bcc6\" class=\"lmm-panel\" style=\"background:#efefef;\">\n<div id=\"lmm_panel_api_f633bcc6\" class=\"lmm-panel-api\"><a href=\"https:\/\/maps.google.com\/maps?daddr=La+Main+de+Massiges&amp;t=m&amp;layer=1&amp;doflg=ptk&amp;om=0\" target=\"_blank\" title=\"Obtenir l&#039;itin\u00e9raire\"><img loading=\"lazy\" decoding=\"async\" alt=\"icon-car.png\" src=\"https:\/\/centcols.org\/backup\/wp-content\/plugins\/leaflet-maps-marker\/inc\/img\/icon-car.png\" width=\"14\" height=\"14\" class=\"lmm-panel-api-images\" \/><\/a><\/div><div id=\"lmm_panel_text_f633bcc6\" class=\"lmm-panel-text\" style=\"font-weight:bold;color:#373737;\">La Main de Massiges<\/div><\/div>\n<div id=\"lmm_map_f633bcc6\" class=\"lmm-map\" style=\"background:#f6f6f6;border:1px solid #ccc;height:480px; overflow:hidden;padding:0;\"><p style=\"font-size:80%;color:#9f9e9e;margin-left:5px;\">chargement de la carte - veuillez patienter...<noscript><br\/><strong>La carte ne peut \u00eatre charg\u00e9e - s'il vous pla\u00eet activer Javascript !<\/strong><br\/><a style=\"text-decoration:none;\" href=\"https:\/\/www.mapsmarker.com\/js-disabled\" target=\"_blank\">&rarr; plus dginformations<\/a><\/noscript><\/p><\/div>\n<div id=\"lmm_geo_tags_f633bcc6\" class=\"lmm-geo-tags geo\">\n<span class=\"paneltext\">La Main de Massiges<\/span>\n<span class=\"latitude\">49.194500<\/span>, <span class=\"longitude\">4.755750<\/span>\n<span class=\"popuptext\"><\/span>\n<\/div>\n<\/div>\n<p>Visite guid\u00e9e possible du mus\u00e9e (tranch\u00e9es, etc&#8230;)<\/p>\n<p>Pour l&#8217;organisation et l&#8217;intendance, signaler votre pr\u00e9sence au plus tard le samedi 30 avril<\/p>\n<h3>Circuits<\/h3>\n<p>&#8211; Parcours 59 km :\u00a0<span style=\"color: #0000ff;\"><u><a href=\"https:\/\/www.openrunner.com\/r\/9816371\" target=\"_blank\" rel=\"noopener\"><span style=\"color: #1155cc;\"><span style=\"font-family: Helvetica Neue, Helvetica, sans-serif;\"><span style=\"font-size: small;\">https:\/\/www.openrunner.com\/r\/9816371<\/span><\/span><\/span><\/a><\/u><\/span><span style=\"color: #222222;\"><span style=\"font-family: Roboto, RobotoDraft;\"><span style=\"font-size: small;\">\u00a0<\/span><\/span><\/span><\/p>\n<p>&#8211; Parcours 53 km :\u00a0<span style=\"color: #0000ff;\"><u><a href=\"https:\/\/www.openrunner.com\/r\/9816336\" target=\"_blank\" rel=\"noopener\"><span style=\"color: #1155cc;\"><span style=\"font-family: Helvetica Neue, Helvetica, sans-serif;\"><span style=\"font-size: small;\">https:\/\/www.openrunner.com\/r\/9816336<\/span><\/span><\/span><\/a><\/u><\/span><span style=\"color: #222222;\"><span style=\"font-family: Roboto, RobotoDraft;\"><span style=\"font-size: small;\">\u00a0<\/span><\/span><\/span><\/p>\n<p>Arriv\u00e9e au col des Abeilles (FR-51-0196)<\/p>\n<h3>Contact<\/h3>\n<p>Herv\u00e9 Richard<br \/>\n07 82 52 02 10<br \/>\n<a href=\"m&#97;&#105;&#108;t&#111;:dt&#46;&#48;3&#87;&#64;ce&#110;&#116;&#99;&#111;ls&#46;&#110;&#101;&#116;\">d&#116;.&#48;&#51;W&#64;&#99;&#101;&#110;&#116;c&#111;&#108;&#115;&#46;net<\/a> ou <a href=\"&#109;&#97;il&#116;&#111;:hr&#99;&#101;&#110;tc&#111;&#108;&#115;&#64;gma&#105;l&#46;c&#111;m\">h&#114;&#99;en&#116;&#99;&#111;&#108;s&#64;g&#109;ai&#108;.&#99;&#111;m<\/a><\/p>\n","protected":false},"excerpt":{"rendered":"<p>Samedi 4 mai 2019, Champagne\u00a0 \u00a0Annul\u00e9 Col des Abeilles (nouveau col)\u00a0 \u00a0\u00a0Voir sur la carte Ce col est situ\u00e9 \u00e0 proximit\u00e9 du site historique de la Grande Guerre appel\u00e9 &#8220;La Main de Massiges&#8221;. Au programme : visite du site de la Main de Massiges, circuit routier ou VTT passant par plusieurs sites de la Premi\u00e8re [&hellip;]<\/p>\n","protected":false},"author":147,"featured_media":0,"comment_status":"closed","ping_status":"closed","sticky":false,"template":"","format":"standard","meta":{"_acf_changed":false,"ub_ctt_via":"","_monsterinsights_skip_tracking":false,"_monsterinsights_sitenote_active":false,"_monsterinsights_sitenote_note":"","_monsterinsights_sitenote_category":0,"footnotes":""},"categories":[261,7],"tags":[],"acf":[],"featured_image_urls":{"full":"","thumbnail":"","medium":"","medium_large":"","large":"","1536x1536":"","2048x2048":"","woocommerce_thumbnail":"","woocommerce_single":"","woocommerce_gallery_thumbnail":""},"post_excerpt_stackable":"<p>Samedi 4 mai 2019, Champagne\u00a0 \u00a0Annul\u00e9 Col des Abeilles (nouveau col)\u00a0 \u00a0\u00a0Voir sur la carte Ce col est situ\u00e9 \u00e0 proximit\u00e9 du site historique de la Grande Guerre appel\u00e9 &#8220;La Main de Massiges&#8221;. Au programme : visite du site de la Main de Massiges, circuit routier ou VTT passant par plusieurs sites de la Premi\u00e8re guerre mondiale. Rendez-vous 9 h 30, parking du mus\u00e9e de la guerre, La Main de Massiges\u00a0 \u00a0GPS : N49.194936 E4.753995 La Main de Massiges chargement de la carte &#8211; veuillez patienter&#8230;La carte ne peut \u00eatre charg\u00e9e &#8211; s&#8217;il vous pla\u00eet activer Javascript !&rarr; plus dginformations\u2026<\/p>\n","category_list":"<a href=\"https:\/\/centcols.org\/backup\/categorie\/rassemblements\/rassemblements-2019\/\" rel=\"category tag\">Les rassemblements de 2019<\/a>, <a href=\"https:\/\/centcols.org\/backup\/categorie\/rassemblements\/\" rel=\"category tag\">Rencontres r\u00e9gionales<\/a>","author_info":{"display_name":"Guy Harl\u00e9","author_link":"https:\/\/centcols.org\/backup\/author\/5193\/"},"comments_num":"0 commentaire","featured_image_urls_v2":{"full":"","thumbnail":"","medium":"","medium_large":"","large":"","1536x1536":"","2048x2048":"","woocommerce_thumbnail":"","woocommerce_single":"","woocommerce_gallery_thumbnail":""},"post_excerpt_stackable_v2":"<p>Samedi 4 mai 2019, Champagne\u00a0 \u00a0Annul\u00e9 Col des Abeilles (nouveau col)\u00a0 \u00a0\u00a0Voir sur la carte Ce col est situ\u00e9 \u00e0 proximit\u00e9 du site historique de la Grande Guerre appel\u00e9 &#8220;La Main de Massiges&#8221;. Au programme : visite du site de la Main de Massiges, circuit routier ou VTT passant par plusieurs sites de la Premi\u00e8re guerre mondiale. Rendez-vous 9 h 30, parking du mus\u00e9e de la guerre, La Main de Massiges\u00a0 \u00a0GPS : N49.194936 E4.753995 La Main de Massiges chargement de la carte &#8211; veuillez patienter&#8230;La carte ne peut \u00eatre charg\u00e9e &#8211; s&#8217;il vous pla\u00eet activer Javascript !&rarr; plus dginformations\u2026<\/p>\n","category_list_v2":"<a href=\"https:\/\/centcols.org\/backup\/categorie\/rassemblements\/rassemblements-2019\/\" rel=\"category tag\">Les rassemblements de 2019<\/a>, <a href=\"https:\/\/centcols.org\/backup\/categorie\/rassemblements\/\" rel=\"category tag\">Rencontres r\u00e9gionales<\/a>","author_info_v2":{"name":"Guy Harl\u00e9","url":"https:\/\/centcols.org\/backup\/author\/5193\/"},"comments_num_v2":"0 commentaire","featured_image_src":null,"_links":{"self":[{"href":"https:\/\/centcols.org\/backup\/wp-json\/wp\/v2\/posts\/34945"}],"collection":[{"href":"https:\/\/centcols.org\/backup\/wp-json\/wp\/v2\/posts"}],"about":[{"href":"https:\/\/centcols.org\/backup\/wp-json\/wp\/v2\/types\/post"}],"author":[{"embeddable":true,"href":"https:\/\/centcols.org\/backup\/wp-json\/wp\/v2\/users\/147"}],"replies":[{"embeddable":true,"href":"https:\/\/centcols.org\/backup\/wp-json\/wp\/v2\/comments?post=34945"}],"version-history":[{"count":0,"href":"https:\/\/centcols.org\/backup\/wp-json\/wp\/v2\/posts\/34945\/revisions"}],"wp:attachment":[{"href":"https:\/\/centcols.org\/backup\/wp-json\/wp\/v2\/media?parent=34945"}],"wp:term":[{"taxonomy":"category","embeddable":true,"href":"https:\/\/centcols.org\/backup\/wp-json\/wp\/v2\/categories?post=34945"},{"taxonomy":"post_tag","embeddable":true,"href":"https:\/\/centcols.org\/backup\/wp-json\/wp\/v2\/tags?post=34945"}],"curies":[{"name":"wp","href":"https:\/\/api.w.org\/{rel}","templated":true}]}}