{"id":35022,"date":"2019-02-16T18:04:58","date_gmt":"2019-02-16T17:04:58","guid":{"rendered":"http:\/\/centcols.org\/backup\/?p=35022"},"modified":"2023-05-21T09:47:42","modified_gmt":"2023-05-21T07:47:42","slug":"sejour-ete-2019-saint-die","status":"publish","type":"post","link":"https:\/\/centcols.org\/backup\/sejour-ete-2019-saint-die\/","title":{"rendered":"S\u00e9jour d&#8217;\u00e9t\u00e9 \u00e0 Saint-Di\u00e9-des-Vosges 20 au 27 juillet 2019"},"content":{"rendered":"<p><span style=\"color: #808080;\">Ont contribu\u00e9 \u00e0 cette page de pr\u00e9sentation du s\u00e9jour Christophe Badonnel, les responsables informatique et s\u00e9jours.<\/span><\/p>\n<p>\u00c0 voir: <a href=\"https:\/\/centcols.org\/backup\/video-st-die-2019\/\">vid\u00e9o de la t\u00e9l\u00e9vision vi\u00e0Vosges<\/a> tourn\u00e9e \u00e0 l&#8217;occasion de ce s\u00e9jour.<\/p>\n<div id=\"attachment_35153\" style=\"width: 1034px\" class=\"wp-caption aligncenter\"><img loading=\"lazy\" decoding=\"async\" aria-describedby=\"caption-attachment-35153\" class=\"wp-image-35153\" src=\"https:\/\/centcols.org\/backup\/wp-content\/uploads\/2019\/03\/vue-aerienne.jpg\" alt=\"La Bolle vue a\u00e9rienne (photo La Bolle)\" width=\"1024\" height=\"680\" srcset=\"https:\/\/centcols.org\/backup\/wp-content\/uploads\/2019\/03\/vue-aerienne.jpg 1280w, https:\/\/centcols.org\/backup\/wp-content\/uploads\/2019\/03\/vue-aerienne-600x398.jpg 600w, https:\/\/centcols.org\/backup\/wp-content\/uploads\/2019\/03\/vue-aerienne-500x332.jpg 500w, https:\/\/centcols.org\/backup\/wp-content\/uploads\/2019\/03\/vue-aerienne-768x510.jpg 768w, https:\/\/centcols.org\/backup\/wp-content\/uploads\/2019\/03\/vue-aerienne-1200x797.jpg 1200w\" sizes=\"(max-width: 1024px) 100vw, 1024px\" \/><p id=\"caption-attachment-35153\" class=\"wp-caption-text\">La Bolle vue a\u00e9rienne (photo La Bolle)<\/p><\/div>\n<p><span style=\"color: #000000;\">Apr\u00e8s Mittelwihr, Bitche et Bussang, nous serons \u00e0 nouveau dans le massif vosgien cet \u00e9t\u00e9 2019. A l&#8217;invitation de Christophe Badonnel et d&#8217;une \u00e9quipe rassembl\u00e9e autour de lui, nous allons s\u00e9journer \u00e0 Saint-Di\u00e9-des-Vosges et parcourir de nouveaux cantons vosgiens.<\/span><\/p>\n<div id=\"attachment_34887\" style=\"width: 562px\" class=\"wp-caption alignright\"><img loading=\"lazy\" decoding=\"async\" aria-describedby=\"caption-attachment-34887\" class=\" wp-image-34887\" src=\"https:\/\/centcols.org\/backup\/wp-content\/uploads\/2019\/01\/Carte-GMaps-496x500.jpg\" alt=\"\" width=\"552\" height=\"556\" srcset=\"https:\/\/centcols.org\/backup\/wp-content\/uploads\/2019\/01\/Carte-GMaps-496x500.jpg 496w, https:\/\/centcols.org\/backup\/wp-content\/uploads\/2019\/01\/Carte-GMaps-100x100.jpg 100w, https:\/\/centcols.org\/backup\/wp-content\/uploads\/2019\/01\/Carte-GMaps-600x605.jpg 600w, https:\/\/centcols.org\/backup\/wp-content\/uploads\/2019\/01\/Carte-GMaps-768x775.jpg 768w, https:\/\/centcols.org\/backup\/wp-content\/uploads\/2019\/01\/Carte-GMaps.jpg 906w\" sizes=\"(max-width: 552px) 100vw, 552px\" \/><p id=\"caption-attachment-34887\" class=\"wp-caption-text\">Carte de situation<\/p><\/div>\n<p><span style=\"color: #000000;\">Sant-Di\u00e9-des-Vosges est situ\u00e9 sur le versant ouest des Vosges \u00e0 environ 80 km au sud-est de Nancy, et une cinquantaine de km au nord-est d&#8217;Epinal.<\/span><\/p>\n<p><span style=\"color: #000000;\">Nous s\u00e9journerons dans un grand \u00e9tablissement situ\u00e9 \u00e0 5 kilom\u00e8tres du centre ville. Il s&#8217;agit du Village Vacances La Bolle qui appartient au groupe Cap France.\u00a0<\/span><\/p>\n<p><span style=\"color: #000000;\">Vous trouverez ci-dessous les rubriques :<\/span><\/p>\n<ul>\n<li><span style=\"color: #000000;\">Pr\u00e9sentation de la r\u00e9gion<\/span><\/li>\n<li><a href=\"\/membres\/cctours\/tours.php?lieu=St-Di\u00e9&amp;an=2019\"><span style=\"color: #000000;\">Les circuits<\/span><\/a><\/li>\n<li><span style=\"color: #000000;\">H\u00e9bergement<\/span><\/li>\n<li><span style=\"color: #000000;\">Note du Conseil d&#8217;Administration<\/span><\/li>\n<li><span style=\"color: #000000;\">Inscription<\/span><\/li>\n<li><span style=\"color: #000000;\">Rassemblement commun Club des Cent Cols et BIG<\/span><\/li>\n<li><span style=\"color: #000000;\">Autres activit\u00e9s ou visites\u00a0 \u00a0<\/span><\/li>\n<\/ul>\n<p><span style=\"color: #ff0000;\"><strong>Quelques \u00e9l\u00e9ments pour l&#8217;arriv\u00e9e :<\/strong><\/span><\/p>\n<ul>\n<li><span style=\"color: #ff0000;\">L\u2019accueil des participants se fera \u00e0 partir de 15h30. Christophe et moi assurerons l\u2019accueil \u201dCent Cols\u201d et le personnel du centre de vacances l\u2019accueil \u201dh\u00e9bergement\u201d<\/span><\/li>\n<li><span style=\"color: #ff0000;\">Un accueil sera assur\u00e9 par l\u2019Office de Tourisme de Saint-Di\u00e9 de 17h \u00e0 17h45. Il pourra r\u00e9pondre \u00e0 toutes vos questions sur la r\u00e9gion, les possibilit\u00e9s de visite, etc.<\/span><\/li>\n<li><span style=\"color: #ff0000;\">A 18h, dans la grande salle, les traditionnels discours de bienvenue et messages pratiques seront suivi du pot d\u2019accueil<\/span><\/li>\n<li><span style=\"color: #ff0000;\">Des rubans\/bracelets vous serons remis, d\u2019une couleur pour ceux qui sont en pension compl\u00e8te, d\u2019une autre pour ceux qui ont pris le forfait 7 repas du soir et enfin d\u2019une troisi\u00e8me pour les autres membres pr\u00e9sents \u00e0 ce s\u00e9jour<\/span><\/li>\n<li><span style=\"color: #ff0000;\">La boutique, comme cela a \u00e9t\u00e9 annonc\u00e9 par un pr\u00e9c\u00e9dent mail, sera ouverte dimanche de 18h \u00e0 18h30 <b>seulement pour les personnes ayant fait des pr\u00e9-r\u00e9servations par mail, <\/b>puis lundi de 17h30 \u00e0 19h pour tous les membres. Il y aura au moins une autre ouverture de la boutique dans la semaine, cela sera pr\u00e9cis\u00e9 sur place.<\/span><\/li>\n<li><span style=\"color: #ff0000;\">Comme d\u2019habitude, les cartes des circuits au format A3, que G\u00e9rard Birelli a pr\u00e9par\u00e9es, seront affich\u00e9es ainsi que le trombinoscope<\/span><\/li>\n<\/ul>\n<p>&nbsp;<\/p>\n","protected":false},"excerpt":{"rendered":"<p>Ont contribu\u00e9 \u00e0 cette page de pr\u00e9sentation du s\u00e9jour Christophe Badonnel, les responsables informatique et s\u00e9jours. \u00c0 voir: vid\u00e9o de la t\u00e9l\u00e9vision vi\u00e0Vosges tourn\u00e9e \u00e0 l&#8217;occasion de ce s\u00e9jour. Apr\u00e8s Mittelwihr, Bitche et Bussang, nous serons \u00e0 nouveau dans le massif vosgien cet \u00e9t\u00e9 2019. A l&#8217;invitation de Christophe Badonnel et d&#8217;une \u00e9quipe rassembl\u00e9e autour [&hellip;]<\/p>\n","protected":false},"author":282,"featured_media":0,"comment_status":"closed","ping_status":"closed","sticky":false,"template":"","format":"standard","meta":{"_acf_changed":false,"ub_ctt_via":"","_monsterinsights_skip_tracking":false,"_monsterinsights_sitenote_active":false,"_monsterinsights_sitenote_note":"","_monsterinsights_sitenote_category":0,"footnotes":""},"categories":[35],"tags":[],"acf":[],"featured_image_urls":{"full":"","thumbnail":"","medium":"","medium_large":"","large":"","1536x1536":"","2048x2048":"","woocommerce_thumbnail":"","woocommerce_single":"","woocommerce_gallery_thumbnail":""},"post_excerpt_stackable":"<p>Ont contribu\u00e9 \u00e0 cette page de pr\u00e9sentation du s\u00e9jour Christophe Badonnel, les responsables informatique et s\u00e9jours. \u00c0 voir: vid\u00e9o de la t\u00e9l\u00e9vision vi\u00e0Vosges tourn\u00e9e \u00e0 l&#8217;occasion de ce s\u00e9jour. La Bolle vue a\u00e9rienne (photo La Bolle) Apr\u00e8s Mittelwihr, Bitche et Bussang, nous serons \u00e0 nouveau dans le massif vosgien cet \u00e9t\u00e9 2019. A l&#8217;invitation de Christophe Badonnel et d&#8217;une \u00e9quipe rassembl\u00e9e autour de lui, nous allons s\u00e9journer \u00e0 Saint-Di\u00e9-des-Vosges et parcourir de nouveaux cantons vosgiens. Carte de situation Sant-Di\u00e9-des-Vosges est situ\u00e9 sur le versant ouest des Vosges \u00e0 environ 80 km au sud-est de Nancy, et une cinquantaine de km\u2026<\/p>\n","category_list":"<a href=\"https:\/\/centcols.org\/backup\/categorie\/sejours\/\" rel=\"category tag\">S\u00e9jours<\/a>","author_info":{"display_name":"Thierry Labour","author_link":"https:\/\/centcols.org\/backup\/author\/5925\/"},"comments_num":"0 commentaire","featured_image_urls_v2":{"full":"","thumbnail":"","medium":"","medium_large":"","large":"","1536x1536":"","2048x2048":"","woocommerce_thumbnail":"","woocommerce_single":"","woocommerce_gallery_thumbnail":""},"post_excerpt_stackable_v2":"<p>Ont contribu\u00e9 \u00e0 cette page de pr\u00e9sentation du s\u00e9jour Christophe Badonnel, les responsables informatique et s\u00e9jours. \u00c0 voir: vid\u00e9o de la t\u00e9l\u00e9vision vi\u00e0Vosges tourn\u00e9e \u00e0 l&#8217;occasion de ce s\u00e9jour. La Bolle vue a\u00e9rienne (photo La Bolle) Apr\u00e8s Mittelwihr, Bitche et Bussang, nous serons \u00e0 nouveau dans le massif vosgien cet \u00e9t\u00e9 2019. A l&#8217;invitation de Christophe Badonnel et d&#8217;une \u00e9quipe rassembl\u00e9e autour de lui, nous allons s\u00e9journer \u00e0 Saint-Di\u00e9-des-Vosges et parcourir de nouveaux cantons vosgiens. Carte de situation Sant-Di\u00e9-des-Vosges est situ\u00e9 sur le versant ouest des Vosges \u00e0 environ 80 km au sud-est de Nancy, et une cinquantaine de km\u2026<\/p>\n","category_list_v2":"<a href=\"https:\/\/centcols.org\/backup\/categorie\/sejours\/\" rel=\"category tag\">S\u00e9jours<\/a>","author_info_v2":{"name":"Thierry Labour","url":"https:\/\/centcols.org\/backup\/author\/5925\/"},"comments_num_v2":"0 commentaire","featured_image_src":null,"_links":{"self":[{"href":"https:\/\/centcols.org\/backup\/wp-json\/wp\/v2\/posts\/35022"}],"collection":[{"href":"https:\/\/centcols.org\/backup\/wp-json\/wp\/v2\/posts"}],"about":[{"href":"https:\/\/centcols.org\/backup\/wp-json\/wp\/v2\/types\/post"}],"author":[{"embeddable":true,"href":"https:\/\/centcols.org\/backup\/wp-json\/wp\/v2\/users\/282"}],"replies":[{"embeddable":true,"href":"https:\/\/centcols.org\/backup\/wp-json\/wp\/v2\/comments?post=35022"}],"version-history":[{"count":0,"href":"https:\/\/centcols.org\/backup\/wp-json\/wp\/v2\/posts\/35022\/revisions"}],"wp:attachment":[{"href":"https:\/\/centcols.org\/backup\/wp-json\/wp\/v2\/media?parent=35022"}],"wp:term":[{"taxonomy":"category","embeddable":true,"href":"https:\/\/centcols.org\/backup\/wp-json\/wp\/v2\/categories?post=35022"},{"taxonomy":"post_tag","embeddable":true,"href":"https:\/\/centcols.org\/backup\/wp-json\/wp\/v2\/tags?post=35022"}],"curies":[{"name":"wp","href":"https:\/\/api.w.org\/{rel}","templated":true}]}}