{"id":354,"date":"2015-04-14T16:42:58","date_gmt":"2015-04-14T14:42:58","guid":{"rendered":"http:\/\/centcols.org\/backup\/?p=354"},"modified":"2015-06-09T11:24:18","modified_gmt":"2015-06-09T09:24:18","slug":"concentration-2014-ardeche","status":"publish","type":"post","link":"https:\/\/centcols.org\/backup\/concentration-2014-ardeche\/","title":{"rendered":"Concentration Ard\u00e8che, dimanche 17 ao\u00fbt 2014"},"content":{"rendered":"<p>D\u00e9part 8 heures parking du croisement de Br\u00e9nieux \u00e0 St Romain d\u2019Ay (\u00e0 c\u00f4t\u00e9 des stades de foot).<br \/>\nAu Col du Buisson, nous y partagerons le saucisson, le fromage et le verre de l&#8217;amiti\u00e9. Le rendez-vous ne sera pas maintenu en cas de mauvais temps.<\/p>\n<h2>Le parcours<\/h2>\n<p>St Jeure d\u2019Ay<br \/>\nla Croix du Fraysse<br \/>\nCr\u00e9moli\u00e8re<br \/>\nEtables<\/p>\n<p>Tracol <a class=\"iframe-fancybox\" href=\"https:\/\/centcols.org\/backup\/util\/geo\/visuFR.php?code=FR-07-0525a\" target=\"_blank\">FR-07-0525a<\/a><\/p>\n<p>les Clots, direction Arlebosc<\/p>\n<p>Col du Perrier <a class=\"iframe-fancybox\" href=\"https:\/\/centcols.org\/backup\/util\/geo\/visuFR.php?code=FR-07-0744\" target=\"_blank\">FR-07-0744<\/a><br \/>\nCol de Fontfreyde <a class=\"iframe-fancybox\" href=\"https:\/\/centcols.org\/backup\/util\/geo\/visuFR.php?code=FR-07-0835\" target=\"_blank\">FR-07-0835<\/a><\/p>\n<p>Nozi\u00e8res<\/p>\n<p>Le Tracol <a class=\"iframe-fancybox\" href=\"https:\/\/centcols.org\/backup\/util\/geo\/visuFR.php?code=FR-07-0971\" target=\"_blank\">FR-07-0971<\/a><\/p>\n<p>col du Buisson <a class=\"iframe-fancybox\" href=\"https:\/\/centcols.org\/backup\/util\/geo\/visuFR.php?code=FR-07-0917\" target=\"_blank\">FR-07-0917<\/a> concentration (petit village miniature \u00e0 visiter)<br \/>\ncol du Faux <a class=\"iframe-fancybox\" href=\"https:\/\/centcols.org\/backup\/util\/geo\/visuFR.php?code=FR-07-1021a\" target=\"_blank\">FR-07-1021a<\/a><br \/>\ncol du Marchand\u00a0 <a class=\"iframe-fancybox\" href=\"https:\/\/centcols.org\/backup\/util\/geo\/visuFR.php?code=FR-07-0903\" target=\"_blank\">FR-07-0903<\/a><br \/>\nen AR col du Gibet <a class=\"iframe-fancybox\" href=\"https:\/\/centcols.org\/backup\/util\/geo\/visuFR.php?code=FR-07-0713\" target=\"_blank\">FR-07-0713<\/a><\/p>\n<p>St Felicien<\/p>\n<p>en AR col de Fontay <a class=\"iframe-fancybox\" href=\"https:\/\/centcols.org\/backup\/util\/geo\/visuFR.php?code=FR-07-0619\" target=\"_blank\">FR-07-0619<\/a><\/p>\n<p>St Felicien<br \/>\nVaudevant<\/p>\n<p>col du Juvenet <a class=\"iframe-fancybox\" href=\"https:\/\/centcols.org\/backup\/util\/geo\/visuFR.php?code=FR-07-0681\" target=\"_blank\">FR-07-0681<\/a><br \/>\nle Col ( col de Seyaret ) <a class=\"iframe-fancybox\" href=\"https:\/\/centcols.org\/backup\/util\/geo\/visuFR.php?code=FR-07-0600\" target=\"_blank\">FR-07-0600<\/a><\/p>\n<p>Satillieu<br \/>\nSt Romain d\u2019Ay<\/p>\n<p>Environ 110 km pour 1800 m de d\u00e9nivel\u00e9<\/p>\n<p>Pensez \u00e0 vous inscrire afin de faciliter l&#8217;organisation<\/p>\n<h3>Contact<\/h3>\n<p>Gilbert Dufaud<\/p>\n<p>Courriel : <a href=\"mai&#108;to:gil&#98;&#101;rt.dufa&#117;&#100;&#64;o&#114;ange.f&#114;\">gi&#108;&#98;&#101;&#114;&#116;.&#100;&#117;fau&#100;&#64;o&#114;&#97;nge&#46;&#102;&#114;<\/a><\/p>\n<p>Tel : 0662811639<\/p>\n","protected":false},"excerpt":{"rendered":"<p>D\u00e9part 8 heures parking du croisement de Br\u00e9nieux \u00e0 St Romain d\u2019Ay (\u00e0 c\u00f4t\u00e9 des stades de foot). Au Col du Buisson, nous y partagerons le saucisson, le fromage et le verre de l&#8217;amiti\u00e9. Le rendez-vous ne sera pas maintenu en cas de mauvais temps. Le parcours St Jeure d\u2019Ay la Croix du Fraysse Cr\u00e9moli\u00e8re [&hellip;]<\/p>\n","protected":false},"author":2001,"featured_media":0,"comment_status":"closed","ping_status":"closed","sticky":false,"template":"","format":"standard","meta":{"_acf_changed":false,"ub_ctt_via":"","_monsterinsights_skip_tracking":false,"_monsterinsights_sitenote_active":false,"_monsterinsights_sitenote_note":"","_monsterinsights_sitenote_category":0,"footnotes":""},"categories":[12,7],"tags":[],"acf":[],"featured_image_urls":{"full":"","thumbnail":"","medium":"","medium_large":"","large":"","1536x1536":"","2048x2048":"","woocommerce_thumbnail":"","woocommerce_single":"","woocommerce_gallery_thumbnail":""},"post_excerpt_stackable":"<p>D\u00e9part 8 heures parking du croisement de Br\u00e9nieux \u00e0 St Romain d\u2019Ay (\u00e0 c\u00f4t\u00e9 des stades de foot). Au Col du Buisson, nous y partagerons le saucisson, le fromage et le verre de l&#8217;amiti\u00e9. Le rendez-vous ne sera pas maintenu en cas de mauvais temps. Le parcours St Jeure d\u2019Ay la Croix du Fraysse Cr\u00e9moli\u00e8re Etables Tracol FR-07-0525a les Clots, direction Arlebosc Col du Perrier FR-07-0744 Col de Fontfreyde FR-07-0835 Nozi\u00e8res Le Tracol FR-07-0971 col du Buisson FR-07-0917 concentration (petit village miniature \u00e0 visiter) col du Faux FR-07-1021a col du Marchand\u00a0 FR-07-0903 en AR col du Gibet FR-07-0713 St Felicien\u2026<\/p>\n","category_list":"<a href=\"https:\/\/centcols.org\/backup\/categorie\/rassemblements\/rassemblements-2014\/\" rel=\"category tag\">Les rassemblements de 2014<\/a>, <a href=\"https:\/\/centcols.org\/backup\/categorie\/rassemblements\/\" rel=\"category tag\">Rencontres r\u00e9gionales<\/a>","author_info":{"display_name":"Webmestre","author_link":"https:\/\/centcols.org\/backup\/author\/webmestre\/"},"comments_num":"0 commentaire","featured_image_urls_v2":{"full":"","thumbnail":"","medium":"","medium_large":"","large":"","1536x1536":"","2048x2048":"","woocommerce_thumbnail":"","woocommerce_single":"","woocommerce_gallery_thumbnail":""},"post_excerpt_stackable_v2":"<p>D\u00e9part 8 heures parking du croisement de Br\u00e9nieux \u00e0 St Romain d\u2019Ay (\u00e0 c\u00f4t\u00e9 des stades de foot). Au Col du Buisson, nous y partagerons le saucisson, le fromage et le verre de l&#8217;amiti\u00e9. Le rendez-vous ne sera pas maintenu en cas de mauvais temps. Le parcours St Jeure d\u2019Ay la Croix du Fraysse Cr\u00e9moli\u00e8re Etables Tracol FR-07-0525a les Clots, direction Arlebosc Col du Perrier FR-07-0744 Col de Fontfreyde FR-07-0835 Nozi\u00e8res Le Tracol FR-07-0971 col du Buisson FR-07-0917 concentration (petit village miniature \u00e0 visiter) col du Faux FR-07-1021a col du Marchand\u00a0 FR-07-0903 en AR col du Gibet FR-07-0713 St Felicien\u2026<\/p>\n","category_list_v2":"<a href=\"https:\/\/centcols.org\/backup\/categorie\/rassemblements\/rassemblements-2014\/\" rel=\"category tag\">Les rassemblements de 2014<\/a>, <a href=\"https:\/\/centcols.org\/backup\/categorie\/rassemblements\/\" rel=\"category tag\">Rencontres r\u00e9gionales<\/a>","author_info_v2":{"name":"Webmestre","url":"https:\/\/centcols.org\/backup\/author\/webmestre\/"},"comments_num_v2":"0 commentaire","featured_image_src":null,"_links":{"self":[{"href":"https:\/\/centcols.org\/backup\/wp-json\/wp\/v2\/posts\/354"}],"collection":[{"href":"https:\/\/centcols.org\/backup\/wp-json\/wp\/v2\/posts"}],"about":[{"href":"https:\/\/centcols.org\/backup\/wp-json\/wp\/v2\/types\/post"}],"author":[{"embeddable":true,"href":"https:\/\/centcols.org\/backup\/wp-json\/wp\/v2\/users\/2001"}],"replies":[{"embeddable":true,"href":"https:\/\/centcols.org\/backup\/wp-json\/wp\/v2\/comments?post=354"}],"version-history":[{"count":0,"href":"https:\/\/centcols.org\/backup\/wp-json\/wp\/v2\/posts\/354\/revisions"}],"wp:attachment":[{"href":"https:\/\/centcols.org\/backup\/wp-json\/wp\/v2\/media?parent=354"}],"wp:term":[{"taxonomy":"category","embeddable":true,"href":"https:\/\/centcols.org\/backup\/wp-json\/wp\/v2\/categories?post=354"},{"taxonomy":"post_tag","embeddable":true,"href":"https:\/\/centcols.org\/backup\/wp-json\/wp\/v2\/tags?post=354"}],"curies":[{"name":"wp","href":"https:\/\/api.w.org\/{rel}","templated":true}]}}