{"id":35473,"date":"2019-06-04T23:27:38","date_gmt":"2019-06-04T21:27:38","guid":{"rendered":"https:\/\/centcols.org\/backup\/?p=35473"},"modified":"2023-05-21T09:43:36","modified_gmt":"2023-05-21T07:43:36","slug":"ag-sejour-automne-2019-nant-2","status":"publish","type":"post","link":"https:\/\/centcols.org\/backup\/ag-sejour-automne-2019-nant-2\/","title":{"rendered":"S\u00e9jour d&#8217;automne et Assembl\u00e9e G\u00e9n\u00e9rale \u00e0 Nant (Aveyron), 8 au 10 novembre 2019"},"content":{"rendered":"<p><span style=\"color: #808080;\">Ont contribu\u00e9 \u00e0 cette page de pr\u00e9sentation du s\u00e9jour les responsables informatique et s\u00e9jours<\/span><\/p>\n<p><a href=\"https:\/\/centcols.org\/backup\/en\/ag-sejour-automne-2019-nant\/\"><span style=\"color: #000000;\"><strong>In English<\/strong><\/span><\/a>\u00a0\u00a0 <a href=\"https:\/\/centcols.org\/backup\/it\/sejour-automne-2019-nant\/\"><span style=\"color: #000000;\"><strong>In Italiano<\/strong><\/span><\/a><\/p>\n<p>&nbsp;<\/p>\n<div id=\"attachment_35493\" style=\"width: 1034px\" class=\"wp-caption aligncenter\"><img loading=\"lazy\" decoding=\"async\" aria-describedby=\"caption-attachment-35493\" class=\"wp-image-35493\" src=\"https:\/\/centcols.org\/backup\/wp-content\/uploads\/2019\/05\/2018.10-Nant-vue-ge\u0301ne\u0301rale017-r.jpg\" alt=\"Nant -vue g\u00e9n\u00e9rale (Photo Guy Cambessedes)\" width=\"1024\" height=\"768\" srcset=\"https:\/\/centcols.org\/backup\/wp-content\/uploads\/2019\/05\/2018.10-Nant-vue-ge\u0301ne\u0301rale017-r.jpg 800w, https:\/\/centcols.org\/backup\/wp-content\/uploads\/2019\/05\/2018.10-Nant-vue-ge\u0301ne\u0301rale017-r-600x450.jpg 600w, https:\/\/centcols.org\/backup\/wp-content\/uploads\/2019\/05\/2018.10-Nant-vue-ge\u0301ne\u0301rale017-r-500x375.jpg 500w, https:\/\/centcols.org\/backup\/wp-content\/uploads\/2019\/05\/2018.10-Nant-vue-ge\u0301ne\u0301rale017-r-768x576.jpg 768w\" sizes=\"(max-width: 1024px) 100vw, 1024px\" \/><p id=\"caption-attachment-35493\" class=\"wp-caption-text\">Nant &#8211; vue g\u00e9n\u00e9rale (Photo Guy Cambess\u00e8d\u00e8s)<\/p><\/div>\n<p><span style=\"color: #000000;\">C&#8217;est \u00e0 Nant dans l&#8217;Aveyron que nous nous retrouverons pour le s\u00e9jour d&#8217;automne et l&#8217;<a href=\"https:\/\/centcols.org\/backup\/ag-2019-nant\/\" target=\"_blank\" rel=\"noopener noreferrer\"><strong>Assembl\u00e9e G\u00e9n\u00e9rale<\/strong><\/a> de 2019.<\/span><\/p>\n<div id=\"lmm_12779e80\" style=\"width:100%;\" class=\"mapsmarker markermap marker-11\">\n<div id=\"lmm_panel_12779e80\" class=\"lmm-panel\" style=\"background:#efefef;\">\n<div id=\"lmm_panel_api_12779e80\" class=\"lmm-panel-api\"><a href=\"https:\/\/maps.google.com\/maps?daddr=Nant+%28Aveyron%29&amp;t=m&amp;layer=1&amp;doflg=ptk&amp;om=0\" target=\"_blank\" title=\"Obtenir l&#039;itin\u00e9raire\"><img loading=\"lazy\" decoding=\"async\" alt=\"icon-car.png\" src=\"https:\/\/centcols.org\/backup\/wp-content\/plugins\/leaflet-maps-marker\/inc\/img\/icon-car.png\" width=\"14\" height=\"14\" class=\"lmm-panel-api-images\" \/><\/a><\/div><div id=\"lmm_panel_text_12779e80\" class=\"lmm-panel-text\" style=\"font-weight:bold;color:#373737;\">Nant<\/div><\/div>\n<div id=\"lmm_map_12779e80\" class=\"lmm-map\" style=\"background:#f6f6f6;border:1px solid #ccc;height:480px; overflow:hidden;padding:0;\"><p style=\"font-size:80%;color:#9f9e9e;margin-left:5px;\">chargement de la carte - veuillez patienter...<noscript><br\/><strong>La carte ne peut \u00eatre charg\u00e9e - s'il vous pla\u00eet activer Javascript !<\/strong><br\/><a style=\"text-decoration:none;\" href=\"https:\/\/www.mapsmarker.com\/js-disabled\" target=\"_blank\">&rarr; plus dginformations<\/a><\/noscript><\/p><\/div>\n<div id=\"lmm_geo_tags_12779e80\" class=\"lmm-geo-tags geo\">\n<span class=\"paneltext\">Nant<\/span>\n<span class=\"latitude\">44.021900<\/span>, <span class=\"longitude\">3.301210<\/span>\n<span class=\"popuptext\"><\/span>\n<\/div>\n<\/div>\n<h3><span style=\"color: #000000;\">Quelques \u00e9l\u00e9ments de programme :<\/span><\/h3>\n<p><span style=\"color: #ff0000;\">Un accueil sera assur\u00e9 sur place le vendredi \u00e0 partir de 16h30. Les chambres seront disponibles d\u00e8s 17h<\/span><\/p>\n<p><span style=\"color: #ff0000;\">D\u00e9part du parcours routier du samedi : 8h30 au centre de vacances<\/span><br \/>\n<span style=\"color: #ff0000;\">D\u00e9part du parcours VTT du samedi : 8h30 \u00e0 Saucli\u00e8res (rendez-vous pour covoiturage \u00e9ventuel \u00e0 8h au centre de vacances)<\/span><br \/>\n<span style=\"color: #ff0000;\">D\u00e9part des parcours routier et VTT du dimanche : 8h30 au centre de vacances<\/span><\/p>\n<p><span style=\"color: #ff0000;\">Tout le d\u00e9tail du programme est dans l&#8217;ICC que vous avez re\u00e7u ou que vous pouvez consulter sur le site.<\/span><\/p>\n<p>&nbsp;<\/p>\n<p><span style=\"color: #000000; font-size: 1.4em;\">Vous trouverez ci-dessous les rubriques :<\/span><\/p>\n<ul>\n<li><span style=\"color: #000000;\">Pr\u00e9sentation de la r\u00e9gion<\/span><\/li>\n<li><span style=\"color: #000000;\">Les <a href=\"\/membres\/cctours\/tours.php?lieu=Nant&amp;an=2019\">circuits<\/a><\/span><\/li>\n<li><span style=\"color: #000000;\">H\u00e9bergement<\/span><\/li>\n<li><span style=\"color: #000000;\">Note du Conseil d&#8217;Administration<\/span><\/li>\n<li><span style=\"color: #000000;\">Inscription<\/span><\/li>\n<li><span style=\"color: #000000;\">Assembl\u00e9e G\u00e9n\u00e9rale du Club des Cent Cols\u00a0<\/span><\/li>\n<li><span style=\"color: #000000;\">Autres activit\u00e9s ou visites<\/span><\/li>\n<\/ul>\n","protected":false},"excerpt":{"rendered":"<p>Ont contribu\u00e9 \u00e0 cette page de pr\u00e9sentation du s\u00e9jour les responsables informatique et s\u00e9jours In English\u00a0\u00a0 In Italiano &nbsp; C&#8217;est \u00e0 Nant dans l&#8217;Aveyron que nous nous retrouverons pour le s\u00e9jour d&#8217;automne et l&#8217;Assembl\u00e9e G\u00e9n\u00e9rale de 2019. Quelques \u00e9l\u00e9ments de programme : Un accueil sera assur\u00e9 sur place le vendredi \u00e0 partir de 16h30. Les [&hellip;]<\/p>\n","protected":false},"author":282,"featured_media":35821,"comment_status":"closed","ping_status":"closed","sticky":false,"template":"","format":"standard","meta":{"_acf_changed":false,"ub_ctt_via":"","_monsterinsights_skip_tracking":false,"_monsterinsights_sitenote_active":false,"_monsterinsights_sitenote_note":"","_monsterinsights_sitenote_category":0,"footnotes":""},"categories":[35],"tags":[],"acf":[],"featured_image_urls":{"full":["https:\/\/centcols.org\/backup\/wp-content\/uploads\/2019\/06\/V1-le-hameau-dAlgues-r.jpg",1024,345,false],"thumbnail":["https:\/\/centcols.org\/backup\/wp-content\/uploads\/2019\/06\/V1-le-hameau-dAlgues-r-300x300.jpg",300,300,true],"medium":["https:\/\/centcols.org\/backup\/wp-content\/uploads\/2019\/06\/V1-le-hameau-dAlgues-r-500x168.jpg",500,168,true],"medium_large":["https:\/\/centcols.org\/backup\/wp-content\/uploads\/2019\/06\/V1-le-hameau-dAlgues-r-768x259.jpg",768,259,true],"large":["https:\/\/centcols.org\/backup\/wp-content\/uploads\/2019\/06\/V1-le-hameau-dAlgues-r.jpg",1024,345,false],"1536x1536":["https:\/\/centcols.org\/backup\/wp-content\/uploads\/2019\/06\/V1-le-hameau-dAlgues-r.jpg",1024,345,false],"2048x2048":["https:\/\/centcols.org\/backup\/wp-content\/uploads\/2019\/06\/V1-le-hameau-dAlgues-r.jpg",1024,345,false],"woocommerce_thumbnail":["https:\/\/centcols.org\/backup\/wp-content\/uploads\/2019\/06\/V1-le-hameau-dAlgues-r-300x300.jpg",300,300,true],"woocommerce_single":["https:\/\/centcols.org\/backup\/wp-content\/uploads\/2019\/06\/V1-le-hameau-dAlgues-r-600x202.jpg",600,202,true],"woocommerce_gallery_thumbnail":["https:\/\/centcols.org\/backup\/wp-content\/uploads\/2019\/06\/V1-le-hameau-dAlgues-r-100x100.jpg",100,100,true]},"post_excerpt_stackable":"<p>Ont contribu\u00e9 \u00e0 cette page de pr\u00e9sentation du s\u00e9jour les responsables informatique et s\u00e9jours In English\u00a0\u00a0 In Italiano &nbsp; Nant &#8211; vue g\u00e9n\u00e9rale (Photo Guy Cambess\u00e8d\u00e8s) C&#8217;est \u00e0 Nant dans l&#8217;Aveyron que nous nous retrouverons pour le s\u00e9jour d&#8217;automne et l&#8217;Assembl\u00e9e G\u00e9n\u00e9rale de 2019. Nant chargement de la carte &#8211; veuillez patienter&#8230;La carte ne peut \u00eatre charg\u00e9e &#8211; s&#8217;il vous pla\u00eet activer Javascript !&rarr; plus dginformations Nant 44.021900, 3.301210 Quelques \u00e9l\u00e9ments de programme : Un accueil sera assur\u00e9 sur place le vendredi \u00e0 partir de 16h30. Les chambres seront disponibles d\u00e8s 17h D\u00e9part du parcours routier du samedi : 8h30\u2026<\/p>\n","category_list":"<a href=\"https:\/\/centcols.org\/backup\/categorie\/sejours\/\" rel=\"category tag\">S\u00e9jours<\/a>","author_info":{"display_name":"Thierry Labour","author_link":"https:\/\/centcols.org\/backup\/author\/5925\/"},"comments_num":"0 commentaire","featured_image_urls_v2":{"full":["https:\/\/centcols.org\/backup\/wp-content\/uploads\/2019\/06\/V1-le-hameau-dAlgues-r.jpg",1024,345,false],"thumbnail":["https:\/\/centcols.org\/backup\/wp-content\/uploads\/2019\/06\/V1-le-hameau-dAlgues-r-300x300.jpg",300,300,true],"medium":["https:\/\/centcols.org\/backup\/wp-content\/uploads\/2019\/06\/V1-le-hameau-dAlgues-r-500x168.jpg",500,168,true],"medium_large":["https:\/\/centcols.org\/backup\/wp-content\/uploads\/2019\/06\/V1-le-hameau-dAlgues-r-768x259.jpg",768,259,true],"large":["https:\/\/centcols.org\/backup\/wp-content\/uploads\/2019\/06\/V1-le-hameau-dAlgues-r.jpg",1024,345,false],"1536x1536":["https:\/\/centcols.org\/backup\/wp-content\/uploads\/2019\/06\/V1-le-hameau-dAlgues-r.jpg",1024,345,false],"2048x2048":["https:\/\/centcols.org\/backup\/wp-content\/uploads\/2019\/06\/V1-le-hameau-dAlgues-r.jpg",1024,345,false],"woocommerce_thumbnail":["https:\/\/centcols.org\/backup\/wp-content\/uploads\/2019\/06\/V1-le-hameau-dAlgues-r-300x300.jpg",300,300,true],"woocommerce_single":["https:\/\/centcols.org\/backup\/wp-content\/uploads\/2019\/06\/V1-le-hameau-dAlgues-r-600x202.jpg",600,202,true],"woocommerce_gallery_thumbnail":["https:\/\/centcols.org\/backup\/wp-content\/uploads\/2019\/06\/V1-le-hameau-dAlgues-r-100x100.jpg",100,100,true]},"post_excerpt_stackable_v2":"<p>Ont contribu\u00e9 \u00e0 cette page de pr\u00e9sentation du s\u00e9jour les responsables informatique et s\u00e9jours In English\u00a0\u00a0 In Italiano &nbsp; Nant &#8211; vue g\u00e9n\u00e9rale (Photo Guy Cambess\u00e8d\u00e8s) C&#8217;est \u00e0 Nant dans l&#8217;Aveyron que nous nous retrouverons pour le s\u00e9jour d&#8217;automne et l&#8217;Assembl\u00e9e G\u00e9n\u00e9rale de 2019. Nant chargement de la carte &#8211; veuillez patienter&#8230;La carte ne peut \u00eatre charg\u00e9e &#8211; s&#8217;il vous pla\u00eet activer Javascript !&rarr; plus dginformations Nant 44.021900, 3.301210 Quelques \u00e9l\u00e9ments de programme : Un accueil sera assur\u00e9 sur place le vendredi \u00e0 partir de 16h30. Les chambres seront disponibles d\u00e8s 17h D\u00e9part du parcours routier du samedi : 8h30\u2026<\/p>\n","category_list_v2":"<a href=\"https:\/\/centcols.org\/backup\/categorie\/sejours\/\" rel=\"category tag\">S\u00e9jours<\/a>","author_info_v2":{"name":"Thierry Labour","url":"https:\/\/centcols.org\/backup\/author\/5925\/"},"comments_num_v2":"0 commentaire","featured_image_src":"https:\/\/centcols.org\/backup\/wp-content\/uploads\/2019\/06\/V1-le-hameau-dAlgues-r.jpg","_links":{"self":[{"href":"https:\/\/centcols.org\/backup\/wp-json\/wp\/v2\/posts\/35473"}],"collection":[{"href":"https:\/\/centcols.org\/backup\/wp-json\/wp\/v2\/posts"}],"about":[{"href":"https:\/\/centcols.org\/backup\/wp-json\/wp\/v2\/types\/post"}],"author":[{"embeddable":true,"href":"https:\/\/centcols.org\/backup\/wp-json\/wp\/v2\/users\/282"}],"replies":[{"embeddable":true,"href":"https:\/\/centcols.org\/backup\/wp-json\/wp\/v2\/comments?post=35473"}],"version-history":[{"count":0,"href":"https:\/\/centcols.org\/backup\/wp-json\/wp\/v2\/posts\/35473\/revisions"}],"wp:featuredmedia":[{"embeddable":true,"href":"https:\/\/centcols.org\/backup\/wp-json\/wp\/v2\/media\/35821"}],"wp:attachment":[{"href":"https:\/\/centcols.org\/backup\/wp-json\/wp\/v2\/media?parent=35473"}],"wp:term":[{"taxonomy":"category","embeddable":true,"href":"https:\/\/centcols.org\/backup\/wp-json\/wp\/v2\/categories?post=35473"},{"taxonomy":"post_tag","embeddable":true,"href":"https:\/\/centcols.org\/backup\/wp-json\/wp\/v2\/tags?post=35473"}],"curies":[{"name":"wp","href":"https:\/\/api.w.org\/{rel}","templated":true}]}}