{"id":355,"date":"2015-04-14T16:48:53","date_gmt":"2015-04-14T14:48:53","guid":{"rendered":"http:\/\/centcols.org\/backup\/?p=355"},"modified":"2023-06-04T13:59:50","modified_gmt":"2023-06-04T11:59:50","slug":"concentration-2014-drome-ardeche-vaucluse","status":"publish","type":"post","link":"https:\/\/centcols.org\/backup\/concentration-2014-drome-ardeche-vaucluse\/","title":{"rendered":"Concentration 2014 Dr\u00f4me, Ard\u00e8che, Vaucluse"},"content":{"rendered":"<p>La concentration aura lieu au col de la Ligne <a class=\"iframe-fancybox\" title=\"Col de la Ligne\" href=\"https:\/\/centcols.org\/backup\/util\/geo\/visuFR.php?code=FR-84-0756\" target=\"_blank\" rel=\"noopener\">FR-84-0756<\/a>, de 11h \u00e0 15h pour partager le pain et le fromage.<br \/>\nCasse cro\u00fbte tir\u00e9 du sac, bonne humeur au guidon!<\/p>\n<p>Un <a class=\"iframe-fancybox\" href=\"\/membres\/cctours\/tours.php?lieu=Ligne&amp;an=2014&amp;genre=R\" target=\"_blank\" rel=\"noopener\">parcours routier<\/a> de 60 km avec 5 ou 6 cols et 700 m de d\u00e9nivellation est propos\u00e9, avec un rendez-vous \u00e0 8h30 \u00e0 Villes-sur-Auzon.<\/p>\n<p>Un <a class=\"iframe-fancybox\" href=\"\/membres\/cctours\/tours.php?lieu=Ligne&amp;an=2014&amp;genre=V\" target=\"_blank\" rel=\"noopener\">parcours VTT<\/a> de 42 km avec 5 cols et 1000 m de d\u00e9nivellation est \u00e9galement propos\u00e9, avec d\u00e9part au col de la Ligui\u00e8re <a class=\"iframe-fancybox\" href=\"https:\/\/centcols.org\/backup\/util\/geo\/visuFR.php?code=FR-84-0998\" target=\"_blank\" rel=\"noopener\">FR-84-0998<\/a>.<\/p>\n<p>Pensez \u00e0 vous inscrire afin de faciliter l&#8217;organisation.<\/p>\n<h3>Contacts<\/h3>\n<p>Mikael Vialle <a href=\"m&#97;&#105;l&#116;o:&#109;ika&#101;lf&#108;&#101;&#99;h&#101;3&#64;yah&#111;&#111;.&#102;&#114;\">&#109;ik&#97;elfl&#101;&#99;&#104;e3&#64;yah&#111;&#111;.&#102;&#114;<\/a>, t\u00e9l. 06.69.59.27.11<br \/>\nJean-Marie Gilouin <a href=\"&#109;ai&#108;&#116;&#111;&#58;bj&#109;.&#99;&#101;n&#116;c&#111;ls&#64;g&#109;ail.co&#109;\">bjm.&#99;e&#110;&#116;c&#111;&#108;s&#64;&#103;mai&#108;&#46;&#99;om<\/a><\/p>\n","protected":false},"excerpt":{"rendered":"<p>La concentration aura lieu au col de la Ligne FR-84-0756, de 11h \u00e0 15h pour partager le pain et le fromage. Casse cro\u00fbte tir\u00e9 du sac, bonne humeur au guidon! Un parcours routier de 60 km avec 5 ou 6 cols et 700 m de d\u00e9nivellation est propos\u00e9, avec un rendez-vous \u00e0 8h30 \u00e0 Villes-sur-Auzon. [&hellip;]<\/p>\n","protected":false},"author":2001,"featured_media":0,"comment_status":"closed","ping_status":"closed","sticky":false,"template":"","format":"standard","meta":{"_acf_changed":false,"ub_ctt_via":"","_monsterinsights_skip_tracking":false,"_monsterinsights_sitenote_active":false,"_monsterinsights_sitenote_note":"","_monsterinsights_sitenote_category":0,"footnotes":""},"categories":[12,7],"tags":[],"acf":[],"featured_image_urls":{"full":"","thumbnail":"","medium":"","medium_large":"","large":"","1536x1536":"","2048x2048":"","woocommerce_thumbnail":"","woocommerce_single":"","woocommerce_gallery_thumbnail":""},"post_excerpt_stackable":"<p>La concentration aura lieu au col de la Ligne FR-84-0756, de 11h \u00e0 15h pour partager le pain et le fromage. Casse cro\u00fbte tir\u00e9 du sac, bonne humeur au guidon! Un parcours routier de 60 km avec 5 ou 6 cols et 700 m de d\u00e9nivellation est propos\u00e9, avec un rendez-vous \u00e0 8h30 \u00e0 Villes-sur-Auzon. Un parcours VTT de 42 km avec 5 cols et 1000 m de d\u00e9nivellation est \u00e9galement propos\u00e9, avec d\u00e9part au col de la Ligui\u00e8re FR-84-0998. Pensez \u00e0 vous inscrire afin de faciliter l&#8217;organisation. Contacts Mikael Vialle mi&#107;&#97;e&#108;fl&#101;&#99;h&#101;3&#64;ya&#104;o&#111;&#46;f&#114;, t\u00e9l. 06.69.59.27.11 Jean-Marie Gilouin b&#106;&#109;&#46;c&#101;ntc&#111;&#108;&#115;&#64;&#103;&#109;a&#105;&#108;&#46;&#99;&#111;m<\/p>\n","category_list":"<a href=\"https:\/\/centcols.org\/backup\/categorie\/rassemblements\/rassemblements-2014\/\" rel=\"category tag\">Les rassemblements de 2014<\/a>, <a href=\"https:\/\/centcols.org\/backup\/categorie\/rassemblements\/\" rel=\"category tag\">Rencontres r\u00e9gionales<\/a>","author_info":{"display_name":"Webmestre","author_link":"https:\/\/centcols.org\/backup\/author\/webmestre\/"},"comments_num":"0 commentaire","featured_image_urls_v2":{"full":"","thumbnail":"","medium":"","medium_large":"","large":"","1536x1536":"","2048x2048":"","woocommerce_thumbnail":"","woocommerce_single":"","woocommerce_gallery_thumbnail":""},"post_excerpt_stackable_v2":"<p>La concentration aura lieu au col de la Ligne FR-84-0756, de 11h \u00e0 15h pour partager le pain et le fromage. Casse cro\u00fbte tir\u00e9 du sac, bonne humeur au guidon! Un parcours routier de 60 km avec 5 ou 6 cols et 700 m de d\u00e9nivellation est propos\u00e9, avec un rendez-vous \u00e0 8h30 \u00e0 Villes-sur-Auzon. Un parcours VTT de 42 km avec 5 cols et 1000 m de d\u00e9nivellation est \u00e9galement propos\u00e9, avec d\u00e9part au col de la Ligui\u00e8re FR-84-0998. Pensez \u00e0 vous inscrire afin de faciliter l&#8217;organisation. Contacts Mikael Vialle &#109;i&#107;a&#101;&#108;f&#108;e&#99;he3&#64;yahoo.fr, t\u00e9l. 06.69.59.27.11 Jean-Marie Gilouin bj&#109;&#46;&#99;&#101;nt&#99;&#111;ls&#64;&#103;&#109;&#97;&#105;l&#46;&#99;&#111;&#109;<\/p>\n","category_list_v2":"<a href=\"https:\/\/centcols.org\/backup\/categorie\/rassemblements\/rassemblements-2014\/\" rel=\"category tag\">Les rassemblements de 2014<\/a>, <a href=\"https:\/\/centcols.org\/backup\/categorie\/rassemblements\/\" rel=\"category tag\">Rencontres r\u00e9gionales<\/a>","author_info_v2":{"name":"Webmestre","url":"https:\/\/centcols.org\/backup\/author\/webmestre\/"},"comments_num_v2":"0 commentaire","featured_image_src":null,"_links":{"self":[{"href":"https:\/\/centcols.org\/backup\/wp-json\/wp\/v2\/posts\/355"}],"collection":[{"href":"https:\/\/centcols.org\/backup\/wp-json\/wp\/v2\/posts"}],"about":[{"href":"https:\/\/centcols.org\/backup\/wp-json\/wp\/v2\/types\/post"}],"author":[{"embeddable":true,"href":"https:\/\/centcols.org\/backup\/wp-json\/wp\/v2\/users\/2001"}],"replies":[{"embeddable":true,"href":"https:\/\/centcols.org\/backup\/wp-json\/wp\/v2\/comments?post=355"}],"version-history":[{"count":0,"href":"https:\/\/centcols.org\/backup\/wp-json\/wp\/v2\/posts\/355\/revisions"}],"wp:attachment":[{"href":"https:\/\/centcols.org\/backup\/wp-json\/wp\/v2\/media?parent=355"}],"wp:term":[{"taxonomy":"category","embeddable":true,"href":"https:\/\/centcols.org\/backup\/wp-json\/wp\/v2\/categories?post=355"},{"taxonomy":"post_tag","embeddable":true,"href":"https:\/\/centcols.org\/backup\/wp-json\/wp\/v2\/tags?post=355"}],"curies":[{"name":"wp","href":"https:\/\/api.w.org\/{rel}","templated":true}]}}