{"id":356,"date":"2015-04-14T16:58:58","date_gmt":"2015-04-14T14:58:58","guid":{"rendered":"http:\/\/centcols.org\/backup\/?p=356"},"modified":"2015-06-09T11:23:55","modified_gmt":"2015-06-09T09:23:55","slug":"concentration-2014-languedoc-roussillon","status":"publish","type":"post","link":"https:\/\/centcols.org\/backup\/concentration-2014-languedoc-roussillon\/","title":{"rendered":"Concentration Languedoc, Roussillon Sortie Michel Bernardinin, dimanche 21 septembre 2014"},"content":{"rendered":"<p>D\u00e9part de Setcases (11 km au NO de Camprodon) \u00e0 9 h. Repas tir\u00e9 du sac<\/p>\n<p>Environ 40 km et 1500 m de d\u00e9nivel\u00e9 vertical, 13 cols dont 11 +2000.<br \/>\n<a class=\"iframe-fancybox\" href=\"https:\/\/centcols.org\/backup\/util\/geo\/visuES.php?code=ES-GI-1871\" target=\"_blank\">ES-GI-1871<\/a> Collet de Xoriguera<br \/>\n<a class=\"iframe-fancybox\" href=\"https:\/\/centcols.org\/backup\/util\/geo\/visuFR.php?code=FR-66-2412\" target=\"_blank\">FR-66-2412<\/a> Portella de Mantet<br \/>\n<a class=\"iframe-fancybox\" href=\"https:\/\/centcols.org\/backup\/util\/geo\/visuFR.php?code=FR-66-2381\" target=\"_blank\">FR-66-2381<\/a> Porteille de Morens<br \/>\n<a class=\"iframe-fancybox\" href=\"https:\/\/centcols.org\/backup\/util\/geo\/visuFR.php?code=FR-66-2223\" target=\"_blank\">FR-66-2223<\/a> Collets Verts<br \/>\n<a class=\"iframe-fancybox\" href=\"https:\/\/centcols.org\/backup\/util\/geo\/visuFR.php?code=FR-66-2467\" target=\"_blank\">FR-66-2467<\/a> Collada de la Llosa<br \/>\n<a class=\"iframe-fancybox\" href=\"https:\/\/centcols.org\/backup\/util\/geo\/visuFR.php?code=FR-66-2387\" target=\"_blank\">FR-66-2387<\/a> Portella del Callau<br \/>\n<a class=\"iframe-fancybox\" href=\"https:\/\/centcols.org\/backup\/util\/geo\/visuFR.php?code=FR-66-2430\" target=\"_blank\">FR-66-2430<\/a> Portella de Concros<br \/>\n<a class=\"iframe-fancybox\" href=\"https:\/\/centcols.org\/backup\/util\/geo\/visuFR.php?code=FR-66-2412a\" target=\"_blank\">FR-66-2412a<\/a> Col de Campmagre<br \/>\n<a class=\"iframe-fancybox\" href=\"https:\/\/centcols.org\/backup\/util\/geo\/visuFR.php?code=FR-66-2377\" target=\"_blank\">FR-66-2377<\/a> Porteille de Rotja<br \/>\n<a class=\"iframe-fancybox\" href=\"https:\/\/centcols.org\/backup\/util\/geo\/visuFR.php?code=FR-66-2319\" target=\"_blank\">FR-66-2319<\/a> Col de Pal<br \/>\n<a class=\"iframe-fancybox\" href=\"https:\/\/centcols.org\/backup\/util\/geo\/visuES.php?code=ES-GI-2111\" target=\"_blank\">ES-GI-2111<\/a> Collada de Dalt de la Balmeta<br \/>\n<a class=\"iframe-fancybox\" href=\"https:\/\/centcols.org\/backup\/util\/geo\/visuES.php?code=ES-GI-2110\" target=\"_blank\">ES-GI-2110<\/a> Collada del Mig de la Balmeta<br \/>\n<a class=\"iframe-fancybox\" href=\"https:\/\/centcols.org\/backup\/util\/geo\/visuES.php?code=ES-GI-1985\" target=\"_blank\">ES-GI-1985<\/a> Collada de la Balmeta.<br \/>\nBoucle dans le sens horaire. Beaucoup de ces cols sont frontaliers ; ils figurent sur les catalogues avec les deux codes (FR et ES)<br \/>\nA noter pour ccWay !<\/p>\n<p>Contact : Ren\u00e9 MARTY<br \/>\n<a href=\"mai&#108;&#116;o&#58;&#114;&#101;&#110;&#101;-ma&#114;&#116;y11&#64;&#104;otmai&#108;.&#102;r\">r&#101;ne-ma&#114;&#116;y11&#64;h&#111;&#116;&#109;ai&#108;&#46;f&#114;<\/a><br \/>\nT\u00e9l : 06 48 38 96 72<\/p>\n","protected":false},"excerpt":{"rendered":"<p>D\u00e9part de Setcases (11 km au NO de Camprodon) \u00e0 9 h. Repas tir\u00e9 du sac Environ 40 km et 1500 m de d\u00e9nivel\u00e9 vertical, 13 cols dont 11 +2000. ES-GI-1871 Collet de Xoriguera FR-66-2412 Portella de Mantet FR-66-2381 Porteille de Morens FR-66-2223 Collets Verts FR-66-2467 Collada de la Llosa FR-66-2387 Portella del Callau FR-66-2430 [&hellip;]<\/p>\n","protected":false},"author":2001,"featured_media":0,"comment_status":"closed","ping_status":"closed","sticky":false,"template":"","format":"standard","meta":{"_acf_changed":false,"ub_ctt_via":"","_monsterinsights_skip_tracking":false,"_monsterinsights_sitenote_active":false,"_monsterinsights_sitenote_note":"","_monsterinsights_sitenote_category":0,"footnotes":""},"categories":[12,7],"tags":[],"acf":[],"featured_image_urls":{"full":"","thumbnail":"","medium":"","medium_large":"","large":"","1536x1536":"","2048x2048":"","woocommerce_thumbnail":"","woocommerce_single":"","woocommerce_gallery_thumbnail":""},"post_excerpt_stackable":"<p>D\u00e9part de Setcases (11 km au NO de Camprodon) \u00e0 9 h. Repas tir\u00e9 du sac Environ 40 km et 1500 m de d\u00e9nivel\u00e9 vertical, 13 cols dont 11 +2000. ES-GI-1871 Collet de Xoriguera FR-66-2412 Portella de Mantet FR-66-2381 Porteille de Morens FR-66-2223 Collets Verts FR-66-2467 Collada de la Llosa FR-66-2387 Portella del Callau FR-66-2430 Portella de Concros FR-66-2412a Col de Campmagre FR-66-2377 Porteille de Rotja FR-66-2319 Col de Pal ES-GI-2111 Collada de Dalt de la Balmeta ES-GI-2110 Collada del Mig de la Balmeta ES-GI-1985 Collada de la Balmeta. Boucle dans le sens horaire. Beaucoup de ces cols sont frontaliers\u2026<\/p>\n","category_list":"<a href=\"https:\/\/centcols.org\/backup\/categorie\/rassemblements\/rassemblements-2014\/\" rel=\"category tag\">Les rassemblements de 2014<\/a>, <a href=\"https:\/\/centcols.org\/backup\/categorie\/rassemblements\/\" rel=\"category tag\">Rencontres r\u00e9gionales<\/a>","author_info":{"display_name":"Webmestre","author_link":"https:\/\/centcols.org\/backup\/author\/webmestre\/"},"comments_num":"0 commentaire","featured_image_urls_v2":{"full":"","thumbnail":"","medium":"","medium_large":"","large":"","1536x1536":"","2048x2048":"","woocommerce_thumbnail":"","woocommerce_single":"","woocommerce_gallery_thumbnail":""},"post_excerpt_stackable_v2":"<p>D\u00e9part de Setcases (11 km au NO de Camprodon) \u00e0 9 h. Repas tir\u00e9 du sac Environ 40 km et 1500 m de d\u00e9nivel\u00e9 vertical, 13 cols dont 11 +2000. ES-GI-1871 Collet de Xoriguera FR-66-2412 Portella de Mantet FR-66-2381 Porteille de Morens FR-66-2223 Collets Verts FR-66-2467 Collada de la Llosa FR-66-2387 Portella del Callau FR-66-2430 Portella de Concros FR-66-2412a Col de Campmagre FR-66-2377 Porteille de Rotja FR-66-2319 Col de Pal ES-GI-2111 Collada de Dalt de la Balmeta ES-GI-2110 Collada del Mig de la Balmeta ES-GI-1985 Collada de la Balmeta. Boucle dans le sens horaire. Beaucoup de ces cols sont frontaliers\u2026<\/p>\n","category_list_v2":"<a href=\"https:\/\/centcols.org\/backup\/categorie\/rassemblements\/rassemblements-2014\/\" rel=\"category tag\">Les rassemblements de 2014<\/a>, <a href=\"https:\/\/centcols.org\/backup\/categorie\/rassemblements\/\" rel=\"category tag\">Rencontres r\u00e9gionales<\/a>","author_info_v2":{"name":"Webmestre","url":"https:\/\/centcols.org\/backup\/author\/webmestre\/"},"comments_num_v2":"0 commentaire","featured_image_src":null,"_links":{"self":[{"href":"https:\/\/centcols.org\/backup\/wp-json\/wp\/v2\/posts\/356"}],"collection":[{"href":"https:\/\/centcols.org\/backup\/wp-json\/wp\/v2\/posts"}],"about":[{"href":"https:\/\/centcols.org\/backup\/wp-json\/wp\/v2\/types\/post"}],"author":[{"embeddable":true,"href":"https:\/\/centcols.org\/backup\/wp-json\/wp\/v2\/users\/2001"}],"replies":[{"embeddable":true,"href":"https:\/\/centcols.org\/backup\/wp-json\/wp\/v2\/comments?post=356"}],"version-history":[{"count":0,"href":"https:\/\/centcols.org\/backup\/wp-json\/wp\/v2\/posts\/356\/revisions"}],"wp:attachment":[{"href":"https:\/\/centcols.org\/backup\/wp-json\/wp\/v2\/media?parent=356"}],"wp:term":[{"taxonomy":"category","embeddable":true,"href":"https:\/\/centcols.org\/backup\/wp-json\/wp\/v2\/categories?post=356"},{"taxonomy":"post_tag","embeddable":true,"href":"https:\/\/centcols.org\/backup\/wp-json\/wp\/v2\/tags?post=356"}],"curies":[{"name":"wp","href":"https:\/\/api.w.org\/{rel}","templated":true}]}}