{"id":357,"date":"2015-04-14T17:02:23","date_gmt":"2015-04-14T15:02:23","guid":{"rendered":"http:\/\/centcols.org\/backup\/?p=357"},"modified":"2015-06-09T11:23:35","modified_gmt":"2015-06-09T09:23:35","slug":"concentration-2014-col-leques","status":"publish","type":"post","link":"https:\/\/centcols.org\/backup\/concentration-2014-col-leques\/","title":{"rendered":"Concentration r\u00e9gionale Alpes Sud Col des L\u00e8ques, dimanche 31 ao\u00fbt 2014"},"content":{"rendered":"<p>Rendez-vous \u00e0 partir de 12h00 au col des L\u00e9ques (<a class=\"iframe-fancybox\" title=\"Col des L\u00e8ques\" href=\"https:\/\/centcols.org\/backup\/util\/geo\/visuFR.php?code=FR-04-1146\" target=\"_blank\">FR-04-1146<\/a>), avec vos repas tir\u00e9s du sac<br \/>\nPossibilit\u00e9 de faire 3 autres cols en partant de Barr\u00eame :<br \/>\n<a class=\"iframe-fancybox\" href=\"https:\/\/centcols.org\/backup\/util\/geo\/visuFR.php?code=FR-04-0800\" target=\"_blank\">FR-04-0800<\/a> La Coulette<br \/>\n<a class=\"iframe-fancybox\" href=\"https:\/\/centcols.org\/backup\/util\/geo\/visuFR.php?code=FR-04-0982\" target=\"_blank\">FR-04-0982<\/a> Col de la Pierre Plant\u00e9e<br \/>\n<a class=\"iframe-fancybox\" href=\"https:\/\/centcols.org\/backup\/util\/geo\/visuFR.php?code=FR-04-1170c\" target=\"_blank\">FR-04-1170c<\/a> col du Rabinat.<br \/>\nSortie annul\u00e9e en cas de mauvais temps<\/p>\n<h3>Contact<\/h3>\n<p>Jean Bernauer <a href=\"&#109;&#97;&#105;&#108;&#116;&#111;:j&#101;&#97;&#110;.b&#101;&#114;&#110;au&#101;r&#64;&#102;&#114;ee&#46;&#102;&#114;\">j&#101;an&#46;&#98;&#101;&#114;&#110;a&#117;e&#114;&#64;fr&#101;&#101;&#46;fr<\/a><\/p>\n<p><a href=\"https:\/\/centcols.org\/backup\/wp-content\/uploads\/2015\/04\/ClueRochePerce.jpg\"><img loading=\"lazy\" decoding=\"async\" class=\"alignnone size-medium wp-image-358\" src=\"https:\/\/centcols.org\/backup\/wp-content\/uploads\/2015\/04\/ClueRochePerce-500x375.jpg\" alt=\"ClueRochePerce\" width=\"500\" height=\"375\" srcset=\"https:\/\/centcols.org\/backup\/wp-content\/uploads\/2015\/04\/ClueRochePerce-500x375.jpg 500w, https:\/\/centcols.org\/backup\/wp-content\/uploads\/2015\/04\/ClueRochePerce-600x450.jpg 600w, https:\/\/centcols.org\/backup\/wp-content\/uploads\/2015\/04\/ClueRochePerce.jpg 1000w\" sizes=\"(max-width: 500px) 100vw, 500px\" \/><\/a><\/p>\n","protected":false},"excerpt":{"rendered":"<p>Rendez-vous \u00e0 partir de 12h00 au col des L\u00e9ques (FR-04-1146), avec vos repas tir\u00e9s du sac Possibilit\u00e9 de faire 3 autres cols en partant de Barr\u00eame : FR-04-0800 La Coulette FR-04-0982 Col de la Pierre Plant\u00e9e FR-04-1170c col du Rabinat. Sortie annul\u00e9e en cas de mauvais temps Contact Jean Bernauer<\/p>\n","protected":false},"author":2001,"featured_media":0,"comment_status":"closed","ping_status":"closed","sticky":false,"template":"","format":"standard","meta":{"_acf_changed":false,"ub_ctt_via":"","_monsterinsights_skip_tracking":false,"_monsterinsights_sitenote_active":false,"_monsterinsights_sitenote_note":"","_monsterinsights_sitenote_category":0,"footnotes":""},"categories":[12,7],"tags":[],"acf":[],"featured_image_urls":{"full":"","thumbnail":"","medium":"","medium_large":"","large":"","1536x1536":"","2048x2048":"","woocommerce_thumbnail":"","woocommerce_single":"","woocommerce_gallery_thumbnail":""},"post_excerpt_stackable":"<p>Rendez-vous \u00e0 partir de 12h00 au col des L\u00e9ques (FR-04-1146), avec vos repas tir\u00e9s du sac Possibilit\u00e9 de faire 3 autres cols en partant de Barr\u00eame : FR-04-0800 La Coulette FR-04-0982 Col de la Pierre Plant\u00e9e FR-04-1170c col du Rabinat. Sortie annul\u00e9e en cas de mauvais temps Contact Jean Bernauer j&#101;an&#46;&#98;er&#110;&#97;&#117;e&#114;&#64;f&#114;e&#101;.&#102;r<\/p>\n","category_list":"<a href=\"https:\/\/centcols.org\/backup\/categorie\/rassemblements\/rassemblements-2014\/\" rel=\"category tag\">Les rassemblements de 2014<\/a>, <a href=\"https:\/\/centcols.org\/backup\/categorie\/rassemblements\/\" rel=\"category tag\">Rencontres r\u00e9gionales<\/a>","author_info":{"display_name":"Webmestre","author_link":"https:\/\/centcols.org\/backup\/author\/webmestre\/"},"comments_num":"0 commentaire","featured_image_urls_v2":{"full":"","thumbnail":"","medium":"","medium_large":"","large":"","1536x1536":"","2048x2048":"","woocommerce_thumbnail":"","woocommerce_single":"","woocommerce_gallery_thumbnail":""},"post_excerpt_stackable_v2":"<p>Rendez-vous \u00e0 partir de 12h00 au col des L\u00e9ques (FR-04-1146), avec vos repas tir\u00e9s du sac Possibilit\u00e9 de faire 3 autres cols en partant de Barr\u00eame : FR-04-0800 La Coulette FR-04-0982 Col de la Pierre Plant\u00e9e FR-04-1170c col du Rabinat. Sortie annul\u00e9e en cas de mauvais temps Contact Jean Bernauer j&#101;&#97;n&#46;&#98;ern&#97;&#117;&#101;r&#64;f&#114;ee&#46;fr<\/p>\n","category_list_v2":"<a href=\"https:\/\/centcols.org\/backup\/categorie\/rassemblements\/rassemblements-2014\/\" rel=\"category tag\">Les rassemblements de 2014<\/a>, <a href=\"https:\/\/centcols.org\/backup\/categorie\/rassemblements\/\" rel=\"category tag\">Rencontres r\u00e9gionales<\/a>","author_info_v2":{"name":"Webmestre","url":"https:\/\/centcols.org\/backup\/author\/webmestre\/"},"comments_num_v2":"0 commentaire","featured_image_src":null,"_links":{"self":[{"href":"https:\/\/centcols.org\/backup\/wp-json\/wp\/v2\/posts\/357"}],"collection":[{"href":"https:\/\/centcols.org\/backup\/wp-json\/wp\/v2\/posts"}],"about":[{"href":"https:\/\/centcols.org\/backup\/wp-json\/wp\/v2\/types\/post"}],"author":[{"embeddable":true,"href":"https:\/\/centcols.org\/backup\/wp-json\/wp\/v2\/users\/2001"}],"replies":[{"embeddable":true,"href":"https:\/\/centcols.org\/backup\/wp-json\/wp\/v2\/comments?post=357"}],"version-history":[{"count":0,"href":"https:\/\/centcols.org\/backup\/wp-json\/wp\/v2\/posts\/357\/revisions"}],"wp:attachment":[{"href":"https:\/\/centcols.org\/backup\/wp-json\/wp\/v2\/media?parent=357"}],"wp:term":[{"taxonomy":"category","embeddable":true,"href":"https:\/\/centcols.org\/backup\/wp-json\/wp\/v2\/categories?post=357"},{"taxonomy":"post_tag","embeddable":true,"href":"https:\/\/centcols.org\/backup\/wp-json\/wp\/v2\/tags?post=357"}],"curies":[{"name":"wp","href":"https:\/\/api.w.org\/{rel}","templated":true}]}}