{"id":359,"date":"2015-04-14T17:06:30","date_gmt":"2015-04-14T15:06:30","guid":{"rendered":"http:\/\/centcols.org\/backup\/?p=359"},"modified":"2015-06-09T11:23:17","modified_gmt":"2015-06-09T09:23:17","slug":"concentration-2014-col-sauvages","status":"publish","type":"post","link":"https:\/\/centcols.org\/backup\/concentration-2014-col-sauvages\/","title":{"rendered":"Concentration r\u00e9gionale Massif Central Est Col des Sauvages, dimanche 21 septembre 2014"},"content":{"rendered":"<h2>Pr\u00e9sentation et parcours<\/h2>\n<p>Tr\u00e8s souvent le col franchi porte le nom du hameau situ\u00e9 juste en dessous , un peu moins souvent il porte le nom de la commune sur le territoire de laquelle il se trouve. Plus rarement le col est le lieu ou se trouve le centre du village, tel le col de Matafelon ( 01-0475) , le col du Pertuis (43-1026) ou\u00a0 le col de Burdignes (42-0891) o\u00f9 s\u2019est tenue la concentration Massif central Est l\u2019an pass\u00e9. En Ard\u00e8che le village de M\u00e9zilhac, sans doute est il le seul (?) domine son col \u00e9ponyme bien connu des amoureux de l\u2019Ard\u00e9choise<\/p>\n<p>Je propose de nous retrouver le dimanche 21 septembre \u00e0 l\u2019un de ces cols villages au col des Sauvages (<a class=\"iframe-fancybox\" href=\"https:\/\/centcols.org\/backup\/util\/geo\/visuFR.php?code=FR-69-0723\" target=\"_blank\">69-0723<\/a>) ce passage se trouvant de plus sur la ligne de partage des eaux Atlantique-M\u00e9dit\u00e9ran\u00e9e et donc sur le parcours de la randonn\u00e9e permanente 100 cols sur la ligne de partage des eaux<\/p>\n<p>Rendez vous de 11h \u00e0 14 h30 sur l\u2019aire de pique nique, 200 m \u00e0 droite avant le panneau du col en arrivant de Tarare pour partager le pain et le fromage dans la plus grande tradition du club des cent cols<\/p>\n<p>Deux parcours routiers de 70 km environ chacun et comptant tous les deux 10 cols vous sont propos\u00e9s<br \/>\nUn seul col muletier, 6km AR, hors parcours : Le col (<a class=\"iframe-fancybox\" href=\"https:\/\/centcols.org\/backup\/util\/geo\/visuFR.php?code=FR-69-0679\" target=\"_blank\">69-0679<\/a>) (et encore avec un passage tr\u00e8s court en R3) Ne vous incitera pas \u00e0 vous munir d\u2019un VTT .<br \/>\nRencontre annul\u00e9e en cas de mauvais temps<\/p>\n<h2>Circuits propos\u00e9s<\/h2>\n<p>SUD : <a href=\"http:\/\/www.openrunner.com\/index.php?id=3689645\" target=\"_blank\">http:\/\/www.openrunner.com\/index.php?id=3689645<\/a><br \/>\nNORD : <a href=\"http:\/\/www.openrunner.com\/index.php?id=3698618\" target=\"_blank\">http:\/\/www.openrunner.com\/index.php?id=3698618<\/a><\/p>\n<h3>Contact<\/h3>\n<p>Philippe CHAZOTTIER : <a href=\"mailto:&#112;&#99;h&#97;z&#111;&#116;tier&#64;&#119;&#97;&#110;ad&#111;o.fr\">pc&#104;&#97;&#122;o&#116;&#116;&#105;&#101;r&#64;wana&#100;o&#111;&#46;fr<\/a><\/p>\n","protected":false},"excerpt":{"rendered":"<p>Pr\u00e9sentation et parcours Tr\u00e8s souvent le col franchi porte le nom du hameau situ\u00e9 juste en dessous , un peu moins souvent il porte le nom de la commune sur le territoire de laquelle il se trouve. Plus rarement le col est le lieu ou se trouve le centre du village, tel le col de [&hellip;]<\/p>\n","protected":false},"author":2001,"featured_media":0,"comment_status":"closed","ping_status":"closed","sticky":false,"template":"","format":"standard","meta":{"_acf_changed":false,"ub_ctt_via":"","_monsterinsights_skip_tracking":false,"_monsterinsights_sitenote_active":false,"_monsterinsights_sitenote_note":"","_monsterinsights_sitenote_category":0,"footnotes":""},"categories":[12,7],"tags":[],"acf":[],"featured_image_urls":{"full":"","thumbnail":"","medium":"","medium_large":"","large":"","1536x1536":"","2048x2048":"","woocommerce_thumbnail":"","woocommerce_single":"","woocommerce_gallery_thumbnail":""},"post_excerpt_stackable":"<p>Pr\u00e9sentation et parcours Tr\u00e8s souvent le col franchi porte le nom du hameau situ\u00e9 juste en dessous , un peu moins souvent il porte le nom de la commune sur le territoire de laquelle il se trouve. Plus rarement le col est le lieu ou se trouve le centre du village, tel le col de Matafelon ( 01-0475) , le col du Pertuis (43-1026) ou\u00a0 le col de Burdignes (42-0891) o\u00f9 s\u2019est tenue la concentration Massif central Est l\u2019an pass\u00e9. En Ard\u00e8che le village de M\u00e9zilhac, sans doute est il le seul (?) domine son col \u00e9ponyme bien connu des\u2026<\/p>\n","category_list":"<a href=\"https:\/\/centcols.org\/backup\/categorie\/rassemblements\/rassemblements-2014\/\" rel=\"category tag\">Les rassemblements de 2014<\/a>, <a href=\"https:\/\/centcols.org\/backup\/categorie\/rassemblements\/\" rel=\"category tag\">Rencontres r\u00e9gionales<\/a>","author_info":{"display_name":"Webmestre","author_link":"https:\/\/centcols.org\/backup\/author\/webmestre\/"},"comments_num":"0 commentaire","featured_image_urls_v2":{"full":"","thumbnail":"","medium":"","medium_large":"","large":"","1536x1536":"","2048x2048":"","woocommerce_thumbnail":"","woocommerce_single":"","woocommerce_gallery_thumbnail":""},"post_excerpt_stackable_v2":"<p>Pr\u00e9sentation et parcours Tr\u00e8s souvent le col franchi porte le nom du hameau situ\u00e9 juste en dessous , un peu moins souvent il porte le nom de la commune sur le territoire de laquelle il se trouve. Plus rarement le col est le lieu ou se trouve le centre du village, tel le col de Matafelon ( 01-0475) , le col du Pertuis (43-1026) ou\u00a0 le col de Burdignes (42-0891) o\u00f9 s\u2019est tenue la concentration Massif central Est l\u2019an pass\u00e9. En Ard\u00e8che le village de M\u00e9zilhac, sans doute est il le seul (?) domine son col \u00e9ponyme bien connu des\u2026<\/p>\n","category_list_v2":"<a href=\"https:\/\/centcols.org\/backup\/categorie\/rassemblements\/rassemblements-2014\/\" rel=\"category tag\">Les rassemblements de 2014<\/a>, <a href=\"https:\/\/centcols.org\/backup\/categorie\/rassemblements\/\" rel=\"category tag\">Rencontres r\u00e9gionales<\/a>","author_info_v2":{"name":"Webmestre","url":"https:\/\/centcols.org\/backup\/author\/webmestre\/"},"comments_num_v2":"0 commentaire","featured_image_src":null,"_links":{"self":[{"href":"https:\/\/centcols.org\/backup\/wp-json\/wp\/v2\/posts\/359"}],"collection":[{"href":"https:\/\/centcols.org\/backup\/wp-json\/wp\/v2\/posts"}],"about":[{"href":"https:\/\/centcols.org\/backup\/wp-json\/wp\/v2\/types\/post"}],"author":[{"embeddable":true,"href":"https:\/\/centcols.org\/backup\/wp-json\/wp\/v2\/users\/2001"}],"replies":[{"embeddable":true,"href":"https:\/\/centcols.org\/backup\/wp-json\/wp\/v2\/comments?post=359"}],"version-history":[{"count":0,"href":"https:\/\/centcols.org\/backup\/wp-json\/wp\/v2\/posts\/359\/revisions"}],"wp:attachment":[{"href":"https:\/\/centcols.org\/backup\/wp-json\/wp\/v2\/media?parent=359"}],"wp:term":[{"taxonomy":"category","embeddable":true,"href":"https:\/\/centcols.org\/backup\/wp-json\/wp\/v2\/categories?post=359"},{"taxonomy":"post_tag","embeddable":true,"href":"https:\/\/centcols.org\/backup\/wp-json\/wp\/v2\/tags?post=359"}],"curies":[{"name":"wp","href":"https:\/\/api.w.org\/{rel}","templated":true}]}}